{"id":11622,"date":"2018-01-19T00:00:00","date_gmt":"2018-01-18T23:00:00","guid":{"rendered":"http:\/\/web-server-devel.mgc.es\/la-mutua-al-gran-concert-de-simfonova-al-gran-teatre-del-liceu\/"},"modified":"2021-03-10T17:00:47","modified_gmt":"2021-03-10T16:00:47","slug":"la-mutua-al-gran-concert-de-simfonova-al-gran-teatre-del-liceu","status":"publish","type":"post","link":"https:\/\/www.mgc.es\/ca\/blog\/la-mutua-al-gran-concert-de-simfonova-al-gran-teatre-del-liceu\/","title":{"rendered":"La M\u00fatua al gran concert de Simfonova al Gran Teatre del Liceu"},"content":{"rendered":"<p><img loading=\"lazy\" decoding=\"async\" class=\"aligncenter size-full wp-image-4271\" src=\"https:\/\/www.mgc.es\/wp-content\/uploads\/2018\/01\/mutua_liceu_15.jpg\" alt=\"\" width=\"2048\" height=\"1365\"><\/p>\n<p>Un dels objectius de la M\u00fatua General de Catalunya \u00e9s recolzar els nostres mutualistes quan m\u00e9s ens necessitin, per\u00f2 tamb\u00e9 compartir amb ells els bons moments de la vida i aportar-los&nbsp; experi\u00e8ncies satisfact\u00f2ries i gaudir-ne junts.<!--more--><\/p>\n<p>Amb aquesta filosofia la M\u00fatua ha posat en marxa diverses accions entre les quals figuren els concerts de Simfonova, un espectacle amb el que volem, de la ma del Marcel Gorgori, donar als nostres mutualistes i col\u00b7laboradors, l\u2019oportunitat de gaudir d\u2019una composici\u00f3 \u00fanica de m\u00fasica simf\u00f2nica i \u00f2pera que s\u2019est\u00e0 exhibint pels teatres i auditoris m\u00e9s importants de Catalunya.<\/p>\n<p>\u00c9s una activitat que realment val la pena i que transmet moltes de les emocions que subscrivim institucionalment, com s\u00f3n la il\u00b7lusi\u00f3, la complicitat, l\u2019emoci\u00f3, la proximitat&#8230;El concert que es va celebrar el passat 17 de gener al Gran Teatre del Liceu de Barcelona, amb un \u00e8xit&nbsp; aclaparador, en va ser una bona mostra. Com ens transmet una mutualista que va assistir al concert: \u201cVa ser perfecte, tot i que va haver un petit inconvenient, se\u2019ns va fer una mica curt&#8230;\u201d<\/p>\n\n<p>Trobareu m\u00e9s imatges a <a href=\"https:\/\/www.facebook.com\/pg\/mutuageneraldecatalunya\/photos\/?tab=album&amp;album_id=1987601547923361\">Facebook<\/a>.<\/p>\n","protected":false},"excerpt":{"rendered":"<p>Un dels objectius de la M\u00fatua General de Catalunya \u00e9s recolzar els nostres mutualistes quan m\u00e9s ens necessitin, per\u00f2 tamb\u00e9 compartir amb ells els bons moments de la vida i aportar-los  experi\u00e8ncies satisfact\u00f2ries i gaudir-ne junts.<\/p>\n","protected":false},"author":3,"featured_media":14287,"comment_status":"open","ping_status":"open","sticky":false,"template":"","format":"standard","meta":{"footnotes":""},"categories":[11],"tags":[],"class_list":["post-11622","post","type-post","status-publish","format-standard","has-post-thumbnail","hentry","category-actualitat"],"featured_image_src":"https:\/\/www.mgc.es\/wp-content\/uploads\/2019\/11\/mutua_liceu_15.jpg","author_info":{"display_name":"Revista Inter\u00e8s Mutu","author_link":"https:\/\/www.mgc.es\/ca\/blog\/author\/interesmutu\/"},"yoast_head":"<!-- This site is optimized with the Yoast SEO plugin v27.2 - https:\/\/yoast.com\/product\/yoast-seo-wordpress\/ -->\n<title>La M\u00fatua al gran concert de Simfonova al Gran Teatre del Liceu - MGC M\u00fatua<\/title>\n<meta name=\"robots\" content=\"index, follow, max-snippet:-1, max-image-preview:large, max-video-preview:-1\" \/>\n<link rel=\"canonical\" href=\"https:\/\/www.mgc.es\/ca\/blog\/la-mutua-al-gran-concert-de-simfonova-al-gran-teatre-del-liceu\/\" \/>\n<meta property=\"og:locale\" content=\"ca_ES\" \/>\n<meta property=\"og:type\" content=\"article\" \/>\n<meta property=\"og:title\" content=\"La M\u00fatua al gran concert de Simfonova al Gran Teatre del Liceu - MGC M\u00fatua\" \/>\n<meta property=\"og:description\" content=\"Un dels objectius de la M\u00fatua General de Catalunya \u00e9s recolzar els nostres mutualistes quan m\u00e9s ens necessitin, per\u00f2 tamb\u00e9 compartir amb ells els bons moments de la vida i aportar-los experi\u00e8ncies satisfact\u00f2ries i gaudir-ne junts.\" \/>\n<meta property=\"og:url\" content=\"https:\/\/www.mgc.es\/ca\/blog\/la-mutua-al-gran-concert-de-simfonova-al-gran-teatre-del-liceu\/\" \/>\n<meta property=\"og:site_name\" content=\"MGC M\u00fatua\" \/>\n<meta property=\"article:publisher\" content=\"https:\/\/www.facebook.com\/mgcmutua\" \/>\n<meta property=\"article:published_time\" content=\"2018-01-18T23:00:00+00:00\" \/>\n<meta property=\"article:modified_time\" content=\"2021-03-10T16:00:47+00:00\" \/>\n<meta property=\"og:image\" content=\"https:\/\/www.mgc.es\/wp-content\/uploads\/2019\/11\/mutua_liceu_15.jpg\" \/>\n\t<meta property=\"og:image:width\" content=\"2048\" \/>\n\t<meta property=\"og:image:height\" content=\"1365\" \/>\n\t<meta property=\"og:image:type\" content=\"image\/jpeg\" \/>\n<meta name=\"author\" content=\"Revista Inter\u00e8s Mutu\" \/>\n<meta name=\"twitter:card\" content=\"summary_large_image\" \/>\n<meta name=\"twitter:creator\" content=\"@mgcmutua\" \/>\n<meta name=\"twitter:site\" content=\"@mgcmutua\" \/>\n<meta name=\"twitter:label1\" content=\"Escrit per\" \/>\n\t<meta name=\"twitter:data1\" content=\"Revista Inter\u00e8s Mutu\" \/>\n\t<meta name=\"twitter:label2\" content=\"Temps estimat de lectura\" \/>\n\t<meta name=\"twitter:data2\" content=\"3 minuts\" \/>\n<!-- \/ Yoast SEO plugin. -->","yoast_head_json":{"title":"La M\u00fatua al gran concert de Simfonova al Gran Teatre del Liceu - MGC M\u00fatua","robots":{"index":"index","follow":"follow","max-snippet":"max-snippet:-1","max-image-preview":"max-image-preview:large","max-video-preview":"max-video-preview:-1"},"canonical":"https:\/\/www.mgc.es\/ca\/blog\/la-mutua-al-gran-concert-de-simfonova-al-gran-teatre-del-liceu\/","og_locale":"ca_ES","og_type":"article","og_title":"La M\u00fatua al gran concert de Simfonova al Gran Teatre del Liceu - MGC M\u00fatua","og_description":"Un dels objectius de la M\u00fatua General de Catalunya \u00e9s recolzar els nostres mutualistes quan m\u00e9s ens necessitin, per\u00f2 tamb\u00e9 compartir amb ells els bons moments de la vida i aportar-los experi\u00e8ncies satisfact\u00f2ries i gaudir-ne junts.","og_url":"https:\/\/www.mgc.es\/ca\/blog\/la-mutua-al-gran-concert-de-simfonova-al-gran-teatre-del-liceu\/","og_site_name":"MGC M\u00fatua","article_publisher":"https:\/\/www.facebook.com\/mgcmutua","article_published_time":"2018-01-18T23:00:00+00:00","article_modified_time":"2021-03-10T16:00:47+00:00","og_image":[{"width":2048,"height":1365,"url":"https:\/\/www.mgc.es\/wp-content\/uploads\/2019\/11\/mutua_liceu_15.jpg","type":"image\/jpeg"}],"author":"Revista Inter\u00e8s Mutu","twitter_card":"summary_large_image","twitter_creator":"@mgcmutua","twitter_site":"@mgcmutua","twitter_misc":{"Escrit per":"Revista Inter\u00e8s Mutu","Temps estimat de lectura":"3 minuts"},"schema":{"@context":"https:\/\/schema.org","@graph":[{"@type":["Article","BlogPosting"],"@id":"https:\/\/www.mgc.es\/ca\/blog\/la-mutua-al-gran-concert-de-simfonova-al-gran-teatre-del-liceu\/#article","isPartOf":{"@id":"https:\/\/www.mgc.es\/ca\/blog\/la-mutua-al-gran-concert-de-simfonova-al-gran-teatre-del-liceu\/"},"author":{"name":"Revista Inter\u00e8s Mutu","@id":"https:\/\/www.mgc.es\/#\/schema\/person\/010c961d9c9acf38f11187a02b646c16"},"headline":"La M\u00fatua al gran concert de Simfonova al Gran Teatre del Liceu","datePublished":"2018-01-18T23:00:00+00:00","dateModified":"2021-03-10T16:00:47+00:00","mainEntityOfPage":{"@id":"https:\/\/www.mgc.es\/ca\/blog\/la-mutua-al-gran-concert-de-simfonova-al-gran-teatre-del-liceu\/"},"wordCount":660,"commentCount":0,"publisher":{"@id":"https:\/\/www.mgc.es\/#organization"},"image":{"@id":"https:\/\/www.mgc.es\/ca\/blog\/la-mutua-al-gran-concert-de-simfonova-al-gran-teatre-del-liceu\/#primaryimage"},"thumbnailUrl":"https:\/\/www.mgc.es\/wp-content\/uploads\/2019\/11\/mutua_liceu_15.jpg","articleSection":["Actualitat M\u00fatua"],"inLanguage":"ca","potentialAction":[{"@type":"CommentAction","name":"Comment","target":["https:\/\/www.mgc.es\/ca\/blog\/la-mutua-al-gran-concert-de-simfonova-al-gran-teatre-del-liceu\/#respond"]}]},{"@type":["WebPage","ItemPage"],"@id":"https:\/\/www.mgc.es\/ca\/blog\/la-mutua-al-gran-concert-de-simfonova-al-gran-teatre-del-liceu\/","url":"https:\/\/www.mgc.es\/ca\/blog\/la-mutua-al-gran-concert-de-simfonova-al-gran-teatre-del-liceu\/","name":"La M\u00fatua al gran concert de Simfonova al Gran Teatre del Liceu - MGC M\u00fatua","isPartOf":{"@id":"https:\/\/www.mgc.es\/#website"},"primaryImageOfPage":{"@id":"https:\/\/www.mgc.es\/ca\/blog\/la-mutua-al-gran-concert-de-simfonova-al-gran-teatre-del-liceu\/#primaryimage"},"image":{"@id":"https:\/\/www.mgc.es\/ca\/blog\/la-mutua-al-gran-concert-de-simfonova-al-gran-teatre-del-liceu\/#primaryimage"},"thumbnailUrl":"https:\/\/www.mgc.es\/wp-content\/uploads\/2019\/11\/mutua_liceu_15.jpg","datePublished":"2018-01-18T23:00:00+00:00","dateModified":"2021-03-10T16:00:47+00:00","breadcrumb":{"@id":"https:\/\/www.mgc.es\/ca\/blog\/la-mutua-al-gran-concert-de-simfonova-al-gran-teatre-del-liceu\/#breadcrumb"},"inLanguage":"ca","potentialAction":[{"@type":"ReadAction","target":["https:\/\/www.mgc.es\/ca\/blog\/la-mutua-al-gran-concert-de-simfonova-al-gran-teatre-del-liceu\/"]}]},{"@type":"ImageObject","inLanguage":"ca","@id":"https:\/\/www.mgc.es\/ca\/blog\/la-mutua-al-gran-concert-de-simfonova-al-gran-teatre-del-liceu\/#primaryimage","url":"https:\/\/www.mgc.es\/wp-content\/uploads\/2019\/11\/mutua_liceu_15.jpg","contentUrl":"https:\/\/www.mgc.es\/wp-content\/uploads\/2019\/11\/mutua_liceu_15.jpg","width":2048,"height":1365},{"@type":"BreadcrumbList","@id":"https:\/\/www.mgc.es\/ca\/blog\/la-mutua-al-gran-concert-de-simfonova-al-gran-teatre-del-liceu\/#breadcrumb","itemListElement":[{"@type":"ListItem","position":1,"name":"Home","item":"https:\/\/www.mgc.es\/ca\/"},{"@type":"ListItem","position":2,"name":"La M\u00fatua al gran concert de Simfonova al Gran Teatre del Liceu"}]},{"@type":"WebSite","@id":"https:\/\/www.mgc.es\/#website","url":"https:\/\/www.mgc.es\/","name":"MGC M\u00fatua","description":"MGC M\u00fatua \u00e9s una entitat asseguradora sense \u00e0nim de lucre constitu\u00efda al 1982 i especialitzada en assegurances de salut i assist\u00e8ncia.","publisher":{"@id":"https:\/\/www.mgc.es\/#organization"},"alternateName":"MGC","potentialAction":[{"@type":"SearchAction","target":{"@type":"EntryPoint","urlTemplate":"https:\/\/www.mgc.es\/?s={search_term_string}"},"query-input":{"@type":"PropertyValueSpecification","valueRequired":true,"valueName":"search_term_string"}}],"inLanguage":"ca"},{"@type":"Organization","@id":"https:\/\/www.mgc.es\/#organization","name":"MGC Mutua","alternateName":"MGC","url":"https:\/\/www.mgc.es\/","logo":{"@type":"ImageObject","inLanguage":"ca","@id":"https:\/\/www.mgc.es\/#\/schema\/logo\/image\/","url":"https:\/\/www.mgc.es\/wp-content\/uploads\/2020\/03\/mgcmutua_h2_2t_reduccions.png","contentUrl":"https:\/\/www.mgc.es\/wp-content\/uploads\/2020\/03\/mgcmutua_h2_2t_reduccions.png","width":303,"height":165,"caption":"MGC Mutua"},"image":{"@id":"https:\/\/www.mgc.es\/#\/schema\/logo\/image\/"},"sameAs":["https:\/\/www.facebook.com\/mgcmutua","https:\/\/x.com\/mgcmutua","https:\/\/www.youtube.com\/c\/MGCMutua"]},{"@type":"Person","@id":"https:\/\/www.mgc.es\/#\/schema\/person\/010c961d9c9acf38f11187a02b646c16","name":"Revista Inter\u00e8s Mutu","image":{"@type":"ImageObject","inLanguage":"ca","@id":"https:\/\/secure.gravatar.com\/avatar\/52302d684339b9d7bf5691e2ad00835d62ce3b4a435f21ca9f21fbe39c63cb1b?s=96&d=mm&r=g","url":"https:\/\/secure.gravatar.com\/avatar\/52302d684339b9d7bf5691e2ad00835d62ce3b4a435f21ca9f21fbe39c63cb1b?s=96&d=mm&r=g","contentUrl":"https:\/\/secure.gravatar.com\/avatar\/52302d684339b9d7bf5691e2ad00835d62ce3b4a435f21ca9f21fbe39c63cb1b?s=96&d=mm&r=g","caption":"Revista Inter\u00e8s Mutu"}}]}},"_links":{"self":[{"href":"https:\/\/www.mgc.es\/ca\/wp-json\/wp\/v2\/posts\/11622","targetHints":{"allow":["GET"]}}],"collection":[{"href":"https:\/\/www.mgc.es\/ca\/wp-json\/wp\/v2\/posts"}],"about":[{"href":"https:\/\/www.mgc.es\/ca\/wp-json\/wp\/v2\/types\/post"}],"author":[{"embeddable":true,"href":"https:\/\/www.mgc.es\/ca\/wp-json\/wp\/v2\/users\/3"}],"replies":[{"embeddable":true,"href":"https:\/\/www.mgc.es\/ca\/wp-json\/wp\/v2\/comments?post=11622"}],"version-history":[{"count":2,"href":"https:\/\/www.mgc.es\/ca\/wp-json\/wp\/v2\/posts\/11622\/revisions"}],"predecessor-version":[{"id":21046,"href":"https:\/\/www.mgc.es\/ca\/wp-json\/wp\/v2\/posts\/11622\/revisions\/21046"}],"wp:featuredmedia":[{"embeddable":true,"href":"https:\/\/www.mgc.es\/ca\/wp-json\/wp\/v2\/media\/14287"}],"wp:attachment":[{"href":"https:\/\/www.mgc.es\/ca\/wp-json\/wp\/v2\/media?parent=11622"}],"wp:term":[{"taxonomy":"category","embeddable":true,"href":"https:\/\/www.mgc.es\/ca\/wp-json\/wp\/v2\/categories?post=11622"},{"taxonomy":"post_tag","embeddable":true,"href":"https:\/\/www.mgc.es\/ca\/wp-json\/wp\/v2\/tags?post=11622"}],"curies":[{"name":"wp","href":"https:\/\/api.w.org\/{rel}","templated":true}]}}