{"id":11603,"date":"2017-11-02T00:00:00","date_gmt":"2017-11-01T23:00:00","guid":{"rendered":"http:\/\/web-server-devel.mgc.es\/la-fundacio-mutua-general-de-catalunya-i-la-prevencio-de-la-malaltia\/"},"modified":"2019-11-22T12:42:50","modified_gmt":"2019-11-22T11:42:50","slug":"la-fundacio-mutua-general-de-catalunya-i-la-prevencio-de-la-malaltia","status":"publish","type":"post","link":"https:\/\/www.mgc.es\/ca\/blog\/la-fundacio-mutua-general-de-catalunya-i-la-prevencio-de-la-malaltia\/","title":{"rendered":"La Fundaci\u00f3 M\u00fatua General de Catalunya i la prevenci\u00f3 de la malaltia"},"content":{"rendered":"<div id=\"ez-toc-container\" class=\"ez-toc-v2_0_82_1 counter-hierarchy ez-toc-counter ez-toc-custom ez-toc-container-direction\">\n<div class=\"ez-toc-title-container\"><p class=\"ez-toc-title\" style=\"cursor:inherit\">\u00cdndex de continguts<\/p>\n<\/div><nav><ul class='ez-toc-list ez-toc-list-level-1 ' ><li class='ez-toc-page-1 ez-toc-heading-level-2'><a class=\"ez-toc-link ez-toc-heading-1\" href=\"https:\/\/www.mgc.es\/ca\/blog\/la-fundacio-mutua-general-de-catalunya-i-la-prevencio-de-la-malaltia\/#Programes_de_medicina_preventiva\" >Programes de medicina preventiva<\/a><\/li><li class='ez-toc-page-1 ez-toc-heading-level-2'><a class=\"ez-toc-link ez-toc-heading-2\" href=\"https:\/\/www.mgc.es\/ca\/blog\/la-fundacio-mutua-general-de-catalunya-i-la-prevencio-de-la-malaltia\/#Difusio_formativa_de_la_salut_i_els_habits_que_la_fomenten_xerrades_saludables\" >Difusi\u00f3 formativa de la salut i els h\u00e0bits que la fomenten: xerrades saludables<\/a><\/li><\/ul><\/nav><\/div>\n<p><img loading=\"lazy\" decoding=\"async\" class=\"aligncenter size-full wp-image-3994\" src=\"https:\/\/www.mgc.es\/wp-content\/uploads\/2017\/11\/fundacio-mgc.jpg\" alt=\"\" width=\"1000\" height=\"300\" \/><\/p>\n<p>La Fundaci\u00f3 M\u00fatua General de Catalunya es va constituir el 1996, promoguda per la M\u00fatua General de Catalunya, i est\u00e0 dirigida pel Patronat. Des dels seus inicis, el principal prop\u00f2sit de la Fundaci\u00f3 M\u00fatua General de Catalunya ha estat el foment de la previsi\u00f3 social i de la salut en tots els seus vessants i qualsevol altre fi d&#8217;inter\u00e8s general. La Fundaci\u00f3 M\u00fatua General de Catalunya promou diferents programes de medicina preventiva oberts a tota la societat i organitza acciones de car\u00e0cter divulgatiu com les Xerrades Saludables.<!--more--><\/p>\n<p>Despr\u00e9s de m\u00e9s d\u2019una d\u00e8cada d\u2019exist\u00e8ncia, per\u00edode durant el qual la Fundaci\u00f3, d\u2019acord amb el seu objectiu fundacional, ha portat a terme diferents activitats d\u2019inter\u00e8s general (serveis assistencials, patrocini d\u2019actuacions culturals i projectes solidaris, organitzaci\u00f3 d\u2019iniciatives dirigides a difondre diferents aspectes relacionats amb la prevenci\u00f3 de la salut), el seu Patronat va acordar potenciar els serveis assistencials oferts per l\u2019entitat<\/p>\n<p>&nbsp;<\/p>\n<h2><img loading=\"lazy\" decoding=\"async\" class=\"aligncenter size-full wp-image-3995\" src=\"https:\/\/www.mgc.es\/wp-content\/uploads\/2017\/11\/metge-fundacio.jpg\" alt=\"\" width=\"1000\" height=\"667\" \/><\/h2>\n<h2><span class=\"ez-toc-section\" id=\"Programes_de_medicina_preventiva\"><\/span><strong>Programes de medicina preventiva<\/strong><span class=\"ez-toc-section-end\"><\/span><\/h2>\n<p>L\u2019any 1998, la Generalitat de Catalunya va concedir a la Fundaci\u00f3 el &#8220;Reconeixement d\u2019Inter\u00e8s Sanitari&#8221; per les seves activitats d\u2019establiment, manteniment i actualitzaci\u00f3 de programes de promoci\u00f3, tutela i prevenci\u00f3 de la salut, \u00fatils, de qualitat i accessibles a tota la societat. El camp de la prevenci\u00f3 de la malaltia \u00e9s la principal ra\u00f3 de ser de la Fundaci\u00f3. A la Unitat de Medicina Preventiva, ubicada al Centre M\u00e8dic M\u00fatua General de Catalunya, estan a disposici\u00f3 de tota la societat\u00a0 programes destinats a prevenir la malaltia. Els diferents <a href=\"http:\/\/centremedic.mgc.es\/especialitats\/unitat-de-medicina-preventiva\/\">programes preventius<\/a> s\u00f3n:<\/p>\n<ul>\n<li>Pla Personalitzat Salut<\/li>\n<li>Pla Preventiu Plus<\/li>\n<li>Podologia preventiva<\/li>\n<li>Biomec\u00e0nica de la marxa<\/li>\n<li>Control greix abdominal<\/li>\n<li>Despistatge apnea del son<\/li>\n<li>Salut de la retina<\/li>\n<li>Hipertensi\u00f3 arterial<\/li>\n<li>Ar\u00edtmies card\u00edaques<\/li>\n<li>Pacient diab\u00e8tic<\/li>\n<\/ul>\n<h2><img loading=\"lazy\" decoding=\"async\" class=\"aligncenter size-full wp-image-3999\" src=\"https:\/\/www.mgc.es\/wp-content\/uploads\/2017\/11\/xerrada-obesitat-nuria-paredes.jpg\" alt=\"\" width=\"640\" height=\"360\" \/><\/h2>\n<h2><span class=\"ez-toc-section\" id=\"Difusio_formativa_de_la_salut_i_els_habits_que_la_fomenten_xerrades_saludables\"><\/span><strong>Difusi\u00f3 formativa de la salut i els h\u00e0bits que la fomenten: xerrades saludables<\/strong><span class=\"ez-toc-section-end\"><\/span><\/h2>\n<p>Diversos cops a l\u2019any, s&#8217;organitzen confer\u00e8ncies en qu\u00e8 es tracten els temes centrals dels programes de prevenci\u00f3 i d\u2019altres temes d\u2019inter\u00e8s relacionats amb la salut. Aquestes confer\u00e8ncies, que s\u2019emmarquen en el que anomenem \u00abXerrades Saludables\u00bb, s&#8217;ofereixen arreu del territori, en les diferents oficines de la M\u00fatua com a servei de l&#8217;Espai M\u00fatua Salut. Les \u00abXerrades Saludables\u00bb han aconseguit \u00e8xit d\u2019assist\u00e8ncia i una gran acollida i acceptaci\u00f3 gr\u00e0cies als ponents, grans experts en les seves mat\u00e8ries.<\/p>\n<p>La recerca i selecci\u00f3 dels temes es defineix en funci\u00f3 de l\u2019actualitat m\u00e8dica i tenint molt presents les inquietuds d\u2019informaci\u00f3 i de prevenci\u00f3 de la salut de la poblaci\u00f3. Els ponents busquen establir una complicitat amb els assistents i captar-ne l\u2019atenci\u00f3 ja que, en major o menor mesura, tothom es pot sentir identificat amb els temes escollits. La vessant divulgativa i de foment d\u2019h\u00e0bits saludables \u00e9s l\u2019objectiu principal, en la mesura que es pret\u00e9n proporcionar coneixements molt pr\u00e0ctics d\u2019aspectes de la salut que no sempre estan a l\u2019abast de tothom o que simplement desconeixem.<\/p>\n<p><strong>\u00a0<\/strong><\/p>\n<p>&nbsp;<\/p>\n","protected":false},"excerpt":{"rendered":"<p>La Fundaci\u00f3 M\u00fatua General de Catalunya es va constituir el 1996, promoguda per la M\u00fatua General de Catalunya, i est\u00e0 dirigida pel Patronat. Des dels seus inicis, el principal prop\u00f2sit de la Fundaci\u00f3 M\u00fatua General de Catalunya ha estat el foment de la previsi\u00f3 social i de la salut.<\/p>\n","protected":false},"author":3,"featured_media":14219,"comment_status":"open","ping_status":"open","sticky":false,"template":"","format":"standard","meta":{"footnotes":""},"categories":[11],"tags":[],"class_list":["post-11603","post","type-post","status-publish","format-standard","has-post-thumbnail","hentry","category-actualitat"],"featured_image_src":"https:\/\/www.mgc.es\/wp-content\/uploads\/2019\/11\/fundacio-mgc.jpg","author_info":{"display_name":"Revista Inter\u00e8s Mutu","author_link":"https:\/\/www.mgc.es\/ca\/blog\/author\/interesmutu\/"},"yoast_head":"<!-- This site is optimized with the Yoast SEO plugin v27.2 - https:\/\/yoast.com\/product\/yoast-seo-wordpress\/ -->\n<title>La Fundaci\u00f3 M\u00fatua General de Catalunya i la prevenci\u00f3 de la malaltia - MGC M\u00fatua<\/title>\n<meta name=\"robots\" content=\"index, follow, max-snippet:-1, max-image-preview:large, max-video-preview:-1\" \/>\n<link rel=\"canonical\" href=\"https:\/\/www.mgc.es\/ca\/blog\/la-fundacio-mutua-general-de-catalunya-i-la-prevencio-de-la-malaltia\/\" \/>\n<meta property=\"og:locale\" content=\"ca_ES\" \/>\n<meta property=\"og:type\" content=\"article\" \/>\n<meta property=\"og:title\" content=\"La Fundaci\u00f3 M\u00fatua General de Catalunya i la prevenci\u00f3 de la malaltia - MGC M\u00fatua\" \/>\n<meta property=\"og:description\" content=\"La Fundaci\u00f3 M\u00fatua General de Catalunya es va constituir el 1996, promoguda per la M\u00fatua General de Catalunya, i est\u00e0 dirigida pel Patronat. Des dels seus inicis, el principal prop\u00f2sit de la Fundaci\u00f3 M\u00fatua General de Catalunya ha estat el foment de la previsi\u00f3 social i de la salut.\" \/>\n<meta property=\"og:url\" content=\"https:\/\/www.mgc.es\/ca\/blog\/la-fundacio-mutua-general-de-catalunya-i-la-prevencio-de-la-malaltia\/\" \/>\n<meta property=\"og:site_name\" content=\"MGC M\u00fatua\" \/>\n<meta property=\"article:publisher\" content=\"https:\/\/www.facebook.com\/mgcmutua\" \/>\n<meta property=\"article:published_time\" content=\"2017-11-01T23:00:00+00:00\" \/>\n<meta property=\"article:modified_time\" content=\"2019-11-22T11:42:50+00:00\" \/>\n<meta property=\"og:image\" content=\"https:\/\/www.mgc.es\/wp-content\/uploads\/2019\/11\/fundacio-mgc.jpg\" \/>\n\t<meta property=\"og:image:width\" content=\"1000\" \/>\n\t<meta property=\"og:image:height\" content=\"300\" \/>\n\t<meta property=\"og:image:type\" content=\"image\/jpeg\" \/>\n<meta name=\"author\" content=\"Revista Inter\u00e8s Mutu\" \/>\n<meta name=\"twitter:card\" content=\"summary_large_image\" \/>\n<meta name=\"twitter:creator\" content=\"@mgcmutua\" \/>\n<meta name=\"twitter:site\" content=\"@mgcmutua\" \/>\n<meta name=\"twitter:label1\" content=\"Escrit per\" \/>\n\t<meta name=\"twitter:data1\" content=\"Revista Inter\u00e8s Mutu\" \/>\n\t<meta name=\"twitter:label2\" content=\"Temps estimat de lectura\" \/>\n\t<meta name=\"twitter:data2\" content=\"3 minuts\" \/>\n<!-- \/ Yoast SEO plugin. -->","yoast_head_json":{"title":"La Fundaci\u00f3 M\u00fatua General de Catalunya i la prevenci\u00f3 de la malaltia - MGC M\u00fatua","robots":{"index":"index","follow":"follow","max-snippet":"max-snippet:-1","max-image-preview":"max-image-preview:large","max-video-preview":"max-video-preview:-1"},"canonical":"https:\/\/www.mgc.es\/ca\/blog\/la-fundacio-mutua-general-de-catalunya-i-la-prevencio-de-la-malaltia\/","og_locale":"ca_ES","og_type":"article","og_title":"La Fundaci\u00f3 M\u00fatua General de Catalunya i la prevenci\u00f3 de la malaltia - MGC M\u00fatua","og_description":"La Fundaci\u00f3 M\u00fatua General de Catalunya es va constituir el 1996, promoguda per la M\u00fatua General de Catalunya, i est\u00e0 dirigida pel Patronat. Des dels seus inicis, el principal prop\u00f2sit de la Fundaci\u00f3 M\u00fatua General de Catalunya ha estat el foment de la previsi\u00f3 social i de la salut.","og_url":"https:\/\/www.mgc.es\/ca\/blog\/la-fundacio-mutua-general-de-catalunya-i-la-prevencio-de-la-malaltia\/","og_site_name":"MGC M\u00fatua","article_publisher":"https:\/\/www.facebook.com\/mgcmutua","article_published_time":"2017-11-01T23:00:00+00:00","article_modified_time":"2019-11-22T11:42:50+00:00","og_image":[{"width":1000,"height":300,"url":"https:\/\/www.mgc.es\/wp-content\/uploads\/2019\/11\/fundacio-mgc.jpg","type":"image\/jpeg"}],"author":"Revista Inter\u00e8s Mutu","twitter_card":"summary_large_image","twitter_creator":"@mgcmutua","twitter_site":"@mgcmutua","twitter_misc":{"Escrit per":"Revista Inter\u00e8s Mutu","Temps estimat de lectura":"3 minuts"},"schema":{"@context":"https:\/\/schema.org","@graph":[{"@type":["Article","BlogPosting"],"@id":"https:\/\/www.mgc.es\/ca\/blog\/la-fundacio-mutua-general-de-catalunya-i-la-prevencio-de-la-malaltia\/#article","isPartOf":{"@id":"https:\/\/www.mgc.es\/ca\/blog\/la-fundacio-mutua-general-de-catalunya-i-la-prevencio-de-la-malaltia\/"},"author":{"name":"Revista Inter\u00e8s Mutu","@id":"https:\/\/www.mgc.es\/#\/schema\/person\/010c961d9c9acf38f11187a02b646c16"},"headline":"La Fundaci\u00f3 M\u00fatua General de Catalunya i la prevenci\u00f3 de la malaltia","datePublished":"2017-11-01T23:00:00+00:00","dateModified":"2019-11-22T11:42:50+00:00","mainEntityOfPage":{"@id":"https:\/\/www.mgc.es\/ca\/blog\/la-fundacio-mutua-general-de-catalunya-i-la-prevencio-de-la-malaltia\/"},"wordCount":522,"commentCount":0,"publisher":{"@id":"https:\/\/www.mgc.es\/#organization"},"image":{"@id":"https:\/\/www.mgc.es\/ca\/blog\/la-fundacio-mutua-general-de-catalunya-i-la-prevencio-de-la-malaltia\/#primaryimage"},"thumbnailUrl":"https:\/\/www.mgc.es\/wp-content\/uploads\/2019\/11\/fundacio-mgc.jpg","articleSection":["Actualitat M\u00fatua"],"inLanguage":"ca","potentialAction":[{"@type":"CommentAction","name":"Comment","target":["https:\/\/www.mgc.es\/ca\/blog\/la-fundacio-mutua-general-de-catalunya-i-la-prevencio-de-la-malaltia\/#respond"]}]},{"@type":["WebPage","ItemPage"],"@id":"https:\/\/www.mgc.es\/ca\/blog\/la-fundacio-mutua-general-de-catalunya-i-la-prevencio-de-la-malaltia\/","url":"https:\/\/www.mgc.es\/ca\/blog\/la-fundacio-mutua-general-de-catalunya-i-la-prevencio-de-la-malaltia\/","name":"La Fundaci\u00f3 M\u00fatua General de Catalunya i la prevenci\u00f3 de la malaltia - MGC M\u00fatua","isPartOf":{"@id":"https:\/\/www.mgc.es\/#website"},"primaryImageOfPage":{"@id":"https:\/\/www.mgc.es\/ca\/blog\/la-fundacio-mutua-general-de-catalunya-i-la-prevencio-de-la-malaltia\/#primaryimage"},"image":{"@id":"https:\/\/www.mgc.es\/ca\/blog\/la-fundacio-mutua-general-de-catalunya-i-la-prevencio-de-la-malaltia\/#primaryimage"},"thumbnailUrl":"https:\/\/www.mgc.es\/wp-content\/uploads\/2019\/11\/fundacio-mgc.jpg","datePublished":"2017-11-01T23:00:00+00:00","dateModified":"2019-11-22T11:42:50+00:00","breadcrumb":{"@id":"https:\/\/www.mgc.es\/ca\/blog\/la-fundacio-mutua-general-de-catalunya-i-la-prevencio-de-la-malaltia\/#breadcrumb"},"inLanguage":"ca","potentialAction":[{"@type":"ReadAction","target":["https:\/\/www.mgc.es\/ca\/blog\/la-fundacio-mutua-general-de-catalunya-i-la-prevencio-de-la-malaltia\/"]}]},{"@type":"ImageObject","inLanguage":"ca","@id":"https:\/\/www.mgc.es\/ca\/blog\/la-fundacio-mutua-general-de-catalunya-i-la-prevencio-de-la-malaltia\/#primaryimage","url":"https:\/\/www.mgc.es\/wp-content\/uploads\/2019\/11\/fundacio-mgc.jpg","contentUrl":"https:\/\/www.mgc.es\/wp-content\/uploads\/2019\/11\/fundacio-mgc.jpg","width":1000,"height":300},{"@type":"BreadcrumbList","@id":"https:\/\/www.mgc.es\/ca\/blog\/la-fundacio-mutua-general-de-catalunya-i-la-prevencio-de-la-malaltia\/#breadcrumb","itemListElement":[{"@type":"ListItem","position":1,"name":"Home","item":"https:\/\/www.mgc.es\/ca\/"},{"@type":"ListItem","position":2,"name":"La Fundaci\u00f3 M\u00fatua General de Catalunya i la prevenci\u00f3 de la malaltia"}]},{"@type":"WebSite","@id":"https:\/\/www.mgc.es\/#website","url":"https:\/\/www.mgc.es\/","name":"MGC M\u00fatua","description":"MGC M\u00fatua \u00e9s una entitat asseguradora sense \u00e0nim de lucre constitu\u00efda al 1982 i especialitzada en assegurances de salut i assist\u00e8ncia.","publisher":{"@id":"https:\/\/www.mgc.es\/#organization"},"alternateName":"MGC","potentialAction":[{"@type":"SearchAction","target":{"@type":"EntryPoint","urlTemplate":"https:\/\/www.mgc.es\/?s={search_term_string}"},"query-input":{"@type":"PropertyValueSpecification","valueRequired":true,"valueName":"search_term_string"}}],"inLanguage":"ca"},{"@type":"Organization","@id":"https:\/\/www.mgc.es\/#organization","name":"MGC Mutua","alternateName":"MGC","url":"https:\/\/www.mgc.es\/","logo":{"@type":"ImageObject","inLanguage":"ca","@id":"https:\/\/www.mgc.es\/#\/schema\/logo\/image\/","url":"https:\/\/www.mgc.es\/wp-content\/uploads\/2020\/03\/mgcmutua_h2_2t_reduccions.png","contentUrl":"https:\/\/www.mgc.es\/wp-content\/uploads\/2020\/03\/mgcmutua_h2_2t_reduccions.png","width":303,"height":165,"caption":"MGC Mutua"},"image":{"@id":"https:\/\/www.mgc.es\/#\/schema\/logo\/image\/"},"sameAs":["https:\/\/www.facebook.com\/mgcmutua","https:\/\/x.com\/mgcmutua","https:\/\/www.youtube.com\/c\/MGCMutua"]},{"@type":"Person","@id":"https:\/\/www.mgc.es\/#\/schema\/person\/010c961d9c9acf38f11187a02b646c16","name":"Revista Inter\u00e8s Mutu","image":{"@type":"ImageObject","inLanguage":"ca","@id":"https:\/\/secure.gravatar.com\/avatar\/52302d684339b9d7bf5691e2ad00835d62ce3b4a435f21ca9f21fbe39c63cb1b?s=96&d=mm&r=g","url":"https:\/\/secure.gravatar.com\/avatar\/52302d684339b9d7bf5691e2ad00835d62ce3b4a435f21ca9f21fbe39c63cb1b?s=96&d=mm&r=g","contentUrl":"https:\/\/secure.gravatar.com\/avatar\/52302d684339b9d7bf5691e2ad00835d62ce3b4a435f21ca9f21fbe39c63cb1b?s=96&d=mm&r=g","caption":"Revista Inter\u00e8s Mutu"}}]}},"_links":{"self":[{"href":"https:\/\/www.mgc.es\/ca\/wp-json\/wp\/v2\/posts\/11603","targetHints":{"allow":["GET"]}}],"collection":[{"href":"https:\/\/www.mgc.es\/ca\/wp-json\/wp\/v2\/posts"}],"about":[{"href":"https:\/\/www.mgc.es\/ca\/wp-json\/wp\/v2\/types\/post"}],"author":[{"embeddable":true,"href":"https:\/\/www.mgc.es\/ca\/wp-json\/wp\/v2\/users\/3"}],"replies":[{"embeddable":true,"href":"https:\/\/www.mgc.es\/ca\/wp-json\/wp\/v2\/comments?post=11603"}],"version-history":[{"count":1,"href":"https:\/\/www.mgc.es\/ca\/wp-json\/wp\/v2\/posts\/11603\/revisions"}],"predecessor-version":[{"id":15119,"href":"https:\/\/www.mgc.es\/ca\/wp-json\/wp\/v2\/posts\/11603\/revisions\/15119"}],"wp:featuredmedia":[{"embeddable":true,"href":"https:\/\/www.mgc.es\/ca\/wp-json\/wp\/v2\/media\/14219"}],"wp:attachment":[{"href":"https:\/\/www.mgc.es\/ca\/wp-json\/wp\/v2\/media?parent=11603"}],"wp:term":[{"taxonomy":"category","embeddable":true,"href":"https:\/\/www.mgc.es\/ca\/wp-json\/wp\/v2\/categories?post=11603"},{"taxonomy":"post_tag","embeddable":true,"href":"https:\/\/www.mgc.es\/ca\/wp-json\/wp\/v2\/tags?post=11603"}],"curies":[{"name":"wp","href":"https:\/\/api.w.org\/{rel}","templated":true}]}}