{"id":11600,"date":"2021-10-04T15:21:06","date_gmt":"2021-10-04T13:21:06","guid":{"rendered":"http:\/\/web-server-devel.mgc.es\/es-normal-el-meu-flux-vaginal\/"},"modified":"2021-10-04T15:21:07","modified_gmt":"2021-10-04T13:21:07","slug":"es-normal-el-meu-flux-vaginal","status":"publish","type":"post","link":"https:\/\/www.mgc.es\/ca\/blog\/es-normal-el-meu-flux-vaginal\/","title":{"rendered":"\u00c9s normal el meu flux vaginal?"},"content":{"rendered":"<div id=\"ez-toc-container\" class=\"ez-toc-v2_0_82_1 counter-hierarchy ez-toc-counter ez-toc-custom ez-toc-container-direction\">\n<div class=\"ez-toc-title-container\"><p class=\"ez-toc-title\" style=\"cursor:inherit\">\u00cdndex de continguts<\/p>\n<\/div><nav><ul class='ez-toc-list ez-toc-list-level-1 ' ><li class='ez-toc-page-1 ez-toc-heading-level-2'><a class=\"ez-toc-link ez-toc-heading-1\" href=\"https:\/\/www.mgc.es\/ca\/blog\/es-normal-el-meu-flux-vaginal\/#Que_es_i_quin_paper_compleix_el_flux_vaginal\" >Qu\u00e8 \u00e9s i quin paper compleix el flux vaginal?<\/a><\/li><li class='ez-toc-page-1 ez-toc-heading-level-2'><a class=\"ez-toc-link ez-toc-heading-2\" href=\"https:\/\/www.mgc.es\/ca\/blog\/es-normal-el-meu-flux-vaginal\/#Com_es_el_flux_vaginal_normal\" >Com \u00e9s el flux vaginal normal?<\/a><\/li><li class='ez-toc-page-1 ez-toc-heading-level-2'><a class=\"ez-toc-link ez-toc-heading-3\" href=\"https:\/\/www.mgc.es\/ca\/blog\/es-normal-el-meu-flux-vaginal\/#Quan_el_flux_vaginal_es_indicatiu_dalgun_problema\" >Quan el flux vaginal \u00e9s indicatiu d&#8217;algun problema?<\/a><\/li><\/ul><\/nav><\/div>\n\n<div class=\"video\"><iframe loading=\"lazy\" src=\"https:\/\/player.vimeo.com\/video\/239070691\" allowfullscreen=\"allowfullscreen\" width=\"640\" height=\"360\" frameborder=\"0\"><\/iframe><\/div>\n\n\n\n<p>Els canvis en el flux vaginal poden ser indicatius d&#8217;infecci\u00f3. La Dra. Rosa Porqueras Su\u00e1rez, especialista en Ginecologia i Obstetr\u00edcia del <a href=\"https:\/\/centremedic.mgc.es\/benvinguts\/\">Centre M\u00e8dic MGC<\/a>, ens explica com \u00e9s un flux normal i quan hem d&#8217;acudir a l&#8217;especialista<em>.<\/em><\/p>\n\n\n\n<!--more-->\n\n\n\n<h2 class=\"wp-block-heading\"><span class=\"ez-toc-section\" id=\"Que_es_i_quin_paper_compleix_el_flux_vaginal\"><\/span><strong>Qu\u00e8 \u00e9s i quin paper compleix el flux vaginal? <\/strong><span class=\"ez-toc-section-end\"><\/span><\/h2>\n\n\n\n<p>El flux vaginal compleix un paper molt important perqu\u00e8 ens serveix per a una neteja de la vagina, tamb\u00e9 per humidificar i mantenir la lubricaci\u00f3 vaginal, i un paper molt important en la protecci\u00f3 d&#8217;infeccions de la vagina.Est\u00e0 constitu\u00eft principalment per c\u00e8l\u00b7lules de descamaci\u00f3 de la pr\u00f2pia vagina i secrecions que provenen de la matriu i d&#8217;unes gl\u00e0ndules que hi ha situades al coll de la matriu.<\/p>\n\n\n\n<p>Un dels factors m\u00e9s importants \u00e9s la pres\u00e8ncia de microorganismes que formen part del que anomenem la flora de la vagina o microbiota. Durant l&#8217;etapa f\u00e8rtil hi ha un predomini d&#8217;uns microorganismes que es diuen lactobacils, que segreguen \u00e0cid l\u00e0ctic, permetent que hi hagi unes condicions \u00f2ptimes a la vagina per impedir que els g\u00e8rmens que solen habitar en la microbiota proliferin en exc\u00e9s i puguin provocar infeccions com vaginitis o vaginosi.<\/p>\n\n\n\n<p>La flora vaginal est\u00e0 determinada per diversos factors, tant de la pr\u00f2pia dona com externs. Un dels factors m\u00e9s importants s\u00f3n els nivells d&#8217;estr\u00f2gens, que varien al llarg de les diferents etapes de la vida.<\/p>\n\n\n\n<div class=\"wp-block-image\"><figure class=\"aligncenter\"><img decoding=\"async\" src=\"https:\/\/www.mgc.es\/wp-content\/uploads\/2017\/10\/shutterstock_602449730.redu_.jpg\" alt=\"\" class=\"wp-image-3953\"\/><\/figure><\/div>\n\n\n\n<p>Durant l&#8217;edat f\u00e8rtil hi ha un predomini d&#8217;estr\u00f2gens, per la qual cosa la flora vaginal est\u00e0 m\u00e9s equilibrada i en condicions d&#8217;impedir les infeccions. Per\u00f2 quan ens acostem a la menopausa i sobretot ja a la menopausa es produeix una baixada dels estr\u00f2gens i aquest equilibri pot variar. En aquest per\u00edode \u00e9s important el tractament amb estr\u00f2gens per evitar possibles infeccions.<\/p>\n\n\n\n<p>Per tant, l&#8217;equilibri de la flora vaginal est\u00e0 influ\u00eft per l&#8217;edat, els canvis hormonals que es produeixen en el cicle menstrual i factors externs, com prendre antibi\u00f2tics o anticonceptius. A m\u00e9s, hem d\u2019anar amb compte perqu\u00e8 l&#8217;equilibri de la flora vaginal tamb\u00e9 es pot veure afectat a causa de certs h\u00e0bits com les dutxes vaginals, la utilitzaci\u00f3 de productes d&#8217;higiene agressius, tampons fora del cicle menstrual o l&#8217;\u00fas de paper higi\u00e8nic o salvaslips perfumats.<\/p>\n\n\n\n<h2 class=\"wp-block-heading\"><span class=\"ez-toc-section\" id=\"Com_es_el_flux_vaginal_normal\"><\/span><strong>Com \u00e9s el flux vaginal normal? <\/strong><span class=\"ez-toc-section-end\"><\/span><\/h2>\n\n\n\n<p>El flux vaginal normal, en l&#8217;edat f\u00e8rtil, ha de ser un flux clar, transparent, de vegades una mica blanquin\u00f3s, i sobretot, no han de tenir cap tipus d&#8217;olor ni produir cap tipus de mol\u00e8stia. El flux normal pot anar variant al llarg del cicle menstrual, per\u00f2 sempre complint aquestes caracter\u00edstiques. Per exemple, en el per\u00edode proper a l&#8217;ovulaci\u00f3, a meitat de cicle, el flux vaginal sol ser m\u00e9s abundant, transparent i fil\u00f3s. I segons ens anem acostant a la segona part del cicle aquest flux es fa m\u00e9s esp\u00e8s i una mica m\u00e9s dens. Aquests canvis en el flux durant el cicle es poden utilitzar fins i tot per determinar els dies f\u00e8rtils, perqu\u00e8 quan la dona t\u00e9 un flux m\u00e9s fil\u00f3s, similar a una clara d&#8217;ou, \u00e9s quan est\u00e0 en el per\u00edode d&#8217;ovulaci\u00f3.<\/p>\n\n\n\n<div class=\"wp-block-image\"><figure class=\"aligncenter\"><img decoding=\"async\" src=\"https:\/\/www.mgc.es\/wp-content\/uploads\/2017\/10\/shutterstock_114614152.jpg\" alt=\"es normal el meu flux vaginal\" class=\"wp-image-3954\"\/><\/figure><\/div>\n\n\n\n<h2 class=\"wp-block-heading\"><span class=\"ez-toc-section\" id=\"Quan_el_flux_vaginal_es_indicatiu_dalgun_problema\"><\/span><strong>Quan el flux vaginal \u00e9s indicatiu d&#8217;algun problema? <\/strong><span class=\"ez-toc-section-end\"><\/span><\/h2>\n\n\n\n<p>Si hi ha un canvi en el color, en l&#8217;aspecte o en la quantitat de secreci\u00f3, acompanyat de mala olor o mol\u00e8sties, aix\u00f2 pot estar manifestant que hi ha un canvi en la flora vaginal que pot amagar algun tipus d&#8217;infecci\u00f3. El flux blanquin\u00f3s, si va acompanyat de mala olor o mol\u00e8sties, pot ser indicatiu d&#8217;una infecci\u00f3 per fongs. Per\u00f2 tamb\u00e9 pot amagar algunes altres infeccions de transmissi\u00f3 sexual que s&#8217;han de valorar.<\/p>\n\n\n\n<p>Si hi ha una proliferaci\u00f3 d&#8217;un altre tipus de g\u00e8rmens que produeixen la vaginosi bacteriana, el flux sol presentar-se de color m\u00e9s gris\u00f3s i sobretot amb una olor molt forta. Un altre dels problemes m\u00e9s habituals \u00e9s la infecci\u00f3 per trichomones, que \u00e9s una malaltia de transmissi\u00f3 sexual. Acostuma a presentar una simptomatologia important de molta picor, co\u00efssor, mol\u00e8sties en orinar i un flux verd\u00f3s i com grumoll\u00f3s.<\/p>\n\n\n\n<p>Un consell: \u00e9s molt important el mantenir una bona higiene de la vagina, amb productes neutres, que no siguin agressius. No cal rentar-se molt\u00edssimes vegades i menys amb sab\u00f3. Amb un cop al dia \u00e9s suficient i utilitzar sabons neutres i que no alterin el PH vaginal. No utilitzar tampons fora dels dies de flux menstrual, intentar evitar l&#8217;\u00fas de desodorants vaginals, protectors i paper higi\u00e8nic perfumat, perqu\u00e8 tot aix\u00f2 pot generar alteracions i problemes d&#8217;al\u00b7l\u00e8rgia, que tamb\u00e9 poden provocar l&#8217;augment del flux.<\/p>\n\n\n\n<p>Tamb\u00e9 \u00e9s important destacar que les alteracions del flux poden ser degudes a la pres\u00e8ncia d&#8217;un cos estrany. Pot ser freq\u00fcent en nenes o per l&#8217;oblit d&#8217;un tamp\u00f3.Per tant, sempre que hi hagi qualsevol dubte o canvi en l&#8217;aspecte, en l&#8217;olor o en l&#8217;augment del flux vaginal, no fer autotractament. La recomanaci\u00f3 seria consultar amb un especialista.<\/p>\n","protected":false},"excerpt":{"rendered":"<p>Els canvis en el flux vaginal poden ser indicatius d&#8217;infecci\u00f3. La Dra. Rosa Porqueras Su\u00e1rez, especialista en Ginecologia i Obstetr\u00edcia del Centre M\u00e8dic M\u00fatua General de Catalunya, ens explica com \u00e9s un flux normal i quan hem d&#8217;acudir a l&#8217;especialista.<\/p>\n","protected":false},"author":3,"featured_media":23461,"comment_status":"open","ping_status":"open","sticky":false,"template":"","format":"standard","meta":{"footnotes":""},"categories":[991,15],"tags":[402,413,481],"class_list":["post-11600","post","type-post","status-publish","format-standard","has-post-thumbnail","hentry","category-ginecologia-reproduccio","category-salut","tag-centre-medic","tag-destacat","tag-prevencio"],"featured_image_src":"https:\/\/www.mgc.es\/wp-content\/uploads\/2020\/12\/012-Flux_vaginal.jpg","author_info":{"display_name":"Revista Inter\u00e8s Mutu","author_link":"https:\/\/www.mgc.es\/ca\/blog\/author\/interesmutu\/"},"yoast_head":"<!-- This site is optimized with the Yoast SEO plugin v27.2 - https:\/\/yoast.com\/product\/yoast-seo-wordpress\/ -->\n<title>\u00c9s normal el meu flux vaginal? - Tot el que has de saber - MGC M\u00fatua<\/title>\n<meta name=\"description\" content=\"Et preguntes si el teu flux vaginal \u00e9s normal? T&#039;expliquem qu\u00e8 \u00e9s el flux vaginal i quan aquest pot indicar-nos que tenim algun problema.\" \/>\n<meta name=\"robots\" content=\"index, follow, max-snippet:-1, max-image-preview:large, max-video-preview:-1\" \/>\n<link rel=\"canonical\" href=\"https:\/\/www.mgc.es\/ca\/blog\/es-normal-el-meu-flux-vaginal\/\" \/>\n<meta property=\"og:locale\" content=\"ca_ES\" \/>\n<meta property=\"og:type\" content=\"article\" \/>\n<meta property=\"og:title\" content=\"\u00c9s normal el meu flux vaginal? - Tot el que has de saber - MGC M\u00fatua\" \/>\n<meta property=\"og:description\" content=\"Et preguntes si el teu flux vaginal \u00e9s normal? T&#039;expliquem qu\u00e8 \u00e9s el flux vaginal i quan aquest pot indicar-nos que tenim algun problema.\" \/>\n<meta property=\"og:url\" content=\"https:\/\/www.mgc.es\/ca\/blog\/es-normal-el-meu-flux-vaginal\/\" \/>\n<meta property=\"og:site_name\" content=\"MGC M\u00fatua\" \/>\n<meta property=\"article:publisher\" content=\"https:\/\/www.facebook.com\/mgcmutua\" \/>\n<meta property=\"article:published_time\" content=\"2021-10-04T13:21:06+00:00\" \/>\n<meta property=\"article:modified_time\" content=\"2021-10-04T13:21:07+00:00\" \/>\n<meta property=\"og:image\" content=\"https:\/\/www.mgc.es\/wp-content\/uploads\/2020\/12\/012-Flux_vaginal.jpg\" \/>\n\t<meta property=\"og:image:width\" content=\"1280\" \/>\n\t<meta property=\"og:image:height\" content=\"720\" \/>\n\t<meta property=\"og:image:type\" content=\"image\/jpeg\" \/>\n<meta name=\"author\" content=\"Revista Inter\u00e8s Mutu\" \/>\n<meta name=\"twitter:card\" content=\"summary_large_image\" \/>\n<meta name=\"twitter:creator\" content=\"@mgcmutua\" \/>\n<meta name=\"twitter:site\" content=\"@mgcmutua\" \/>\n<meta name=\"twitter:label1\" content=\"Escrit per\" \/>\n\t<meta name=\"twitter:data1\" content=\"Revista Inter\u00e8s Mutu\" \/>\n\t<meta name=\"twitter:label2\" content=\"Temps estimat de lectura\" \/>\n\t<meta name=\"twitter:data2\" content=\"4 minuts\" \/>\n<!-- \/ Yoast SEO plugin. -->","yoast_head_json":{"title":"\u00c9s normal el meu flux vaginal? - Tot el que has de saber - MGC M\u00fatua","description":"Et preguntes si el teu flux vaginal \u00e9s normal? T'expliquem qu\u00e8 \u00e9s el flux vaginal i quan aquest pot indicar-nos que tenim algun problema.","robots":{"index":"index","follow":"follow","max-snippet":"max-snippet:-1","max-image-preview":"max-image-preview:large","max-video-preview":"max-video-preview:-1"},"canonical":"https:\/\/www.mgc.es\/ca\/blog\/es-normal-el-meu-flux-vaginal\/","og_locale":"ca_ES","og_type":"article","og_title":"\u00c9s normal el meu flux vaginal? - Tot el que has de saber - MGC M\u00fatua","og_description":"Et preguntes si el teu flux vaginal \u00e9s normal? T'expliquem qu\u00e8 \u00e9s el flux vaginal i quan aquest pot indicar-nos que tenim algun problema.","og_url":"https:\/\/www.mgc.es\/ca\/blog\/es-normal-el-meu-flux-vaginal\/","og_site_name":"MGC M\u00fatua","article_publisher":"https:\/\/www.facebook.com\/mgcmutua","article_published_time":"2021-10-04T13:21:06+00:00","article_modified_time":"2021-10-04T13:21:07+00:00","og_image":[{"width":1280,"height":720,"url":"https:\/\/www.mgc.es\/wp-content\/uploads\/2020\/12\/012-Flux_vaginal.jpg","type":"image\/jpeg"}],"author":"Revista Inter\u00e8s Mutu","twitter_card":"summary_large_image","twitter_creator":"@mgcmutua","twitter_site":"@mgcmutua","twitter_misc":{"Escrit per":"Revista Inter\u00e8s Mutu","Temps estimat de lectura":"4 minuts"},"schema":{"@context":"https:\/\/schema.org","@graph":[{"@type":["Article","BlogPosting"],"@id":"https:\/\/www.mgc.es\/ca\/blog\/es-normal-el-meu-flux-vaginal\/#article","isPartOf":{"@id":"https:\/\/www.mgc.es\/ca\/blog\/es-normal-el-meu-flux-vaginal\/"},"author":{"name":"Revista Inter\u00e8s Mutu","@id":"https:\/\/www.mgc.es\/#\/schema\/person\/010c961d9c9acf38f11187a02b646c16"},"headline":"\u00c9s normal el meu flux vaginal?","datePublished":"2021-10-04T13:21:06+00:00","dateModified":"2021-10-04T13:21:07+00:00","mainEntityOfPage":{"@id":"https:\/\/www.mgc.es\/ca\/blog\/es-normal-el-meu-flux-vaginal\/"},"wordCount":855,"commentCount":0,"publisher":{"@id":"https:\/\/www.mgc.es\/#organization"},"image":{"@id":"https:\/\/www.mgc.es\/ca\/blog\/es-normal-el-meu-flux-vaginal\/#primaryimage"},"thumbnailUrl":"https:\/\/www.mgc.es\/wp-content\/uploads\/2020\/12\/012-Flux_vaginal.jpg","keywords":["centre m\u00e8dic","destacat","prevenci\u00f3"],"articleSection":["Ginecologia i reproducci\u00f3","Salut i medicina"],"inLanguage":"ca","potentialAction":[{"@type":"CommentAction","name":"Comment","target":["https:\/\/www.mgc.es\/ca\/blog\/es-normal-el-meu-flux-vaginal\/#respond"]}]},{"@type":["WebPage","ItemPage"],"@id":"https:\/\/www.mgc.es\/ca\/blog\/es-normal-el-meu-flux-vaginal\/","url":"https:\/\/www.mgc.es\/ca\/blog\/es-normal-el-meu-flux-vaginal\/","name":"\u00c9s normal el meu flux vaginal? - Tot el que has de saber - MGC M\u00fatua","isPartOf":{"@id":"https:\/\/www.mgc.es\/#website"},"primaryImageOfPage":{"@id":"https:\/\/www.mgc.es\/ca\/blog\/es-normal-el-meu-flux-vaginal\/#primaryimage"},"image":{"@id":"https:\/\/www.mgc.es\/ca\/blog\/es-normal-el-meu-flux-vaginal\/#primaryimage"},"thumbnailUrl":"https:\/\/www.mgc.es\/wp-content\/uploads\/2020\/12\/012-Flux_vaginal.jpg","datePublished":"2021-10-04T13:21:06+00:00","dateModified":"2021-10-04T13:21:07+00:00","description":"Et preguntes si el teu flux vaginal \u00e9s normal? T'expliquem qu\u00e8 \u00e9s el flux vaginal i quan aquest pot indicar-nos que tenim algun problema.","breadcrumb":{"@id":"https:\/\/www.mgc.es\/ca\/blog\/es-normal-el-meu-flux-vaginal\/#breadcrumb"},"inLanguage":"ca","potentialAction":[{"@type":"ReadAction","target":["https:\/\/www.mgc.es\/ca\/blog\/es-normal-el-meu-flux-vaginal\/"]}]},{"@type":"ImageObject","inLanguage":"ca","@id":"https:\/\/www.mgc.es\/ca\/blog\/es-normal-el-meu-flux-vaginal\/#primaryimage","url":"https:\/\/www.mgc.es\/wp-content\/uploads\/2020\/12\/012-Flux_vaginal.jpg","contentUrl":"https:\/\/www.mgc.es\/wp-content\/uploads\/2020\/12\/012-Flux_vaginal.jpg","width":1280,"height":720},{"@type":"BreadcrumbList","@id":"https:\/\/www.mgc.es\/ca\/blog\/es-normal-el-meu-flux-vaginal\/#breadcrumb","itemListElement":[{"@type":"ListItem","position":1,"name":"Home","item":"https:\/\/www.mgc.es\/ca\/"},{"@type":"ListItem","position":2,"name":"\u00c9s normal el meu flux vaginal?"}]},{"@type":"WebSite","@id":"https:\/\/www.mgc.es\/#website","url":"https:\/\/www.mgc.es\/","name":"MGC M\u00fatua","description":"MGC M\u00fatua \u00e9s una entitat asseguradora sense \u00e0nim de lucre constitu\u00efda al 1982 i especialitzada en assegurances de salut i assist\u00e8ncia.","publisher":{"@id":"https:\/\/www.mgc.es\/#organization"},"alternateName":"MGC","potentialAction":[{"@type":"SearchAction","target":{"@type":"EntryPoint","urlTemplate":"https:\/\/www.mgc.es\/?s={search_term_string}"},"query-input":{"@type":"PropertyValueSpecification","valueRequired":true,"valueName":"search_term_string"}}],"inLanguage":"ca"},{"@type":"Organization","@id":"https:\/\/www.mgc.es\/#organization","name":"MGC Mutua","alternateName":"MGC","url":"https:\/\/www.mgc.es\/","logo":{"@type":"ImageObject","inLanguage":"ca","@id":"https:\/\/www.mgc.es\/#\/schema\/logo\/image\/","url":"https:\/\/www.mgc.es\/wp-content\/uploads\/2020\/03\/mgcmutua_h2_2t_reduccions.png","contentUrl":"https:\/\/www.mgc.es\/wp-content\/uploads\/2020\/03\/mgcmutua_h2_2t_reduccions.png","width":303,"height":165,"caption":"MGC Mutua"},"image":{"@id":"https:\/\/www.mgc.es\/#\/schema\/logo\/image\/"},"sameAs":["https:\/\/www.facebook.com\/mgcmutua","https:\/\/x.com\/mgcmutua","https:\/\/www.youtube.com\/c\/MGCMutua"]},{"@type":"Person","@id":"https:\/\/www.mgc.es\/#\/schema\/person\/010c961d9c9acf38f11187a02b646c16","name":"Revista Inter\u00e8s Mutu","image":{"@type":"ImageObject","inLanguage":"ca","@id":"https:\/\/secure.gravatar.com\/avatar\/52302d684339b9d7bf5691e2ad00835d62ce3b4a435f21ca9f21fbe39c63cb1b?s=96&d=mm&r=g","url":"https:\/\/secure.gravatar.com\/avatar\/52302d684339b9d7bf5691e2ad00835d62ce3b4a435f21ca9f21fbe39c63cb1b?s=96&d=mm&r=g","contentUrl":"https:\/\/secure.gravatar.com\/avatar\/52302d684339b9d7bf5691e2ad00835d62ce3b4a435f21ca9f21fbe39c63cb1b?s=96&d=mm&r=g","caption":"Revista Inter\u00e8s Mutu"}}]}},"_links":{"self":[{"href":"https:\/\/www.mgc.es\/ca\/wp-json\/wp\/v2\/posts\/11600","targetHints":{"allow":["GET"]}}],"collection":[{"href":"https:\/\/www.mgc.es\/ca\/wp-json\/wp\/v2\/posts"}],"about":[{"href":"https:\/\/www.mgc.es\/ca\/wp-json\/wp\/v2\/types\/post"}],"author":[{"embeddable":true,"href":"https:\/\/www.mgc.es\/ca\/wp-json\/wp\/v2\/users\/3"}],"replies":[{"embeddable":true,"href":"https:\/\/www.mgc.es\/ca\/wp-json\/wp\/v2\/comments?post=11600"}],"version-history":[{"count":7,"href":"https:\/\/www.mgc.es\/ca\/wp-json\/wp\/v2\/posts\/11600\/revisions"}],"predecessor-version":[{"id":23463,"href":"https:\/\/www.mgc.es\/ca\/wp-json\/wp\/v2\/posts\/11600\/revisions\/23463"}],"wp:featuredmedia":[{"embeddable":true,"href":"https:\/\/www.mgc.es\/ca\/wp-json\/wp\/v2\/media\/23461"}],"wp:attachment":[{"href":"https:\/\/www.mgc.es\/ca\/wp-json\/wp\/v2\/media?parent=11600"}],"wp:term":[{"taxonomy":"category","embeddable":true,"href":"https:\/\/www.mgc.es\/ca\/wp-json\/wp\/v2\/categories?post=11600"},{"taxonomy":"post_tag","embeddable":true,"href":"https:\/\/www.mgc.es\/ca\/wp-json\/wp\/v2\/tags?post=11600"}],"curies":[{"name":"wp","href":"https:\/\/api.w.org\/{rel}","templated":true}]}}