{"id":11594,"date":"2017-10-17T00:00:00","date_gmt":"2017-10-16T22:00:00","guid":{"rendered":"http:\/\/web-server-devel.mgc.es\/la-teva-parella-te-una-depressio-6-coses-que-nhas-de-saber\/"},"modified":"2021-07-08T12:37:10","modified_gmt":"2021-07-08T10:37:10","slug":"la-teva-parella-te-una-depressio-6-coses-que-nhas-de-saber","status":"publish","type":"post","link":"https:\/\/www.mgc.es\/ca\/blog\/la-teva-parella-te-una-depressio-6-coses-que-nhas-de-saber\/","title":{"rendered":"La teva parella t\u00e9 una depressi\u00f3? 6  coses que n&#8217;has de saber"},"content":{"rendered":"<div id=\"ez-toc-container\" class=\"ez-toc-v2_0_82_1 counter-hierarchy ez-toc-counter ez-toc-custom ez-toc-container-direction\">\n<div class=\"ez-toc-title-container\"><p class=\"ez-toc-title\" style=\"cursor:inherit\">\u00cdndex de continguts<\/p>\n<\/div><nav><ul class='ez-toc-list ez-toc-list-level-1 ' ><li class='ez-toc-page-1 ez-toc-heading-level-2'><a class=\"ez-toc-link ez-toc-heading-1\" href=\"https:\/\/www.mgc.es\/ca\/blog\/la-teva-parella-te-una-depressio-6-coses-que-nhas-de-saber\/#1_La_depressio_no_es_per_sempre\" >1. La depressi\u00f3 no \u00e9s per sempre<\/a><\/li><li class='ez-toc-page-1 ez-toc-heading-level-2'><a class=\"ez-toc-link ez-toc-heading-2\" href=\"https:\/\/www.mgc.es\/ca\/blog\/la-teva-parella-te-una-depressio-6-coses-que-nhas-de-saber\/#2_No_hi_ha_motiu_perque_afecti_la_vostra_relacio\" >2. No hi ha motiu perqu\u00e8 afecti la vostra relaci\u00f3<\/a><\/li><li class='ez-toc-page-1 ez-toc-heading-level-2'><a class=\"ez-toc-link ez-toc-heading-3\" href=\"https:\/\/www.mgc.es\/ca\/blog\/la-teva-parella-te-una-depressio-6-coses-que-nhas-de-saber\/#3_La_depressio_no_es_un_abisme\" >3. La depressi\u00f3 no \u00e9s un abisme<\/a><\/li><li class='ez-toc-page-1 ez-toc-heading-level-2'><a class=\"ez-toc-link ez-toc-heading-4\" href=\"https:\/\/www.mgc.es\/ca\/blog\/la-teva-parella-te-una-depressio-6-coses-que-nhas-de-saber\/#4_Tu_tambe_tens_sentiments\" >4. Tu tamb\u00e9 tens sentiments<\/a><\/li><li class='ez-toc-page-1 ez-toc-heading-level-2'><a class=\"ez-toc-link ez-toc-heading-5\" href=\"https:\/\/www.mgc.es\/ca\/blog\/la-teva-parella-te-una-depressio-6-coses-que-nhas-de-saber\/#5_La_teva_parella_no_es_un_cas_unic\" >5. La teva parella no \u00e9s un cas \u00fanic<\/a><\/li><li class='ez-toc-page-1 ez-toc-heading-level-2'><a class=\"ez-toc-link ez-toc-heading-6\" href=\"https:\/\/www.mgc.es\/ca\/blog\/la-teva-parella-te-una-depressio-6-coses-que-nhas-de-saber\/#6_Cal_buscar_ajuda_professional_i_tambe_personal\" >6. Cal buscar ajuda: professional i tamb\u00e9 personal<\/a><\/li><\/ul><\/nav><\/div>\n<p><img loading=\"lazy\" decoding=\"async\" class=\"alignnone size-full wp-image-3875\" src=\"https:\/\/www.mgc.es\/wp-content\/uploads\/2017\/09\/pareja-depresion2.jpg\" alt=\"PAreja depresi\u00f3n\" width=\"800\" height=\"533\" \/><\/p>\n<p>Molta gent passa o ha passat per aix\u00f2: a la seva parella li han diagnosticat una depressi\u00f3. I ara t&#8217;ha tocat a tu. Despr\u00e9s del primer disgust, fins i tot despr\u00e9s del moment inicial de p\u00e0nic, et preguntar\u00e0s qu\u00e8 passar\u00e0 ara. \u201cQuin \u00e9s el meu paper? Qu\u00e8 puc fer jo per ajudar-la amb aquest problema?\u201d<!--more--><\/p>\n<p>B\u00e9, el primer que has de tenir en compte \u00e9s que la depressi\u00f3 \u00e9s una malaltia, i una malaltia seriosa, en qu\u00e8 la teva parella no ha decidit caure. I aquesta malaltia afecta el pacient, \u00e9s clar, per\u00f2 tamb\u00e9 entra a formar part de la vida de totes les persones de la casa. Entendre aix\u00f2 t&#8217;ajudar\u00e0, com tamb\u00e9 ho far\u00e0 que et mantinguis tan informat com puguis.<\/p>\n<p>A continuaci\u00f3, t&#8217;expliquem sis coses importants que n&#8217;has de saber:<\/p>\n<h2><span class=\"ez-toc-section\" id=\"1_La_depressio_no_es_per_sempre\"><\/span>1. La depressi\u00f3 no \u00e9s per sempre<span class=\"ez-toc-section-end\"><\/span><\/h2>\n<p>Les persones amb depressi\u00f3 veuen anul\u00b7lada la seva capacitat de gaudir de les coses, d&#8217;experimentar plaer. Aix\u00f2 vol dir que la teva parella continuar\u00e0 sent amiga teva, per\u00f2 no compartir\u00e0 amb tu les coses bones. Per\u00f2 has de tenir present que \u00e9s nom\u00e9s una situaci\u00f3 temporal: la naturalesa de la depressi\u00f3 \u00e9s epis\u00f2dica i, amb l&#8217;ajuda experta adequada, es pot tractar.<\/p>\n<p>[mautic type=&#8221;content&#8221; slot=&#8221;ebook-03-ca&#8221; \/]<\/p>\n<h2><span class=\"ez-toc-section\" id=\"2_No_hi_ha_motiu_perque_afecti_la_vostra_relacio\"><\/span>2. No hi ha motiu perqu\u00e8 afecti la vostra relaci\u00f3<span class=\"ez-toc-section-end\"><\/span><\/h2>\n<p>La depressi\u00f3 t\u00e9 s\u00edmptomes (com ara la manca d&#8217;inter\u00e8s pel sexe o que la persona es torni menys comunicativa) que poden confondre&#8217;s amb problemes de parella, i no ho s\u00f3n. Si un dels membres de la parella passa per una depressi\u00f3, aquests problemes poden ser part o conseq\u00fc\u00e8ncia de la malaltia.<\/p>\n<p>La depressi\u00f3 sempre comporta canvis. Si la teva parella t\u00e9 un canvi en la libido (a m\u00e9s o a menys), est\u00e0 menys concentrada, es manifesta menys comunicativa del que \u00e9s habitual&#8230; segurament es deu a la depressi\u00f3 que pateix.<\/p>\n<p><img loading=\"lazy\" decoding=\"async\" class=\"alignnone size-full wp-image-3877\" src=\"https:\/\/www.mgc.es\/wp-content\/uploads\/2017\/09\/insomnio32.jpg\" alt=\"Depresi\u00f3n\" width=\"800\" height=\"533\" \/><\/p>\n<p>Si en la vostra relaci\u00f3 no hi ha hagut alts i baixos i resulta nou per a tu que &#8220;t&#8217;ho hagis de treballar&#8221;, probablement es pugui atribuir tot a la depressi\u00f3. Si, per contra, plou sobre mullat i ja abans has hagut de lluitar per mantenir la vostra relaci\u00f3, potser ha arribat el moment que seguiu una ter\u00e0pia de parella. Per\u00f2 MAI abans que la teva parella rebi l&#8217;alta. Si continua malalta, has d&#8217;esperar. Un professional qualificat podr\u00e0 indicar-te quan \u00e9s el moment adequat.<\/p>\n<p>Malgrat tot, la vostra relaci\u00f3 pot enfortir-se. Si fas tot el possible per la teva parella, ara que venen mal dades i est\u00e0 m\u00e9s vulnerable, la vostra relaci\u00f3 es tornar\u00e0 m\u00e9s profunda i, quan tot passi, florir\u00e0 amb m\u00e9s for\u00e7a que abans. Podeu obtenir avantatge de l&#8217;adversitat; de segur que coneixes alguna parella que ha passat per aix\u00f2.<\/p>\n<h2><span class=\"ez-toc-section\" id=\"3_La_depressio_no_es_un_abisme\"><\/span>3. La depressi\u00f3 no \u00e9s un abisme<span class=\"ez-toc-section-end\"><\/span><\/h2>\n<p>Per descomptat que s&#8217;hi pot semblar molt, per\u00f2 hi ha maneres de solucionar-ho:<br \/>\nRecorda que no has de canviar els teus h\u00e0bits per adaptar-te per complet als de la teva parella.<\/p>\n<p>Cal intentar continuar sent feli\u00e7, tot i que la teva parella estigui en aquesta situaci\u00f3. Tingues present que no estar b\u00e9 d&#8217;\u00e0nim no ajuda l&#8217;altra.<\/p>\n<p>La depressi\u00f3 influeix notablement en el comportament. L&#8217;estat d&#8217;una persona reflecteix si est\u00e0 deprimida o no. Potser vulgui ficar-se al llit, no treure&#8217;s el pijama o no sortir de casa; potser mengi malament i a deshora, segui a la butaca i s&#8217;atipi de gelat veient la televisi\u00f3. Cal mantenir-se fort i no deixar-se portar per la tend\u00e8ncia natural de fer el mateix que ella. Sigues tan comprensiu com puguis, per\u00f2 tingues cura de la teva vida.<\/p>\n<h2><span class=\"ez-toc-section\" id=\"4_Tu_tambe_tens_sentiments\"><\/span>4. Tu tamb\u00e9 tens sentiments<span class=\"ez-toc-section-end\"><\/span><\/h2>\n<p>No has de sentir-te culpable si no est\u00e0s patint com la teva parella. Si et sents b\u00e9 per alguna cosa no has de negar-te aquest sentiment. Aix\u00f2 no afecta els sentiments vers la teva parella, que poden ser tan comprensius com es vulgui. Per\u00f2 els teus sentiments s\u00f3n tan importants com els seus i, a m\u00e9s, compartir-los amb ella pot ajudar-vos a tots dos sense que per aix\u00f2 es pugui parlar de deslleialtat. Despr\u00e9s de tot, si tu no et cuides no servir\u00e0s de gaire ajuda.<\/p>\n<p><img loading=\"lazy\" decoding=\"async\" class=\"alignnone size-full wp-image-3876\" src=\"https:\/\/www.mgc.es\/wp-content\/uploads\/2017\/09\/hombre_deprimido2.jpg\" alt=\"Hombre deprimido\" width=\"800\" height=\"444\" \/><\/p>\n<h2><span class=\"ez-toc-section\" id=\"5_La_teva_parella_no_es_un_cas_unic\"><\/span>5. La teva parella no \u00e9s un cas \u00fanic<span class=\"ez-toc-section-end\"><\/span><\/h2>\n<p>\u00c9s m\u00e9s, la depressi\u00f3 \u00e9s un problema com\u00fa, i una de cada tres persones pateix algun problema mental al llarg de la seva vida. Quin \u00e9s el m\u00e9s habitual? Exacte: la depressi\u00f3. Tingues aquesta dada present i veur\u00e0s la malaltia amb perspectiva, alhora que recordar\u00e0s que es pot tractar.<\/p>\n<h2><span class=\"ez-toc-section\" id=\"6_Cal_buscar_ajuda_professional_i_tambe_personal\"><\/span>6. Cal buscar ajuda: professional i tamb\u00e9 personal<span class=\"ez-toc-section-end\"><\/span><\/h2>\n<p>Recorda: la depressi\u00f3 \u00e9s una malaltia en tota regla, i requereix un tractament professional. Si la teva parella es nega a anar a un psiquiatre o a un psicoterapeuta, intenta conv\u00e8ncer-la i encarrega&#8217;t tu de buscar el professional adequat i de gestionar una cita. L&#8217;ajuda m\u00e8dica id\u00f2nia pot ajudar a suportar c\u00e0rregues molt, molt feixugues.<br \/>\nAix\u00f2 pel que fa a l&#8217;ajuda professional. En l&#8217;aspecte personal, recorre a amics i familiars que et puguin donar un cop de m\u00e0 amb la teva parella, de manera que puguis eventualment anar al cinema, al teatre o a prendre una canya amb ells: prendre&#8217;t un respir. \u00c9s bo distanciar-se espor\u00e0dicament del malalt, encara que ell no ho vegi aix\u00ed; \u00e9s, sense cap dubte, benefici\u00f3s per a tots dos. Estigues en contacte amb ells, de manera que puguis explicar i compartir una mica la c\u00e0rrega; que no et preocupi &#8220;plorar sobre les seves espatlles&#8221;, ja que necessites que t&#8217;escoltin.<\/p>\n","protected":false},"excerpt":{"rendered":"<p>Molta gent passa o ha passat per aix\u00f2: a la seva parella li han diagnosticat una depressi\u00f3. I ara t&#8217;ha tocat a tu. Despr\u00e9s del primer disgust, fins i tot despr\u00e9s del moment inicial de p\u00e0nic, et preguntar\u00e0s qu\u00e8 passar\u00e0 ara. \u201cQuin \u00e9s el meu paper? Qu\u00e8 puc fer jo per ajudar-la amb aquest problema?\u201d<\/p>\n","protected":false},"author":3,"featured_media":14190,"comment_status":"open","ping_status":"open","sticky":false,"template":"","format":"standard","meta":{"footnotes":""},"categories":[659,662],"tags":[411,499],"class_list":["post-11594","post","type-post","status-publish","format-standard","has-post-thumbnail","hentry","category-benestar","category-salut-mental","tag-depressio","tag-salut-emocional"],"featured_image_src":"https:\/\/www.mgc.es\/wp-content\/uploads\/2019\/11\/pareja-depresion2.jpg","author_info":{"display_name":"Revista Inter\u00e8s Mutu","author_link":"https:\/\/www.mgc.es\/ca\/blog\/author\/interesmutu\/"},"yoast_head":"<!-- This site is optimized with the Yoast SEO plugin v27.2 - https:\/\/yoast.com\/product\/yoast-seo-wordpress\/ -->\n<title>La teva parella t\u00e9 una depressi\u00f3? 6 coses que n&#039;has de saber - MGC M\u00fatua<\/title>\n<meta name=\"robots\" content=\"index, follow, max-snippet:-1, max-image-preview:large, max-video-preview:-1\" \/>\n<link rel=\"canonical\" href=\"https:\/\/www.mgc.es\/ca\/blog\/la-teva-parella-te-una-depressio-6-coses-que-nhas-de-saber\/\" \/>\n<meta property=\"og:locale\" content=\"ca_ES\" \/>\n<meta property=\"og:type\" content=\"article\" \/>\n<meta property=\"og:title\" content=\"La teva parella t\u00e9 una depressi\u00f3? 6 coses que n&#039;has de saber - MGC M\u00fatua\" \/>\n<meta property=\"og:description\" content=\"Molta gent passa o ha passat per aix\u00f2: a la seva parella li han diagnosticat una depressi\u00f3. I ara t&#8217;ha tocat a tu. Despr\u00e9s del primer disgust, fins i tot despr\u00e9s del moment inicial de p\u00e0nic, et preguntar\u00e0s qu\u00e8 passar\u00e0 ara. \u201cQuin \u00e9s el meu paper? Qu\u00e8 puc fer jo per ajudar-la amb aquest problema?\u201d\" \/>\n<meta property=\"og:url\" content=\"https:\/\/www.mgc.es\/ca\/blog\/la-teva-parella-te-una-depressio-6-coses-que-nhas-de-saber\/\" \/>\n<meta property=\"og:site_name\" content=\"MGC M\u00fatua\" \/>\n<meta property=\"article:publisher\" content=\"https:\/\/www.facebook.com\/mgcmutua\" \/>\n<meta property=\"article:published_time\" content=\"2017-10-16T22:00:00+00:00\" \/>\n<meta property=\"article:modified_time\" content=\"2021-07-08T10:37:10+00:00\" \/>\n<meta property=\"og:image\" content=\"https:\/\/www.mgc.es\/wp-content\/uploads\/2019\/11\/pareja-depresion2.jpg\" \/>\n\t<meta property=\"og:image:width\" content=\"800\" \/>\n\t<meta property=\"og:image:height\" content=\"533\" \/>\n\t<meta property=\"og:image:type\" content=\"image\/jpeg\" \/>\n<meta name=\"author\" content=\"Revista Inter\u00e8s Mutu\" \/>\n<meta name=\"twitter:card\" content=\"summary_large_image\" \/>\n<meta name=\"twitter:creator\" content=\"@mgcmutua\" \/>\n<meta name=\"twitter:site\" content=\"@mgcmutua\" \/>\n<meta name=\"twitter:label1\" content=\"Escrit per\" \/>\n\t<meta name=\"twitter:data1\" content=\"Revista Inter\u00e8s Mutu\" \/>\n\t<meta name=\"twitter:label2\" content=\"Temps estimat de lectura\" \/>\n\t<meta name=\"twitter:data2\" content=\"5 minuts\" \/>\n<!-- \/ Yoast SEO plugin. -->","yoast_head_json":{"title":"La teva parella t\u00e9 una depressi\u00f3? 6 coses que n'has de saber - MGC M\u00fatua","robots":{"index":"index","follow":"follow","max-snippet":"max-snippet:-1","max-image-preview":"max-image-preview:large","max-video-preview":"max-video-preview:-1"},"canonical":"https:\/\/www.mgc.es\/ca\/blog\/la-teva-parella-te-una-depressio-6-coses-que-nhas-de-saber\/","og_locale":"ca_ES","og_type":"article","og_title":"La teva parella t\u00e9 una depressi\u00f3? 6 coses que n'has de saber - MGC M\u00fatua","og_description":"Molta gent passa o ha passat per aix\u00f2: a la seva parella li han diagnosticat una depressi\u00f3. I ara t&#8217;ha tocat a tu. Despr\u00e9s del primer disgust, fins i tot despr\u00e9s del moment inicial de p\u00e0nic, et preguntar\u00e0s qu\u00e8 passar\u00e0 ara. \u201cQuin \u00e9s el meu paper? Qu\u00e8 puc fer jo per ajudar-la amb aquest problema?\u201d","og_url":"https:\/\/www.mgc.es\/ca\/blog\/la-teva-parella-te-una-depressio-6-coses-que-nhas-de-saber\/","og_site_name":"MGC M\u00fatua","article_publisher":"https:\/\/www.facebook.com\/mgcmutua","article_published_time":"2017-10-16T22:00:00+00:00","article_modified_time":"2021-07-08T10:37:10+00:00","og_image":[{"width":800,"height":533,"url":"https:\/\/www.mgc.es\/wp-content\/uploads\/2019\/11\/pareja-depresion2.jpg","type":"image\/jpeg"}],"author":"Revista Inter\u00e8s Mutu","twitter_card":"summary_large_image","twitter_creator":"@mgcmutua","twitter_site":"@mgcmutua","twitter_misc":{"Escrit per":"Revista Inter\u00e8s Mutu","Temps estimat de lectura":"5 minuts"},"schema":{"@context":"https:\/\/schema.org","@graph":[{"@type":["Article","BlogPosting"],"@id":"https:\/\/www.mgc.es\/ca\/blog\/la-teva-parella-te-una-depressio-6-coses-que-nhas-de-saber\/#article","isPartOf":{"@id":"https:\/\/www.mgc.es\/ca\/blog\/la-teva-parella-te-una-depressio-6-coses-que-nhas-de-saber\/"},"author":{"name":"Revista Inter\u00e8s Mutu","@id":"https:\/\/www.mgc.es\/#\/schema\/person\/010c961d9c9acf38f11187a02b646c16"},"headline":"La teva parella t\u00e9 una depressi\u00f3? 6 coses que n&#8217;has de saber","datePublished":"2017-10-16T22:00:00+00:00","dateModified":"2021-07-08T10:37:10+00:00","mainEntityOfPage":{"@id":"https:\/\/www.mgc.es\/ca\/blog\/la-teva-parella-te-una-depressio-6-coses-que-nhas-de-saber\/"},"wordCount":939,"commentCount":0,"publisher":{"@id":"https:\/\/www.mgc.es\/#organization"},"image":{"@id":"https:\/\/www.mgc.es\/ca\/blog\/la-teva-parella-te-una-depressio-6-coses-que-nhas-de-saber\/#primaryimage"},"thumbnailUrl":"https:\/\/www.mgc.es\/wp-content\/uploads\/2019\/11\/pareja-depresion2.jpg","keywords":["depressi\u00f3","salut emocional"],"articleSection":["Benestar i exercici","Salut Mental"],"inLanguage":"ca","potentialAction":[{"@type":"CommentAction","name":"Comment","target":["https:\/\/www.mgc.es\/ca\/blog\/la-teva-parella-te-una-depressio-6-coses-que-nhas-de-saber\/#respond"]}]},{"@type":["WebPage","ItemPage"],"@id":"https:\/\/www.mgc.es\/ca\/blog\/la-teva-parella-te-una-depressio-6-coses-que-nhas-de-saber\/","url":"https:\/\/www.mgc.es\/ca\/blog\/la-teva-parella-te-una-depressio-6-coses-que-nhas-de-saber\/","name":"La teva parella t\u00e9 una depressi\u00f3? 6 coses que n'has de saber - MGC M\u00fatua","isPartOf":{"@id":"https:\/\/www.mgc.es\/#website"},"primaryImageOfPage":{"@id":"https:\/\/www.mgc.es\/ca\/blog\/la-teva-parella-te-una-depressio-6-coses-que-nhas-de-saber\/#primaryimage"},"image":{"@id":"https:\/\/www.mgc.es\/ca\/blog\/la-teva-parella-te-una-depressio-6-coses-que-nhas-de-saber\/#primaryimage"},"thumbnailUrl":"https:\/\/www.mgc.es\/wp-content\/uploads\/2019\/11\/pareja-depresion2.jpg","datePublished":"2017-10-16T22:00:00+00:00","dateModified":"2021-07-08T10:37:10+00:00","breadcrumb":{"@id":"https:\/\/www.mgc.es\/ca\/blog\/la-teva-parella-te-una-depressio-6-coses-que-nhas-de-saber\/#breadcrumb"},"inLanguage":"ca","potentialAction":[{"@type":"ReadAction","target":["https:\/\/www.mgc.es\/ca\/blog\/la-teva-parella-te-una-depressio-6-coses-que-nhas-de-saber\/"]}]},{"@type":"ImageObject","inLanguage":"ca","@id":"https:\/\/www.mgc.es\/ca\/blog\/la-teva-parella-te-una-depressio-6-coses-que-nhas-de-saber\/#primaryimage","url":"https:\/\/www.mgc.es\/wp-content\/uploads\/2019\/11\/pareja-depresion2.jpg","contentUrl":"https:\/\/www.mgc.es\/wp-content\/uploads\/2019\/11\/pareja-depresion2.jpg","width":800,"height":533,"caption":"pareja-depresion"},{"@type":"BreadcrumbList","@id":"https:\/\/www.mgc.es\/ca\/blog\/la-teva-parella-te-una-depressio-6-coses-que-nhas-de-saber\/#breadcrumb","itemListElement":[{"@type":"ListItem","position":1,"name":"Home","item":"https:\/\/www.mgc.es\/ca\/"},{"@type":"ListItem","position":2,"name":"La teva parella t\u00e9 una depressi\u00f3? 6 coses que n&#8217;has de saber"}]},{"@type":"WebSite","@id":"https:\/\/www.mgc.es\/#website","url":"https:\/\/www.mgc.es\/","name":"MGC M\u00fatua","description":"MGC M\u00fatua \u00e9s una entitat asseguradora sense \u00e0nim de lucre constitu\u00efda al 1982 i especialitzada en assegurances de salut i assist\u00e8ncia.","publisher":{"@id":"https:\/\/www.mgc.es\/#organization"},"alternateName":"MGC","potentialAction":[{"@type":"SearchAction","target":{"@type":"EntryPoint","urlTemplate":"https:\/\/www.mgc.es\/?s={search_term_string}"},"query-input":{"@type":"PropertyValueSpecification","valueRequired":true,"valueName":"search_term_string"}}],"inLanguage":"ca"},{"@type":"Organization","@id":"https:\/\/www.mgc.es\/#organization","name":"MGC Mutua","alternateName":"MGC","url":"https:\/\/www.mgc.es\/","logo":{"@type":"ImageObject","inLanguage":"ca","@id":"https:\/\/www.mgc.es\/#\/schema\/logo\/image\/","url":"https:\/\/www.mgc.es\/wp-content\/uploads\/2020\/03\/mgcmutua_h2_2t_reduccions.png","contentUrl":"https:\/\/www.mgc.es\/wp-content\/uploads\/2020\/03\/mgcmutua_h2_2t_reduccions.png","width":303,"height":165,"caption":"MGC Mutua"},"image":{"@id":"https:\/\/www.mgc.es\/#\/schema\/logo\/image\/"},"sameAs":["https:\/\/www.facebook.com\/mgcmutua","https:\/\/x.com\/mgcmutua","https:\/\/www.youtube.com\/c\/MGCMutua"]},{"@type":"Person","@id":"https:\/\/www.mgc.es\/#\/schema\/person\/010c961d9c9acf38f11187a02b646c16","name":"Revista Inter\u00e8s Mutu","image":{"@type":"ImageObject","inLanguage":"ca","@id":"https:\/\/secure.gravatar.com\/avatar\/52302d684339b9d7bf5691e2ad00835d62ce3b4a435f21ca9f21fbe39c63cb1b?s=96&d=mm&r=g","url":"https:\/\/secure.gravatar.com\/avatar\/52302d684339b9d7bf5691e2ad00835d62ce3b4a435f21ca9f21fbe39c63cb1b?s=96&d=mm&r=g","contentUrl":"https:\/\/secure.gravatar.com\/avatar\/52302d684339b9d7bf5691e2ad00835d62ce3b4a435f21ca9f21fbe39c63cb1b?s=96&d=mm&r=g","caption":"Revista Inter\u00e8s Mutu"}}]}},"_links":{"self":[{"href":"https:\/\/www.mgc.es\/ca\/wp-json\/wp\/v2\/posts\/11594","targetHints":{"allow":["GET"]}}],"collection":[{"href":"https:\/\/www.mgc.es\/ca\/wp-json\/wp\/v2\/posts"}],"about":[{"href":"https:\/\/www.mgc.es\/ca\/wp-json\/wp\/v2\/types\/post"}],"author":[{"embeddable":true,"href":"https:\/\/www.mgc.es\/ca\/wp-json\/wp\/v2\/users\/3"}],"replies":[{"embeddable":true,"href":"https:\/\/www.mgc.es\/ca\/wp-json\/wp\/v2\/comments?post=11594"}],"version-history":[{"count":3,"href":"https:\/\/www.mgc.es\/ca\/wp-json\/wp\/v2\/posts\/11594\/revisions"}],"predecessor-version":[{"id":22931,"href":"https:\/\/www.mgc.es\/ca\/wp-json\/wp\/v2\/posts\/11594\/revisions\/22931"}],"wp:featuredmedia":[{"embeddable":true,"href":"https:\/\/www.mgc.es\/ca\/wp-json\/wp\/v2\/media\/14190"}],"wp:attachment":[{"href":"https:\/\/www.mgc.es\/ca\/wp-json\/wp\/v2\/media?parent=11594"}],"wp:term":[{"taxonomy":"category","embeddable":true,"href":"https:\/\/www.mgc.es\/ca\/wp-json\/wp\/v2\/categories?post=11594"},{"taxonomy":"post_tag","embeddable":true,"href":"https:\/\/www.mgc.es\/ca\/wp-json\/wp\/v2\/tags?post=11594"}],"curies":[{"name":"wp","href":"https:\/\/api.w.org\/{rel}","templated":true}]}}