{"id":11585,"date":"2017-09-06T00:00:00","date_gmt":"2017-09-05T22:00:00","guid":{"rendered":"http:\/\/web-server-devel.mgc.es\/com-podem-evitar-lestres-de-la-tornada-a-lescola\/"},"modified":"2020-09-17T13:02:54","modified_gmt":"2020-09-17T11:02:54","slug":"com-podem-evitar-lestres-de-la-tornada-a-lescola","status":"publish","type":"post","link":"https:\/\/www.mgc.es\/ca\/blog\/com-podem-evitar-lestres-de-la-tornada-a-lescola\/","title":{"rendered":"Com podem evitar l&#8217;estr\u00e8s de la tornada a l&#8217;escola?"},"content":{"rendered":"\n<p><img loading=\"lazy\" decoding=\"async\" class=\"alignnone size-full wp-image-3767\" src=\"https:\/\/www.mgc.es\/wp-content\/uploads\/2017\/08\/vuelta-cole1.jpg\" alt=\"la vuelta al cole\" width=\"960\" height=\"641\">Despr\u00e9s de les vacances d&#8217;estiu, els nens poden estressar-se pel canvi brusc de rutina i perqu\u00e8 han de reprendre responsabilitats. Incorporar a poc a poc els costums i tenir-ho tot preparat per a la tornada a l&#8217;escola ajudar\u00e0 a evitar problemes que puguin afectar el rendiment i l&#8217;\u00e0nim dels petits.<\/p>\n\n\n\n<!--more-->\n\n\n\n<p>D&#8217;aqu\u00ed a pocs dies els nens comen\u00e7aran de nou al col\u00b7legi. Despr\u00e9s de tres mesos de relax, jocs, viatges i cabussons, el fet de tornar a matinar, les classes i els deures s\u00f3n un canvi molt brusc que els pot afectar an\u00edmicament i provocar-los estr\u00e8s. Preparar-los mentalment i anar incorporant les noves rutines de forma gradual ajudar\u00e0 a evitar-los possibles problemes en l\u2019\u00e0nim i el rendiment.<\/p>\n\n\n\n<p>El paper dels pares \u00e9s fonamental en aquesta etapa. \u00c9s important que ells tamb\u00e9 intentin no estressar-se massa per tal de no contagiar els nens. Conv\u00e9 deixar les coses preparades per evitar les presses i els problemes d&#8217;\u00faltima hora: comprar amb antelaci\u00f3 els materials, els llibres, la roba o els uniformes que necessitin i, fins i tot, rec\u00f3rrer amb antelaci\u00f3 el cam\u00ed cap al col\u00b7le per calcular el temps del recorregut.<\/p>\n\n\n\n<p>Algunes pautes per evitar l&#8217;estr\u00e8s en els nens, i en general a tota la fam\u00edlia, han de comen\u00e7ar abans de reprendre les classes, com ara ajustar a poc a poc els horaris, que han estat molt flexibles durant les vacances. Adoptar de forma progressiva els h\u00e0bits horaris escolars facilitar\u00e0 que no es produeixi un canvi brusc d&#8217;un dia per l&#8217;altre.<\/p>\n\n\n\n<figure class=\"wp-block-image\"><img decoding=\"async\" src=\"https:\/\/www.mgc.es\/wp-content\/uploads\/2017\/08\/vuelta-cole2.jpg\" alt=\"vuelta al cole\" class=\"wp-image-3768\"\/><\/figure>\n\n\n\n<p>Preparar-los an\u00edmicament tamb\u00e9 \u00e9s molt benefici\u00f3s per evitar possibles situacions d&#8217;estr\u00e8s. Per a aix\u00f2 s&#8217;ha de procurar que afrontin aquesta etapa amb i\u00b7lusi\u00f3: realitzar amb ells les compres dels llibres, quaderns, motxilles, etc.; deixar-los triar perqu\u00e8 se sentin involucrats en el proc\u00e9s; recordar-los que tornaran a veure els seus amics, amb els quals s&#8217;ho passen tan b\u00e9; fer una ullada als llibres nous per veure de forma positiva i alegre tot el que aprendran, o triar les activitats extraescolars que m\u00e9s els vinguin de gust. D&#8217;aquesta manera aniran assimilant tot el que vindr\u00e0.<\/p>\n\n\n\n<p>El dia de comen\u00e7ar al col\u00b7le tamb\u00e9 es poden seguir algunes pautes, com ara deixar-ho tot preparat el dia abans per no anar amb presses i sortir amb temps cap al col\u00b7legi perqu\u00e8 puguin retrobar-se amb els seus amics abans d&#8217;entrar a classe. Sempre \u00e9s important esmorzar b\u00e9 i que tinguin l&#8217;energia necess\u00e0ria per afrontar totes les emocions dels primers dies. I encara que els centres escolars van incorporant a poc a poc els horaris i les rutines, en general \u00e9s fonamental que no tot sigui estudiar. Deixar temps lliure per realitzar activitats que ens agraden \u00e9s important per evitar l&#8217;estr\u00e8s en els adults i tamb\u00e9 ho \u00e9s per als nens.<\/p>\n\n\n\n<p>Si \u00e9s la primera vegada que els nens van a l&#8217;escola, el canvi \u00e9s molt m\u00e9s brusc encara que ja hagin anat a l&#8217;escola bressol, ja que \u00e9s una situaci\u00f3 completament nova. La separaci\u00f3 de la mare pot provocar molt estr\u00e8s, inseguretat i por. En aquests casos \u00e9s aconsellable anar parlant de la nova etapa als petits, explicar-los les coses positives d&#8217;anar a escola, recordar amb ells els nostres primers dies de classe &#8230; Si \u00e9s possible, pot ajudar molt con\u00e8ixer amb antelaci\u00f3 la nova professora perqu\u00e8 el nen no es quedi de cop i volta amb una estranya.<\/p>\n\n\n\n<figure class=\"wp-block-image\"><img decoding=\"async\" src=\"https:\/\/www.mgc.es\/wp-content\/uploads\/2017\/08\/vuelta-cole3.jpg\" alt=\"Vuelta al cole\" class=\"wp-image-3769\"\/><\/figure>\n\n\n\n<p>El primer dia pot ser el m\u00e9s dur, tant per als nens com per als pares, que acusen de forma important la separaci\u00f3. Per intentar portar-ho b\u00e9 s&#8217;ha de procurar estar tranquils i no allargar els comiats a la porta de l&#8217;escola o de la classe, perqu\u00e8 \u00e9s possible que els nens plorin en veure\u2019s separats dels seus pares en un lloc nou. Per donar-los una mica de seguretat, podem deixar que portin algun objecte de casa que els aporti confian\u00e7a. I, si el centre no ho permet, per moltes ganes que en tinguem, no hem de treure el cap per comprovar com es troben durant l&#8217;hora del pati.<\/p>\n\n\n\n<p>En tot cas sempre hem d&#8217;escoltar amb atenci\u00f3 els nostres fills per saber com se senten. A m\u00e9s de millorar les relacions paterno-filials, \u00e9s una forma de detectar possibles problemes d&#8217;adaptaci\u00f3 dels nens a l&#8217;escola. I escoltar-los esl refor\u00e7a l\u2019autoestima, cosa que prev\u00e9 l&#8217;estr\u00e8s. De tota manera, pot succeir que el nen no aconsegueixi adaptar-se i que ho manifesti amb problemes d&#8217;irritabilitat, tristesa o problemes f\u00edsics com ara mal de cap, de panxa, diarreas o v\u00f2mits. En aquests casos \u00e9s aconsellable acudir a un especialista m\u00e8dic que ens ajudi a canalitzar la situaci\u00f3.<\/p>\n","protected":false},"excerpt":{"rendered":"<p>Despr\u00e9s de les vacances d&#8217;estiu, els nens poden estressar-se pel canvi brusc de rutina i perqu\u00e8 han de reprendre responsabilitats. Incorporar a poc a poc els costums i tenir-ho tot preparat per a la tornada a l&#8217;escola ajudar\u00e0 a evitar problemes que puguin afectar el rendiment i l&#8217;\u00e0nim dels petits.<\/p>\n","protected":false},"author":3,"featured_media":14159,"comment_status":"open","ping_status":"open","sticky":false,"template":"","format":"standard","meta":{"footnotes":""},"categories":[],"tags":[387,463,499],"class_list":["post-11585","post","type-post","status-publish","format-standard","has-post-thumbnail","hentry","tag-ansietat","tag-nens","tag-salut-emocional"],"featured_image_src":"https:\/\/www.mgc.es\/wp-content\/uploads\/2019\/11\/vuelta-cole1.jpg","author_info":{"display_name":"Revista Inter\u00e8s Mutu","author_link":"https:\/\/www.mgc.es\/ca\/blog\/author\/interesmutu\/"},"yoast_head":"<!-- This site is optimized with the Yoast SEO plugin v27.2 - https:\/\/yoast.com\/product\/yoast-seo-wordpress\/ -->\n<title>Com podem evitar l&#039;estr\u00e8s de la tornada a l&#039;escola? - MGC M\u00fatua<\/title>\n<meta name=\"robots\" content=\"index, follow, max-snippet:-1, max-image-preview:large, max-video-preview:-1\" \/>\n<link rel=\"canonical\" href=\"https:\/\/www.mgc.es\/ca\/blog\/com-podem-evitar-lestres-de-la-tornada-a-lescola\/\" \/>\n<meta property=\"og:locale\" content=\"ca_ES\" \/>\n<meta property=\"og:type\" content=\"article\" \/>\n<meta property=\"og:title\" content=\"Com podem evitar l&#039;estr\u00e8s de la tornada a l&#039;escola? - MGC M\u00fatua\" \/>\n<meta property=\"og:description\" content=\"Despr\u00e9s de les vacances d&#8217;estiu, els nens poden estressar-se pel canvi brusc de rutina i perqu\u00e8 han de reprendre responsabilitats. Incorporar a poc a poc els costums i tenir-ho tot preparat per a la tornada a l&#8217;escola ajudar\u00e0 a evitar problemes que puguin afectar el rendiment i l&#8217;\u00e0nim dels petits.\" \/>\n<meta property=\"og:url\" content=\"https:\/\/www.mgc.es\/ca\/blog\/com-podem-evitar-lestres-de-la-tornada-a-lescola\/\" \/>\n<meta property=\"og:site_name\" content=\"MGC M\u00fatua\" \/>\n<meta property=\"article:publisher\" content=\"https:\/\/www.facebook.com\/mgcmutua\" \/>\n<meta property=\"article:published_time\" content=\"2017-09-05T22:00:00+00:00\" \/>\n<meta property=\"article:modified_time\" content=\"2020-09-17T11:02:54+00:00\" \/>\n<meta property=\"og:image\" content=\"https:\/\/www.mgc.es\/wp-content\/uploads\/2019\/11\/vuelta-cole1.jpg\" \/>\n\t<meta property=\"og:image:width\" content=\"960\" \/>\n\t<meta property=\"og:image:height\" content=\"641\" \/>\n\t<meta property=\"og:image:type\" content=\"image\/jpeg\" \/>\n<meta name=\"author\" content=\"Revista Inter\u00e8s Mutu\" \/>\n<meta name=\"twitter:card\" content=\"summary_large_image\" \/>\n<meta name=\"twitter:creator\" content=\"@mgcmutua\" \/>\n<meta name=\"twitter:site\" content=\"@mgcmutua\" \/>\n<meta name=\"twitter:label1\" content=\"Escrit per\" \/>\n\t<meta name=\"twitter:data1\" content=\"Revista Inter\u00e8s Mutu\" \/>\n\t<meta name=\"twitter:label2\" content=\"Temps estimat de lectura\" \/>\n\t<meta name=\"twitter:data2\" content=\"4 minuts\" \/>\n<!-- \/ Yoast SEO plugin. -->","yoast_head_json":{"title":"Com podem evitar l'estr\u00e8s de la tornada a l'escola? - MGC M\u00fatua","robots":{"index":"index","follow":"follow","max-snippet":"max-snippet:-1","max-image-preview":"max-image-preview:large","max-video-preview":"max-video-preview:-1"},"canonical":"https:\/\/www.mgc.es\/ca\/blog\/com-podem-evitar-lestres-de-la-tornada-a-lescola\/","og_locale":"ca_ES","og_type":"article","og_title":"Com podem evitar l'estr\u00e8s de la tornada a l'escola? - MGC M\u00fatua","og_description":"Despr\u00e9s de les vacances d&#8217;estiu, els nens poden estressar-se pel canvi brusc de rutina i perqu\u00e8 han de reprendre responsabilitats. Incorporar a poc a poc els costums i tenir-ho tot preparat per a la tornada a l&#8217;escola ajudar\u00e0 a evitar problemes que puguin afectar el rendiment i l&#8217;\u00e0nim dels petits.","og_url":"https:\/\/www.mgc.es\/ca\/blog\/com-podem-evitar-lestres-de-la-tornada-a-lescola\/","og_site_name":"MGC M\u00fatua","article_publisher":"https:\/\/www.facebook.com\/mgcmutua","article_published_time":"2017-09-05T22:00:00+00:00","article_modified_time":"2020-09-17T11:02:54+00:00","og_image":[{"width":960,"height":641,"url":"https:\/\/www.mgc.es\/wp-content\/uploads\/2019\/11\/vuelta-cole1.jpg","type":"image\/jpeg"}],"author":"Revista Inter\u00e8s Mutu","twitter_card":"summary_large_image","twitter_creator":"@mgcmutua","twitter_site":"@mgcmutua","twitter_misc":{"Escrit per":"Revista Inter\u00e8s Mutu","Temps estimat de lectura":"4 minuts"},"schema":{"@context":"https:\/\/schema.org","@graph":[{"@type":["Article","BlogPosting"],"@id":"https:\/\/www.mgc.es\/ca\/blog\/com-podem-evitar-lestres-de-la-tornada-a-lescola\/#article","isPartOf":{"@id":"https:\/\/www.mgc.es\/ca\/blog\/com-podem-evitar-lestres-de-la-tornada-a-lescola\/"},"author":{"name":"Revista Inter\u00e8s Mutu","@id":"https:\/\/www.mgc.es\/#\/schema\/person\/010c961d9c9acf38f11187a02b646c16"},"headline":"Com podem evitar l&#8217;estr\u00e8s de la tornada a l&#8217;escola?","datePublished":"2017-09-05T22:00:00+00:00","dateModified":"2020-09-17T11:02:54+00:00","mainEntityOfPage":{"@id":"https:\/\/www.mgc.es\/ca\/blog\/com-podem-evitar-lestres-de-la-tornada-a-lescola\/"},"wordCount":801,"commentCount":0,"publisher":{"@id":"https:\/\/www.mgc.es\/#organization"},"image":{"@id":"https:\/\/www.mgc.es\/ca\/blog\/com-podem-evitar-lestres-de-la-tornada-a-lescola\/#primaryimage"},"thumbnailUrl":"https:\/\/www.mgc.es\/wp-content\/uploads\/2019\/11\/vuelta-cole1.jpg","keywords":["ansietat","nens","salut emocional"],"inLanguage":"ca","potentialAction":[{"@type":"CommentAction","name":"Comment","target":["https:\/\/www.mgc.es\/ca\/blog\/com-podem-evitar-lestres-de-la-tornada-a-lescola\/#respond"]}]},{"@type":["WebPage","ItemPage"],"@id":"https:\/\/www.mgc.es\/ca\/blog\/com-podem-evitar-lestres-de-la-tornada-a-lescola\/","url":"https:\/\/www.mgc.es\/ca\/blog\/com-podem-evitar-lestres-de-la-tornada-a-lescola\/","name":"Com podem evitar l'estr\u00e8s de la tornada a l'escola? - MGC M\u00fatua","isPartOf":{"@id":"https:\/\/www.mgc.es\/#website"},"primaryImageOfPage":{"@id":"https:\/\/www.mgc.es\/ca\/blog\/com-podem-evitar-lestres-de-la-tornada-a-lescola\/#primaryimage"},"image":{"@id":"https:\/\/www.mgc.es\/ca\/blog\/com-podem-evitar-lestres-de-la-tornada-a-lescola\/#primaryimage"},"thumbnailUrl":"https:\/\/www.mgc.es\/wp-content\/uploads\/2019\/11\/vuelta-cole1.jpg","datePublished":"2017-09-05T22:00:00+00:00","dateModified":"2020-09-17T11:02:54+00:00","breadcrumb":{"@id":"https:\/\/www.mgc.es\/ca\/blog\/com-podem-evitar-lestres-de-la-tornada-a-lescola\/#breadcrumb"},"inLanguage":"ca","potentialAction":[{"@type":"ReadAction","target":["https:\/\/www.mgc.es\/ca\/blog\/com-podem-evitar-lestres-de-la-tornada-a-lescola\/"]}]},{"@type":"ImageObject","inLanguage":"ca","@id":"https:\/\/www.mgc.es\/ca\/blog\/com-podem-evitar-lestres-de-la-tornada-a-lescola\/#primaryimage","url":"https:\/\/www.mgc.es\/wp-content\/uploads\/2019\/11\/vuelta-cole1.jpg","contentUrl":"https:\/\/www.mgc.es\/wp-content\/uploads\/2019\/11\/vuelta-cole1.jpg","width":960,"height":641},{"@type":"BreadcrumbList","@id":"https:\/\/www.mgc.es\/ca\/blog\/com-podem-evitar-lestres-de-la-tornada-a-lescola\/#breadcrumb","itemListElement":[{"@type":"ListItem","position":1,"name":"Home","item":"https:\/\/www.mgc.es\/ca\/"},{"@type":"ListItem","position":2,"name":"Com podem evitar l&#8217;estr\u00e8s de la tornada a l&#8217;escola?"}]},{"@type":"WebSite","@id":"https:\/\/www.mgc.es\/#website","url":"https:\/\/www.mgc.es\/","name":"MGC M\u00fatua","description":"MGC M\u00fatua \u00e9s una entitat asseguradora sense \u00e0nim de lucre constitu\u00efda al 1982 i especialitzada en assegurances de salut i assist\u00e8ncia.","publisher":{"@id":"https:\/\/www.mgc.es\/#organization"},"alternateName":"MGC","potentialAction":[{"@type":"SearchAction","target":{"@type":"EntryPoint","urlTemplate":"https:\/\/www.mgc.es\/?s={search_term_string}"},"query-input":{"@type":"PropertyValueSpecification","valueRequired":true,"valueName":"search_term_string"}}],"inLanguage":"ca"},{"@type":"Organization","@id":"https:\/\/www.mgc.es\/#organization","name":"MGC Mutua","alternateName":"MGC","url":"https:\/\/www.mgc.es\/","logo":{"@type":"ImageObject","inLanguage":"ca","@id":"https:\/\/www.mgc.es\/#\/schema\/logo\/image\/","url":"https:\/\/www.mgc.es\/wp-content\/uploads\/2020\/03\/mgcmutua_h2_2t_reduccions.png","contentUrl":"https:\/\/www.mgc.es\/wp-content\/uploads\/2020\/03\/mgcmutua_h2_2t_reduccions.png","width":303,"height":165,"caption":"MGC Mutua"},"image":{"@id":"https:\/\/www.mgc.es\/#\/schema\/logo\/image\/"},"sameAs":["https:\/\/www.facebook.com\/mgcmutua","https:\/\/x.com\/mgcmutua","https:\/\/www.youtube.com\/c\/MGCMutua"]},{"@type":"Person","@id":"https:\/\/www.mgc.es\/#\/schema\/person\/010c961d9c9acf38f11187a02b646c16","name":"Revista Inter\u00e8s Mutu","image":{"@type":"ImageObject","inLanguage":"ca","@id":"https:\/\/secure.gravatar.com\/avatar\/52302d684339b9d7bf5691e2ad00835d62ce3b4a435f21ca9f21fbe39c63cb1b?s=96&d=mm&r=g","url":"https:\/\/secure.gravatar.com\/avatar\/52302d684339b9d7bf5691e2ad00835d62ce3b4a435f21ca9f21fbe39c63cb1b?s=96&d=mm&r=g","contentUrl":"https:\/\/secure.gravatar.com\/avatar\/52302d684339b9d7bf5691e2ad00835d62ce3b4a435f21ca9f21fbe39c63cb1b?s=96&d=mm&r=g","caption":"Revista Inter\u00e8s Mutu"}}]}},"_links":{"self":[{"href":"https:\/\/www.mgc.es\/ca\/wp-json\/wp\/v2\/posts\/11585","targetHints":{"allow":["GET"]}}],"collection":[{"href":"https:\/\/www.mgc.es\/ca\/wp-json\/wp\/v2\/posts"}],"about":[{"href":"https:\/\/www.mgc.es\/ca\/wp-json\/wp\/v2\/types\/post"}],"author":[{"embeddable":true,"href":"https:\/\/www.mgc.es\/ca\/wp-json\/wp\/v2\/users\/3"}],"replies":[{"embeddable":true,"href":"https:\/\/www.mgc.es\/ca\/wp-json\/wp\/v2\/comments?post=11585"}],"version-history":[{"count":2,"href":"https:\/\/www.mgc.es\/ca\/wp-json\/wp\/v2\/posts\/11585\/revisions"}],"predecessor-version":[{"id":19854,"href":"https:\/\/www.mgc.es\/ca\/wp-json\/wp\/v2\/posts\/11585\/revisions\/19854"}],"wp:featuredmedia":[{"embeddable":true,"href":"https:\/\/www.mgc.es\/ca\/wp-json\/wp\/v2\/media\/14159"}],"wp:attachment":[{"href":"https:\/\/www.mgc.es\/ca\/wp-json\/wp\/v2\/media?parent=11585"}],"wp:term":[{"taxonomy":"category","embeddable":true,"href":"https:\/\/www.mgc.es\/ca\/wp-json\/wp\/v2\/categories?post=11585"},{"taxonomy":"post_tag","embeddable":true,"href":"https:\/\/www.mgc.es\/ca\/wp-json\/wp\/v2\/tags?post=11585"}],"curies":[{"name":"wp","href":"https:\/\/api.w.org\/{rel}","templated":true}]}}