{"id":11574,"date":"2017-07-18T00:00:00","date_gmt":"2017-07-17T22:00:00","guid":{"rendered":"http:\/\/web-server-devel.mgc.es\/apren-amb-la-diana-a-les-apps-educatives-per-a-nens-de-la-fundacio-mutua-general-de-catalunya\/"},"modified":"2021-01-11T13:28:32","modified_gmt":"2021-01-11T12:28:32","slug":"apren-amb-la-diana-a-les-apps-educatives-per-a-nens-de-la-fundacio-mutua-general-de-catalunya","status":"publish","type":"post","link":"https:\/\/www.mgc.es\/ca\/blog\/apren-amb-la-diana-a-les-apps-educatives-per-a-nens-de-la-fundacio-mutua-general-de-catalunya\/","title":{"rendered":"Apr\u00e8n amb la Diana a les apps educatives per a nens de la Fundaci\u00f3 MGC"},"content":{"rendered":"<p><img loading=\"lazy\" decoding=\"async\" class=\"alignnone size-full wp-image-3658\" src=\"https:\/\/www.mgc.es\/wp-content\/uploads\/2017\/07\/diana_ca.png\" alt=\"apps Diana\" width=\"1200\" height=\"480\" \/><\/p>\n<p>Amb les apps educatives <strong>&#8220;Diana menja sa&#8221;<\/strong> i <strong>&#8220;Diana fa esport&#8221;<\/strong>, els nens poden aprendre h\u00e0bits saludables d&#8217;una forma interactiva i amena. Ja s\u00f3n tot un \u00e8xit amb milers de desc\u00e0rregues.<!--more--><\/p>\n<p>L&#8217;objectiu de la Fundaci\u00f3 MGC \u00e9s la divulgaci\u00f3 de temes d&#8217;inter\u00e8s sobre salut i medicina que facilitin la prevenci\u00f3 en mat\u00e8ria de salut i l&#8217;adquisici\u00f3 d&#8217;h\u00e0bits saludables. Aprendre des de la inf\u00e0ncia garanteix la continu\u00eftat dels bons h\u00e0bits en l&#8217;edat adulta i amb aquesta finalitat va crear, el 2013 l&#8217;app per a m\u00f2bils i tauletes &#8220;Diana menja sa&#8221;, que va gaudir d\u2019una gran acollida. Despr\u00e9s de aquell \u00e8xit, el 2014 es va crear la nova app &#8220;Diana fa esport&#8221;. Aquests jocs educatius per als m\u00e9s petits acumulen avui milers de desc\u00e0rregues.<\/p>\n<p><strong>&#8220;Diana menja sa&#8221;<\/strong> vol ensenyar als nens, d&#8217;una manera senzilla i divertida, els beneficis d&#8217;una alimentaci\u00f3 saludable.<\/p>\n<p><img loading=\"lazy\" decoding=\"async\" class=\"alignnone size-full wp-image-3659\" src=\"https:\/\/www.mgc.es\/wp-content\/uploads\/2017\/07\/pantalles_menjar.jpg\" alt=\"pantalles menjar\" width=\"570\" height=\"143\" \/><\/p>\n<p><strong>&#8220;Diana fa esport&#8221;<\/strong> permet als m\u00e9s petits de la casa, aprendre de forma interactiva i amena, la import\u00e0ncia de l&#8217;activitat f\u00edsica per a una bona salut durant el seu desenvolupament.<\/p>\n<p><img loading=\"lazy\" decoding=\"async\" class=\"alignnone size-full wp-image-3660\" src=\"https:\/\/www.mgc.es\/wp-content\/uploads\/2017\/07\/pantalles_esport.jpg\" alt=\"pantalles esport\" width=\"570\" height=\"143\" \/><\/p>\n<p>La din\u00e0mica dels diferents jocs \u00e9s molt senzilla i apta per a tota la fam\u00edlia: mitjan\u00e7ant trencaclosques, jocs d&#8217;arrossegar, jocs de trobar les difer\u00e8ncies o jocs de pintar i acolorir, els nens aprenen amb els seus pares i la Diana, gaireb\u00e9 sense adonar-se&#8217;n, conceptes molt valuosos sobre la import\u00e0ncia de l&#8217;alimentaci\u00f3 i l&#8217;activitat f\u00edsica en el seu per\u00edode de creixement i desenvolupament.<\/p>\n<p>S\u00f3n aptes a partir dels 4 anys i poden utilitzar-se en qualsevol lloc: a casa, a l&#8217;escola, despr\u00e9s de dinar en un restaurant, quan anem de viatge&#8230; Qualsevol moment \u00e9s bo per aprendre jugant.<\/p>\n<p><strong>Caracter\u00edstiques:<\/strong><\/p>\n<ul>\n<li>Totalment gratu\u00eftes. No s&#8217;ha de pagar res pels continguts.<\/li>\n<li>A partir dels 4 anys.<\/li>\n<li>Amb il\u00b7lustracions d&#8217;una gran qualitat.<\/li>\n<li>App universal, tant per a iPhone com per a iPad i dispositius Android.<\/li>\n<li>Funcionen sense connexi\u00f3 a Internet.<\/li>\n<li>Disponibles en 3 idiomes: castell\u00e0, catal\u00e0 i angl\u00e8s.<\/li>\n<li>Sense anuncis ni publicitat de cap tipus.<\/li>\n<\/ul>\n<p>Tant els continguts d&#8217;alimentaci\u00f3 com els d&#8217;esport de les apps han estat acuradament revisats per personal m\u00e8dic i nutricionista del Centre M\u00e8dic MGC.<\/p>\n<h2>Descarrega-les gratis per al teu dispositiu!<\/h2>\n<p><strong>\u201cDiana menja sa\u201d<\/strong><\/p>\n<p><img loading=\"lazy\" decoding=\"async\" class=\"alignnone size-full wp-image-3664\" src=\"https:\/\/www.mgc.es\/wp-content\/uploads\/2017\/07\/botigues_menjar_ca.png\" alt=\"botigues menjar\" width=\"570\" height=\"273\" \/><\/p>\n<p><strong>\u201cDiana fa esport\u201d<\/strong><\/p>\n<p><img loading=\"lazy\" decoding=\"async\" class=\"alignnone size-full wp-image-3665\" src=\"https:\/\/www.mgc.es\/wp-content\/uploads\/2017\/07\/botigues_esport_ca.png\" alt=\"botigues esport\" width=\"570\" height=\"273\" \/><\/p>\n","protected":false},"excerpt":{"rendered":"<p>Amb les apps educatives &#8220;Diana menja sa&#8221; i &#8220;Diana fa esport&#8221;, els nens poden aprendre h\u00e0bits saludables d&#8217;una forma interactiva i amena. Ja s\u00f3n tot un \u00e8xit amb milers de desc\u00e0rregues.<\/p>\n","protected":false},"author":3,"featured_media":14123,"comment_status":"open","ping_status":"open","sticky":false,"template":"","format":"standard","meta":{"footnotes":""},"categories":[11],"tags":[384,422,410,437,510],"class_list":["post-11574","post","type-post","status-publish","format-standard","has-post-thumbnail","hentry","category-actualitat","tag-alimentacio","tag-educacio","tag-esport","tag-habits-saludables","tag-serveis"],"featured_image_src":"https:\/\/www.mgc.es\/wp-content\/uploads\/2019\/11\/diana_es.png","author_info":{"display_name":"Revista Inter\u00e8s Mutu","author_link":"https:\/\/www.mgc.es\/ca\/blog\/author\/interesmutu\/"},"yoast_head":"<!-- This site is optimized with the Yoast SEO plugin v27.2 - https:\/\/yoast.com\/product\/yoast-seo-wordpress\/ -->\n<title>Apr\u00e8n amb la Diana a les apps educatives per a nens de la Fundaci\u00f3 MGC - MGC M\u00fatua<\/title>\n<meta name=\"robots\" content=\"index, follow, max-snippet:-1, max-image-preview:large, max-video-preview:-1\" \/>\n<link rel=\"canonical\" href=\"https:\/\/www.mgc.es\/ca\/blog\/apren-amb-la-diana-a-les-apps-educatives-per-a-nens-de-la-fundacio-mutua-general-de-catalunya\/\" \/>\n<meta property=\"og:locale\" content=\"ca_ES\" \/>\n<meta property=\"og:type\" content=\"article\" \/>\n<meta property=\"og:title\" content=\"Apr\u00e8n amb la Diana a les apps educatives per a nens de la Fundaci\u00f3 MGC - MGC M\u00fatua\" \/>\n<meta property=\"og:description\" content=\"Amb les apps educatives &#8220;Diana menja sa&#8221; i &#8220;Diana fa esport&#8221;, els nens poden aprendre h\u00e0bits saludables d&#8217;una forma interactiva i amena. Ja s\u00f3n tot un \u00e8xit amb milers de desc\u00e0rregues.\" \/>\n<meta property=\"og:url\" content=\"https:\/\/www.mgc.es\/ca\/blog\/apren-amb-la-diana-a-les-apps-educatives-per-a-nens-de-la-fundacio-mutua-general-de-catalunya\/\" \/>\n<meta property=\"og:site_name\" content=\"MGC M\u00fatua\" \/>\n<meta property=\"article:publisher\" content=\"https:\/\/www.facebook.com\/mgcmutua\" \/>\n<meta property=\"article:published_time\" content=\"2017-07-17T22:00:00+00:00\" \/>\n<meta property=\"article:modified_time\" content=\"2021-01-11T12:28:32+00:00\" \/>\n<meta property=\"og:image\" content=\"https:\/\/www.mgc.es\/wp-content\/uploads\/2019\/11\/diana_es.png\" \/>\n\t<meta property=\"og:image:width\" content=\"1922\" \/>\n\t<meta property=\"og:image:height\" content=\"768\" \/>\n\t<meta property=\"og:image:type\" content=\"image\/png\" \/>\n<meta name=\"author\" content=\"Revista Inter\u00e8s Mutu\" \/>\n<meta name=\"twitter:card\" content=\"summary_large_image\" \/>\n<meta name=\"twitter:creator\" content=\"@mgcmutua\" \/>\n<meta name=\"twitter:site\" content=\"@mgcmutua\" \/>\n<meta name=\"twitter:label1\" content=\"Escrit per\" \/>\n\t<meta name=\"twitter:data1\" content=\"Revista Inter\u00e8s Mutu\" \/>\n\t<meta name=\"twitter:label2\" content=\"Temps estimat de lectura\" \/>\n\t<meta name=\"twitter:data2\" content=\"2 minuts\" \/>\n<!-- \/ Yoast SEO plugin. -->","yoast_head_json":{"title":"Apr\u00e8n amb la Diana a les apps educatives per a nens de la Fundaci\u00f3 MGC - MGC M\u00fatua","robots":{"index":"index","follow":"follow","max-snippet":"max-snippet:-1","max-image-preview":"max-image-preview:large","max-video-preview":"max-video-preview:-1"},"canonical":"https:\/\/www.mgc.es\/ca\/blog\/apren-amb-la-diana-a-les-apps-educatives-per-a-nens-de-la-fundacio-mutua-general-de-catalunya\/","og_locale":"ca_ES","og_type":"article","og_title":"Apr\u00e8n amb la Diana a les apps educatives per a nens de la Fundaci\u00f3 MGC - MGC M\u00fatua","og_description":"Amb les apps educatives &#8220;Diana menja sa&#8221; i &#8220;Diana fa esport&#8221;, els nens poden aprendre h\u00e0bits saludables d&#8217;una forma interactiva i amena. Ja s\u00f3n tot un \u00e8xit amb milers de desc\u00e0rregues.","og_url":"https:\/\/www.mgc.es\/ca\/blog\/apren-amb-la-diana-a-les-apps-educatives-per-a-nens-de-la-fundacio-mutua-general-de-catalunya\/","og_site_name":"MGC M\u00fatua","article_publisher":"https:\/\/www.facebook.com\/mgcmutua","article_published_time":"2017-07-17T22:00:00+00:00","article_modified_time":"2021-01-11T12:28:32+00:00","og_image":[{"width":1922,"height":768,"url":"https:\/\/www.mgc.es\/wp-content\/uploads\/2019\/11\/diana_es.png","type":"image\/png"}],"author":"Revista Inter\u00e8s Mutu","twitter_card":"summary_large_image","twitter_creator":"@mgcmutua","twitter_site":"@mgcmutua","twitter_misc":{"Escrit per":"Revista Inter\u00e8s Mutu","Temps estimat de lectura":"2 minuts"},"schema":{"@context":"https:\/\/schema.org","@graph":[{"@type":["Article","BlogPosting"],"@id":"https:\/\/www.mgc.es\/ca\/blog\/apren-amb-la-diana-a-les-apps-educatives-per-a-nens-de-la-fundacio-mutua-general-de-catalunya\/#article","isPartOf":{"@id":"https:\/\/www.mgc.es\/ca\/blog\/apren-amb-la-diana-a-les-apps-educatives-per-a-nens-de-la-fundacio-mutua-general-de-catalunya\/"},"author":{"name":"Revista Inter\u00e8s Mutu","@id":"https:\/\/www.mgc.es\/#\/schema\/person\/010c961d9c9acf38f11187a02b646c16"},"headline":"Apr\u00e8n amb la Diana a les apps educatives per a nens de la Fundaci\u00f3 MGC","datePublished":"2017-07-17T22:00:00+00:00","dateModified":"2021-01-11T12:28:32+00:00","mainEntityOfPage":{"@id":"https:\/\/www.mgc.es\/ca\/blog\/apren-amb-la-diana-a-les-apps-educatives-per-a-nens-de-la-fundacio-mutua-general-de-catalunya\/"},"wordCount":396,"commentCount":0,"publisher":{"@id":"https:\/\/www.mgc.es\/#organization"},"image":{"@id":"https:\/\/www.mgc.es\/ca\/blog\/apren-amb-la-diana-a-les-apps-educatives-per-a-nens-de-la-fundacio-mutua-general-de-catalunya\/#primaryimage"},"thumbnailUrl":"https:\/\/www.mgc.es\/wp-content\/uploads\/2019\/11\/diana_es.png","keywords":["alimentaci\u00f3","educaci\u00f3","esport","h\u00e0bits saludables","serveis"],"articleSection":["Actualitat M\u00fatua"],"inLanguage":"ca","potentialAction":[{"@type":"CommentAction","name":"Comment","target":["https:\/\/www.mgc.es\/ca\/blog\/apren-amb-la-diana-a-les-apps-educatives-per-a-nens-de-la-fundacio-mutua-general-de-catalunya\/#respond"]}]},{"@type":["WebPage","ItemPage"],"@id":"https:\/\/www.mgc.es\/ca\/blog\/apren-amb-la-diana-a-les-apps-educatives-per-a-nens-de-la-fundacio-mutua-general-de-catalunya\/","url":"https:\/\/www.mgc.es\/ca\/blog\/apren-amb-la-diana-a-les-apps-educatives-per-a-nens-de-la-fundacio-mutua-general-de-catalunya\/","name":"Apr\u00e8n amb la Diana a les apps educatives per a nens de la Fundaci\u00f3 MGC - MGC M\u00fatua","isPartOf":{"@id":"https:\/\/www.mgc.es\/#website"},"primaryImageOfPage":{"@id":"https:\/\/www.mgc.es\/ca\/blog\/apren-amb-la-diana-a-les-apps-educatives-per-a-nens-de-la-fundacio-mutua-general-de-catalunya\/#primaryimage"},"image":{"@id":"https:\/\/www.mgc.es\/ca\/blog\/apren-amb-la-diana-a-les-apps-educatives-per-a-nens-de-la-fundacio-mutua-general-de-catalunya\/#primaryimage"},"thumbnailUrl":"https:\/\/www.mgc.es\/wp-content\/uploads\/2019\/11\/diana_es.png","datePublished":"2017-07-17T22:00:00+00:00","dateModified":"2021-01-11T12:28:32+00:00","breadcrumb":{"@id":"https:\/\/www.mgc.es\/ca\/blog\/apren-amb-la-diana-a-les-apps-educatives-per-a-nens-de-la-fundacio-mutua-general-de-catalunya\/#breadcrumb"},"inLanguage":"ca","potentialAction":[{"@type":"ReadAction","target":["https:\/\/www.mgc.es\/ca\/blog\/apren-amb-la-diana-a-les-apps-educatives-per-a-nens-de-la-fundacio-mutua-general-de-catalunya\/"]}]},{"@type":"ImageObject","inLanguage":"ca","@id":"https:\/\/www.mgc.es\/ca\/blog\/apren-amb-la-diana-a-les-apps-educatives-per-a-nens-de-la-fundacio-mutua-general-de-catalunya\/#primaryimage","url":"https:\/\/www.mgc.es\/wp-content\/uploads\/2019\/11\/diana_es.png","contentUrl":"https:\/\/www.mgc.es\/wp-content\/uploads\/2019\/11\/diana_es.png","width":1922,"height":768},{"@type":"BreadcrumbList","@id":"https:\/\/www.mgc.es\/ca\/blog\/apren-amb-la-diana-a-les-apps-educatives-per-a-nens-de-la-fundacio-mutua-general-de-catalunya\/#breadcrumb","itemListElement":[{"@type":"ListItem","position":1,"name":"Home","item":"https:\/\/www.mgc.es\/ca\/"},{"@type":"ListItem","position":2,"name":"Apr\u00e8n amb la Diana a les apps educatives per a nens de la Fundaci\u00f3 MGC"}]},{"@type":"WebSite","@id":"https:\/\/www.mgc.es\/#website","url":"https:\/\/www.mgc.es\/","name":"MGC M\u00fatua","description":"MGC M\u00fatua \u00e9s una entitat asseguradora sense \u00e0nim de lucre constitu\u00efda al 1982 i especialitzada en assegurances de salut i assist\u00e8ncia.","publisher":{"@id":"https:\/\/www.mgc.es\/#organization"},"alternateName":"MGC","potentialAction":[{"@type":"SearchAction","target":{"@type":"EntryPoint","urlTemplate":"https:\/\/www.mgc.es\/?s={search_term_string}"},"query-input":{"@type":"PropertyValueSpecification","valueRequired":true,"valueName":"search_term_string"}}],"inLanguage":"ca"},{"@type":"Organization","@id":"https:\/\/www.mgc.es\/#organization","name":"MGC Mutua","alternateName":"MGC","url":"https:\/\/www.mgc.es\/","logo":{"@type":"ImageObject","inLanguage":"ca","@id":"https:\/\/www.mgc.es\/#\/schema\/logo\/image\/","url":"https:\/\/www.mgc.es\/wp-content\/uploads\/2020\/03\/mgcmutua_h2_2t_reduccions.png","contentUrl":"https:\/\/www.mgc.es\/wp-content\/uploads\/2020\/03\/mgcmutua_h2_2t_reduccions.png","width":303,"height":165,"caption":"MGC Mutua"},"image":{"@id":"https:\/\/www.mgc.es\/#\/schema\/logo\/image\/"},"sameAs":["https:\/\/www.facebook.com\/mgcmutua","https:\/\/x.com\/mgcmutua","https:\/\/www.youtube.com\/c\/MGCMutua"]},{"@type":"Person","@id":"https:\/\/www.mgc.es\/#\/schema\/person\/010c961d9c9acf38f11187a02b646c16","name":"Revista Inter\u00e8s Mutu","image":{"@type":"ImageObject","inLanguage":"ca","@id":"https:\/\/secure.gravatar.com\/avatar\/52302d684339b9d7bf5691e2ad00835d62ce3b4a435f21ca9f21fbe39c63cb1b?s=96&d=mm&r=g","url":"https:\/\/secure.gravatar.com\/avatar\/52302d684339b9d7bf5691e2ad00835d62ce3b4a435f21ca9f21fbe39c63cb1b?s=96&d=mm&r=g","contentUrl":"https:\/\/secure.gravatar.com\/avatar\/52302d684339b9d7bf5691e2ad00835d62ce3b4a435f21ca9f21fbe39c63cb1b?s=96&d=mm&r=g","caption":"Revista Inter\u00e8s Mutu"}}]}},"_links":{"self":[{"href":"https:\/\/www.mgc.es\/ca\/wp-json\/wp\/v2\/posts\/11574","targetHints":{"allow":["GET"]}}],"collection":[{"href":"https:\/\/www.mgc.es\/ca\/wp-json\/wp\/v2\/posts"}],"about":[{"href":"https:\/\/www.mgc.es\/ca\/wp-json\/wp\/v2\/types\/post"}],"author":[{"embeddable":true,"href":"https:\/\/www.mgc.es\/ca\/wp-json\/wp\/v2\/users\/3"}],"replies":[{"embeddable":true,"href":"https:\/\/www.mgc.es\/ca\/wp-json\/wp\/v2\/comments?post=11574"}],"version-history":[{"count":2,"href":"https:\/\/www.mgc.es\/ca\/wp-json\/wp\/v2\/posts\/11574\/revisions"}],"predecessor-version":[{"id":20635,"href":"https:\/\/www.mgc.es\/ca\/wp-json\/wp\/v2\/posts\/11574\/revisions\/20635"}],"wp:featuredmedia":[{"embeddable":true,"href":"https:\/\/www.mgc.es\/ca\/wp-json\/wp\/v2\/media\/14123"}],"wp:attachment":[{"href":"https:\/\/www.mgc.es\/ca\/wp-json\/wp\/v2\/media?parent=11574"}],"wp:term":[{"taxonomy":"category","embeddable":true,"href":"https:\/\/www.mgc.es\/ca\/wp-json\/wp\/v2\/categories?post=11574"},{"taxonomy":"post_tag","embeddable":true,"href":"https:\/\/www.mgc.es\/ca\/wp-json\/wp\/v2\/tags?post=11574"}],"curies":[{"name":"wp","href":"https:\/\/api.w.org\/{rel}","templated":true}]}}