{"id":11569,"date":"2017-07-06T00:00:00","date_gmt":"2017-07-05T22:00:00","guid":{"rendered":"http:\/\/web-server-devel.mgc.es\/una-suma-dexits\/"},"modified":"2019-11-22T12:42:59","modified_gmt":"2019-11-22T11:42:59","slug":"una-suma-dexits","status":"publish","type":"post","link":"https:\/\/www.mgc.es\/ca\/blog\/una-suma-dexits\/","title":{"rendered":"Una suma d&#8217;\u00e8xits"},"content":{"rendered":"<p><a href=\"https:\/\/oficinavirtual.mgc.es:7326\/ca\/index.php\"><img loading=\"lazy\" decoding=\"async\" class=\"alignleft wp-image-3612 size-full\" src=\"https:\/\/www.mgc.es\/wp-content\/uploads\/2017\/07\/portada_ca_redu.jpg\" alt=\"\" width=\"595\" height=\"842\" \/><\/a>Enguany hem tornat a cr\u00e9ixer, per\u00f2 el m\u00e9s important per a nosaltres \u00e9s que el darrer any s&#8217;han sumat m\u00e9s persones a la nostra entitat i ja gaudeixen d&#8217;una asseguran\u00e7a de salut de la M\u00fatua General de Catalunya. Han decidit, conven\u00e7uts, unir-se a les nostres files, afiliar-se a la M\u00fatua per tal de gaudir de la millor asseguran\u00e7a del mercat.\u00a0<!--more--><\/p>\n<p>Aquesta molt bona asseguran\u00e7a, en gaireb\u00e9 la meitat dels casos,<a href=\"https:\/\/www.mgc.es\/2017\/03\/els-packs-mutua-experiencies-es-renoven-il%c2%b7lusions-magia-i-premium\/\"> els l&#8217;ha recomanada un altre mutualista<\/a> orgull\u00f3s de ser de la M\u00fatua. Aquesta dada \u00e9s un motiu m\u00e9s per sentir-nos satisfets de la nostra feina i de les actuacions que s&#8217;han dut a terme per capgirar, \u00a0esperem que definitivament, una tend\u00e8ncia pr\u00f2pia dels anys de dificultat que hem viscut.<\/p>\n<p>En els temps que corren, tot se sap, tot es publica i, fins i tot, es <em>viralitza<\/em> (un terme que trobo, si m\u00e9s no, curi\u00f3s per parlar d&#8217;all\u00f2 que es propaga a la velocitat d&#8217;un virus, com si fos una malaltia de la qual tothom \u00e9s susceptible de contagiar-se&#8230;). Per tant, estem en un moment en qu\u00e8 tenim acc\u00e9s a una gran quantitat d&#8217;informaci\u00f3, molta de la qual \u00e9s perjudicial perqu\u00e8 mostra una realitat negativa que abans es podia amagar i ara \u00e9s gaireb\u00e9 impossible. Aquesta situaci\u00f3, sorprenentment, ens resulta m\u00e9s propicia a les entitats que fem les coses b\u00e9 o que ens hi esforcem, i se&#8217;ns premia amb elogis, una molt bona reputaci\u00f3 i, fins i tot, a vegades, amb reconeixements p\u00fablics i notoris.<\/p>\n<p><img loading=\"lazy\" decoding=\"async\" class=\"alignright wp-image-2815 size-full\" src=\"https:\/\/www.mgc.es\/wp-content\/uploads\/2016\/11\/fonendo.jpg\" alt=\"\" width=\"800\" height=\"522\" \/>No puc evitar de presumir, una vegada m\u00e9s, de l&#8217;entitat que tinc l&#8217;honor de dirigir. Entre altres motius, per la percepci\u00f3 tan positiva que el col\u00b7lectiu m\u00e8dic t\u00e9 de nosaltres, tal com reflecteixen les enquestes que elaboren tant el <a href=\"https:\/\/www.mgc.es\/2016\/02\/la-mutua-general-de-catalunya-es-consolida-com-la-millor-entitat-de-caracter-mutualista-al-ranquing-del-col%c2%b7legi-de-metges-de-barcelona\/\">Col\u00b7legi de Metges de Barcelona<\/a> com el de Girona, ja que ambd\u00f3s ens situen com l&#8217;entitat mutualista m\u00e9s ben valorada de Catalunya.<\/p>\n<p>Un altre motiu per sentir-me feli\u00e7 \u00e9s la dedicaci\u00f3 a M\u00fatua General de Catalunya d&#8217;un dels cap\u00edtols del llibre <em>Marketing de ciudades,<\/em> publicat recentment per Philip i Milton Kotler, autors \u00e0mpliament reconeguts en el m\u00f3n del m\u00e0rqueting. \u00c9s un honor que la nostra entitat sigui considerada <a href=\"https:\/\/www.mgc.es\/2017\/02\/mutua-general-de-catalunya-un-cas-dexit-al-llibre-marketing-de-ciudades-de-philip-y-milton-kotler\/\">un cas d&#8217;\u00e8xit<\/a> per aquests dos prestigiosos investigadors de les tend\u00e8ncies del m\u00e0rqueting i de la gesti\u00f3 empresarial, fet que no deixa indiferent ning\u00fa.<\/p>\n<p>I \u00e9s que aquesta \u00e9s la nostra meta: no deixar indiferent ning\u00fa i sumar adeptes a la nostra &#8220;causa&#8221;, que no \u00e9s una altra que els mutualistes puguin accedir pr\u00e0cticament a tot tipus de prestacions, incl\u00f2s l&#8217;acc\u00e9s als aven\u00e7os m\u00e8dics i cient\u00edfics per al diagn\u00f2stic i tractament de les malalties. En definitiva, volem que gaudeixin de les <a href=\"http:\/\/cobertures.mgc.es\/\">m\u00e0ximes prestacions<\/a> amb la millor relaci\u00f3 qualitat-preu amb un ampl\u00edssim quadre m\u00e8dic, sense restriccions de centres o equips m\u00e8dics de prestigi. Si a m\u00e9s hi afegim la seva professionalitat i entrega, aix\u00ed com la implicaci\u00f3 de tot el personal de la M\u00fatua, crec que la combinaci\u00f3 \u00e9s una aut\u00e8ntica suma d&#8217;\u00e8xits.<\/p>\n<p><em>(Editorial de la revista Inter\u00e8s Mutu de juny)<\/em><\/p>\n","protected":false},"excerpt":{"rendered":"<p>Enguany hem tornat a cr\u00e9ixer, per\u00f2 el m\u00e9s important per a nosaltres \u00e9s que el darrer any s&#8217;han sumat m\u00e9s persones a la nostra entitat i ja gaudeixen d&#8217;una asseguran\u00e7a de salut de la M\u00fatua General de Catalunya.<\/p>\n","protected":false},"author":8,"featured_media":14108,"comment_status":"open","ping_status":"open","sticky":false,"template":"","format":"standard","meta":{"footnotes":""},"categories":[11],"tags":[],"class_list":["post-11569","post","type-post","status-publish","format-standard","has-post-thumbnail","hentry","category-actualitat"],"featured_image_src":"https:\/\/www.mgc.es\/wp-content\/uploads\/2019\/11\/portada_ca_redu.jpg","author_info":{"display_name":"Daniel Redondo","author_link":"https:\/\/www.mgc.es\/ca\/blog\/author\/dredondo\/"},"yoast_head":"<!-- This site is optimized with the Yoast SEO plugin v27.2 - https:\/\/yoast.com\/product\/yoast-seo-wordpress\/ -->\n<title>Una suma d&#039;\u00e8xits - MGC M\u00fatua<\/title>\n<meta name=\"robots\" content=\"index, follow, max-snippet:-1, max-image-preview:large, max-video-preview:-1\" \/>\n<link rel=\"canonical\" href=\"https:\/\/www.mgc.es\/ca\/blog\/una-suma-dexits\/\" \/>\n<meta property=\"og:locale\" content=\"ca_ES\" \/>\n<meta property=\"og:type\" content=\"article\" \/>\n<meta property=\"og:title\" content=\"Una suma d&#039;\u00e8xits - MGC M\u00fatua\" \/>\n<meta property=\"og:description\" content=\"Enguany hem tornat a cr\u00e9ixer, per\u00f2 el m\u00e9s important per a nosaltres \u00e9s que el darrer any s&#039;han sumat m\u00e9s persones a la nostra entitat i ja gaudeixen d&#039;una asseguran\u00e7a de salut de la M\u00fatua General de Catalunya.\" \/>\n<meta property=\"og:url\" content=\"https:\/\/www.mgc.es\/ca\/blog\/una-suma-dexits\/\" \/>\n<meta property=\"og:site_name\" content=\"MGC M\u00fatua\" \/>\n<meta property=\"article:publisher\" content=\"https:\/\/www.facebook.com\/mgcmutua\" \/>\n<meta property=\"article:published_time\" content=\"2017-07-05T22:00:00+00:00\" \/>\n<meta property=\"article:modified_time\" content=\"2019-11-22T11:42:59+00:00\" \/>\n<meta property=\"og:image\" content=\"https:\/\/www.mgc.es\/wp-content\/uploads\/2019\/11\/portada_ca_redu.jpg\" \/>\n\t<meta property=\"og:image:width\" content=\"595\" \/>\n\t<meta property=\"og:image:height\" content=\"842\" \/>\n\t<meta property=\"og:image:type\" content=\"image\/jpeg\" \/>\n<meta name=\"author\" content=\"Daniel Redondo\" \/>\n<meta name=\"twitter:card\" content=\"summary_large_image\" \/>\n<meta name=\"twitter:creator\" content=\"@mgcmutua\" \/>\n<meta name=\"twitter:site\" content=\"@mgcmutua\" \/>\n<meta name=\"twitter:label1\" content=\"Escrit per\" \/>\n\t<meta name=\"twitter:data1\" content=\"Daniel Redondo\" \/>\n\t<meta name=\"twitter:label2\" content=\"Temps estimat de lectura\" \/>\n\t<meta name=\"twitter:data2\" content=\"3 minuts\" \/>\n<!-- \/ Yoast SEO plugin. -->","yoast_head_json":{"title":"Una suma d'\u00e8xits - MGC M\u00fatua","robots":{"index":"index","follow":"follow","max-snippet":"max-snippet:-1","max-image-preview":"max-image-preview:large","max-video-preview":"max-video-preview:-1"},"canonical":"https:\/\/www.mgc.es\/ca\/blog\/una-suma-dexits\/","og_locale":"ca_ES","og_type":"article","og_title":"Una suma d'\u00e8xits - MGC M\u00fatua","og_description":"Enguany hem tornat a cr\u00e9ixer, per\u00f2 el m\u00e9s important per a nosaltres \u00e9s que el darrer any s'han sumat m\u00e9s persones a la nostra entitat i ja gaudeixen d'una asseguran\u00e7a de salut de la M\u00fatua General de Catalunya.","og_url":"https:\/\/www.mgc.es\/ca\/blog\/una-suma-dexits\/","og_site_name":"MGC M\u00fatua","article_publisher":"https:\/\/www.facebook.com\/mgcmutua","article_published_time":"2017-07-05T22:00:00+00:00","article_modified_time":"2019-11-22T11:42:59+00:00","og_image":[{"width":595,"height":842,"url":"https:\/\/www.mgc.es\/wp-content\/uploads\/2019\/11\/portada_ca_redu.jpg","type":"image\/jpeg"}],"author":"Daniel Redondo","twitter_card":"summary_large_image","twitter_creator":"@mgcmutua","twitter_site":"@mgcmutua","twitter_misc":{"Escrit per":"Daniel Redondo","Temps estimat de lectura":"3 minuts"},"schema":{"@context":"https:\/\/schema.org","@graph":[{"@type":["Article","BlogPosting"],"@id":"https:\/\/www.mgc.es\/ca\/blog\/una-suma-dexits\/#article","isPartOf":{"@id":"https:\/\/www.mgc.es\/ca\/blog\/una-suma-dexits\/"},"author":{"name":"Daniel Redondo","@id":"https:\/\/www.mgc.es\/#\/schema\/person\/f1ebb533484166c75c28e8e94a1e8ee9"},"headline":"Una suma d&#8217;\u00e8xits","datePublished":"2017-07-05T22:00:00+00:00","dateModified":"2019-11-22T11:42:59+00:00","mainEntityOfPage":{"@id":"https:\/\/www.mgc.es\/ca\/blog\/una-suma-dexits\/"},"wordCount":543,"commentCount":0,"publisher":{"@id":"https:\/\/www.mgc.es\/#organization"},"image":{"@id":"https:\/\/www.mgc.es\/ca\/blog\/una-suma-dexits\/#primaryimage"},"thumbnailUrl":"https:\/\/www.mgc.es\/wp-content\/uploads\/2019\/11\/portada_ca_redu.jpg","articleSection":["Actualitat M\u00fatua"],"inLanguage":"ca","potentialAction":[{"@type":"CommentAction","name":"Comment","target":["https:\/\/www.mgc.es\/ca\/blog\/una-suma-dexits\/#respond"]}]},{"@type":["WebPage","ItemPage"],"@id":"https:\/\/www.mgc.es\/ca\/blog\/una-suma-dexits\/","url":"https:\/\/www.mgc.es\/ca\/blog\/una-suma-dexits\/","name":"Una suma d'\u00e8xits - MGC M\u00fatua","isPartOf":{"@id":"https:\/\/www.mgc.es\/#website"},"primaryImageOfPage":{"@id":"https:\/\/www.mgc.es\/ca\/blog\/una-suma-dexits\/#primaryimage"},"image":{"@id":"https:\/\/www.mgc.es\/ca\/blog\/una-suma-dexits\/#primaryimage"},"thumbnailUrl":"https:\/\/www.mgc.es\/wp-content\/uploads\/2019\/11\/portada_ca_redu.jpg","datePublished":"2017-07-05T22:00:00+00:00","dateModified":"2019-11-22T11:42:59+00:00","breadcrumb":{"@id":"https:\/\/www.mgc.es\/ca\/blog\/una-suma-dexits\/#breadcrumb"},"inLanguage":"ca","potentialAction":[{"@type":"ReadAction","target":["https:\/\/www.mgc.es\/ca\/blog\/una-suma-dexits\/"]}]},{"@type":"ImageObject","inLanguage":"ca","@id":"https:\/\/www.mgc.es\/ca\/blog\/una-suma-dexits\/#primaryimage","url":"https:\/\/www.mgc.es\/wp-content\/uploads\/2019\/11\/portada_ca_redu.jpg","contentUrl":"https:\/\/www.mgc.es\/wp-content\/uploads\/2019\/11\/portada_ca_redu.jpg","width":595,"height":842},{"@type":"BreadcrumbList","@id":"https:\/\/www.mgc.es\/ca\/blog\/una-suma-dexits\/#breadcrumb","itemListElement":[{"@type":"ListItem","position":1,"name":"Home","item":"https:\/\/www.mgc.es\/ca\/"},{"@type":"ListItem","position":2,"name":"Una suma d&#8217;\u00e8xits"}]},{"@type":"WebSite","@id":"https:\/\/www.mgc.es\/#website","url":"https:\/\/www.mgc.es\/","name":"MGC M\u00fatua","description":"MGC M\u00fatua \u00e9s una entitat asseguradora sense \u00e0nim de lucre constitu\u00efda al 1982 i especialitzada en assegurances de salut i assist\u00e8ncia.","publisher":{"@id":"https:\/\/www.mgc.es\/#organization"},"alternateName":"MGC","potentialAction":[{"@type":"SearchAction","target":{"@type":"EntryPoint","urlTemplate":"https:\/\/www.mgc.es\/?s={search_term_string}"},"query-input":{"@type":"PropertyValueSpecification","valueRequired":true,"valueName":"search_term_string"}}],"inLanguage":"ca"},{"@type":"Organization","@id":"https:\/\/www.mgc.es\/#organization","name":"MGC Mutua","alternateName":"MGC","url":"https:\/\/www.mgc.es\/","logo":{"@type":"ImageObject","inLanguage":"ca","@id":"https:\/\/www.mgc.es\/#\/schema\/logo\/image\/","url":"https:\/\/www.mgc.es\/wp-content\/uploads\/2020\/03\/mgcmutua_h2_2t_reduccions.png","contentUrl":"https:\/\/www.mgc.es\/wp-content\/uploads\/2020\/03\/mgcmutua_h2_2t_reduccions.png","width":303,"height":165,"caption":"MGC Mutua"},"image":{"@id":"https:\/\/www.mgc.es\/#\/schema\/logo\/image\/"},"sameAs":["https:\/\/www.facebook.com\/mgcmutua","https:\/\/x.com\/mgcmutua","https:\/\/www.youtube.com\/c\/MGCMutua"]},{"@type":"Person","@id":"https:\/\/www.mgc.es\/#\/schema\/person\/f1ebb533484166c75c28e8e94a1e8ee9","name":"Daniel Redondo","image":{"@type":"ImageObject","inLanguage":"ca","@id":"https:\/\/secure.gravatar.com\/avatar\/3ab9cd6279a4305ab32185897b6416065d3214733bd0d5e018544d07deb65871?s=96&d=mm&r=g","url":"https:\/\/secure.gravatar.com\/avatar\/3ab9cd6279a4305ab32185897b6416065d3214733bd0d5e018544d07deb65871?s=96&d=mm&r=g","contentUrl":"https:\/\/secure.gravatar.com\/avatar\/3ab9cd6279a4305ab32185897b6416065d3214733bd0d5e018544d07deb65871?s=96&d=mm&r=g","caption":"Daniel Redondo"}}]}},"_links":{"self":[{"href":"https:\/\/www.mgc.es\/ca\/wp-json\/wp\/v2\/posts\/11569","targetHints":{"allow":["GET"]}}],"collection":[{"href":"https:\/\/www.mgc.es\/ca\/wp-json\/wp\/v2\/posts"}],"about":[{"href":"https:\/\/www.mgc.es\/ca\/wp-json\/wp\/v2\/types\/post"}],"author":[{"embeddable":true,"href":"https:\/\/www.mgc.es\/ca\/wp-json\/wp\/v2\/users\/8"}],"replies":[{"embeddable":true,"href":"https:\/\/www.mgc.es\/ca\/wp-json\/wp\/v2\/comments?post=11569"}],"version-history":[{"count":1,"href":"https:\/\/www.mgc.es\/ca\/wp-json\/wp\/v2\/posts\/11569\/revisions"}],"predecessor-version":[{"id":15086,"href":"https:\/\/www.mgc.es\/ca\/wp-json\/wp\/v2\/posts\/11569\/revisions\/15086"}],"wp:featuredmedia":[{"embeddable":true,"href":"https:\/\/www.mgc.es\/ca\/wp-json\/wp\/v2\/media\/14108"}],"wp:attachment":[{"href":"https:\/\/www.mgc.es\/ca\/wp-json\/wp\/v2\/media?parent=11569"}],"wp:term":[{"taxonomy":"category","embeddable":true,"href":"https:\/\/www.mgc.es\/ca\/wp-json\/wp\/v2\/categories?post=11569"},{"taxonomy":"post_tag","embeddable":true,"href":"https:\/\/www.mgc.es\/ca\/wp-json\/wp\/v2\/tags?post=11569"}],"curies":[{"name":"wp","href":"https:\/\/api.w.org\/{rel}","templated":true}]}}