{"id":11565,"date":"2017-07-05T00:00:00","date_gmt":"2017-07-04T22:00:00","guid":{"rendered":"http:\/\/web-server-devel.mgc.es\/5-coses-que-has-de-saber-abans-danar-al-metge\/"},"modified":"2021-03-11T09:50:07","modified_gmt":"2021-03-11T08:50:07","slug":"5-coses-que-has-de-saber-abans-danar-al-metge","status":"publish","type":"post","link":"https:\/\/www.mgc.es\/ca\/blog\/5-coses-que-has-de-saber-abans-danar-al-metge\/","title":{"rendered":"5 coses que has de saber abans d\u2019anar al metge"},"content":{"rendered":"<div id=\"ez-toc-container\" class=\"ez-toc-v2_0_82_1 counter-hierarchy ez-toc-counter ez-toc-custom ez-toc-container-direction\">\n<div class=\"ez-toc-title-container\"><p class=\"ez-toc-title\" style=\"cursor:inherit\">\u00cdndex de continguts<\/p>\n<\/div><nav><ul class='ez-toc-list ez-toc-list-level-1 ' ><li class='ez-toc-page-1 ez-toc-heading-level-2'><a class=\"ez-toc-link ez-toc-heading-1\" href=\"https:\/\/www.mgc.es\/ca\/blog\/5-coses-que-has-de-saber-abans-danar-al-metge\/#1_Les_medecines_no_sempre_son_el_remei\" >1. Les medecines no sempre s\u00f3n el remei<\/a><\/li><li class='ez-toc-page-1 ez-toc-heading-level-2'><a class=\"ez-toc-link ez-toc-heading-2\" href=\"https:\/\/www.mgc.es\/ca\/blog\/5-coses-que-has-de-saber-abans-danar-al-metge\/#2_Els_metges_mai_no_et_jutjarem\" >2. Els metges mai no et jutjarem<\/a><\/li><li class='ez-toc-page-1 ez-toc-heading-level-2'><a class=\"ez-toc-link ez-toc-heading-3\" href=\"https:\/\/www.mgc.es\/ca\/blog\/5-coses-que-has-de-saber-abans-danar-al-metge\/#3_No_sempre_es_pot_diagnosticar\" >3. No sempre es pot diagnosticar<\/a><\/li><li class='ez-toc-page-1 ez-toc-heading-level-2'><a class=\"ez-toc-link ez-toc-heading-4\" href=\"https:\/\/www.mgc.es\/ca\/blog\/5-coses-que-has-de-saber-abans-danar-al-metge\/#4_Els_simptomes_fisics_poden_ser_cosa_de_la_ment\" >4. Els s\u00edmptomes f\u00edsics poden ser cosa de la ment<\/a><\/li><li class='ez-toc-page-1 ez-toc-heading-level-2'><a class=\"ez-toc-link ez-toc-heading-5\" href=\"https:\/\/www.mgc.es\/ca\/blog\/5-coses-que-has-de-saber-abans-danar-al-metge\/#5_Las_intervencions_mediques_tenen_beneficis_pero_tambe_riscos\" >5. Las intervencions m\u00e8diques tenen beneficis, per\u00f2 tamb\u00e9 riscos<\/a><\/li><\/ul><\/nav><\/div>\n<p><strong><img loading=\"lazy\" decoding=\"async\" class=\"alignnone size-full wp-image-3539\" src=\"https:\/\/www.mgc.es\/wp-content\/uploads\/2017\/06\/con-el-medico32.jpg\" alt=\"con-el-medico\" width=\"800\" height=\"533\"><\/strong><\/p>\n<p><strong>&#8220;No et jutjo en absolut; en cap aspecte.&#8221;<\/strong><\/p>\n<p>Al meu entendre, la medicina general, o de fam\u00edlia, \u00e9s com una associaci\u00f3 entre els meus pacients i jo. Dues de les claus s\u00f3n el respecte mutu i que compartim la presa de decisions. Ja ha passat, afortunadament, l&#8217;\u00e8poca en qu\u00e8 el metge deia al pacient qu\u00e8 havia de fer o prendre, i aquest obe\u00efa sense dir ni piu. Per\u00f2 per a aix\u00f2 cal que els dos tinguem la informaci\u00f3 necess\u00e0ria per prendre les decisions adequades.<\/p>\n<p>Heus aqu\u00ed cinc coses que m&#8217;agradaria que els meus pacients sabessin.<!--more--><\/p>\n<h2><span class=\"ez-toc-section\" id=\"1_Les_medecines_no_sempre_son_el_remei\"><\/span>1. Les medecines no sempre s\u00f3n el remei<span class=\"ez-toc-section-end\"><\/span><\/h2>\n<p>El Centre de Salut pot semblar un taller de reparacions: pastilles per al colesterol, per dormir o antidepressives. Per\u00f2 en molts casos, evitar els medicaments \u00e9s m\u00e9s segur i millor per a tu a llarg termini. Molts trastorns poden i s&#8217;han de tractar sense medecines i, en canvi, s\u00ed mitjan\u00e7ant canvis en l&#8217;estil de vida; per\u00f2 de vegades no \u00e9s f\u00e0cil fer entendre aix\u00f2.<\/p>\n<p style=\"color: #333333;font-style: normal\"><img loading=\"lazy\" decoding=\"async\" class=\"alignright size-full wp-image-3540\" src=\"https:\/\/www.mgc.es\/wp-content\/uploads\/2017\/06\/medicamentos32.jpg\" alt=\"medicamentos\" width=\"400\" height=\"267\"><\/p>\n<p>Hi ha un error generalitzat segons el qual els medicaments <strong>h<\/strong><strong>an de ser m\u00e9s efectius<\/strong> que una cosa tan aparentment simple com caminar m\u00e9s, o unes sessions de psicoter\u00e0pia. Per\u00f2 els BONS protocols de tractament d&#8217;algunes malalties contemplen accions com <strong>caminar&nbsp;<\/strong><strong>cada dia, perdre pes, menjar m\u00e9s saludablement i sotmetre\u2019s a alguna sessi\u00f3 de psicoter\u00e0pia<\/strong>, abans de passar a prendre medecines. Gaireb\u00e9 tots els pacients se senten millor quan veuen que el seu trastorn millora, sense els efectes&nbsp;secundaris dels f\u00e0rmacs, per no parlar de la despesa. Cal intentar-ho.<\/p>\n<h2><span class=\"ez-toc-section\" id=\"2_Els_metges_mai_no_et_jutjarem\"><\/span>2. Els metges mai no et jutjarem<span class=\"ez-toc-section-end\"><\/span><\/h2>\n<p>Probablement, els metges jutgem les persones <strong>en molta menor mesura<\/strong> que qualsevol altra persona. No pensem, per exemple, que els fumadors s\u00f3n gent responsable de la seva malaltia, sin\u00f3 com alg\u00fa que fuma perqu\u00e8 t\u00e9 problemes, o perqu\u00e8 est\u00e0 sotm\u00e8s a una situaci\u00f3 estressant. Per\u00f2 \u2212i aquesta \u00e9s la clau\u2212 s\u00ed \u00e9s alg\u00fa que <strong>necessita ajuda<\/strong>. Com a metges de fam\u00edlia, considerem el pacient i les seves circumst\u00e0ncies com un tot; i no tenim cap intenci\u00f3 de jutjar-te i, ni de bon tros, de condemnar-te.<\/p>\n<p>I \u00e9s que no som aqu\u00ed per fer-ho. Hi som per animar-te i per proporcionar-te l&#8217;ajuda que potser no has tingut fins ara. A la consulta veiem tants casos, hist\u00f2ries i maneres de vida que probablement <strong>mai no ens estranyar\u00e0 o desconcertar\u00e0<\/strong> all\u00f2 que el pacient podria pensar que \u00e9s un cas especial. Els nostres pacients ens expliquen la seva vida sexual, problemes de diners, de relacions personals, de tabaquisme o altres drogues, fins i tot possibles activitats il\u00b7legals. \u00c9s part de l&#8217;historial, no \u00e9s una cosa per assenyalar-los i estigmatitzar-los.<\/p>\n<h2><span class=\"ez-toc-section\" id=\"3_No_sempre_es_pot_diagnosticar\"><\/span>3. No sempre es pot diagnosticar<span class=\"ez-toc-section-end\"><\/span><\/h2>\n<p>\u00c9s estrany, per\u00f2 \u00e9s cert. La medicina no \u00e9s una ci\u00e8ncia exacta; \u00e9s potser una variant d&#8217;art. En molts casos els s\u00edmptomes condueixen directament a un diagn\u00f2stic que les proves pertinents confirmaran. Per\u00f2 en molts altres, els s\u00edmptomes, <strong>simplement, no assenyalen res concret<\/strong>. Tan dur \u00e9s per al pacient viure en la incertesa, com per a nosaltres no poder trobar la resposta.<\/p>\n<p>La ci\u00e8ncia no sempre t\u00e9 resposta per a tot. Aquesta creen\u00e7a pot portar-nos a recerques i investigacions interminables, que sovint no arriben enlloc, cosa que genera <strong>estr\u00e8s i frustraci\u00f3<\/strong>. Quan sembla que no hi ha resposta, el millor \u00e9s treballar junts per assegurar-nos que hem tingut en compte tots els possibles factors i per prendre les decisions adequades per pal\u00b7liar o controlar els s\u00edmptomes.<\/p>\n<h2><span class=\"ez-toc-section\" id=\"4_Els_simptomes_fisics_poden_ser_cosa_de_la_ment\"><\/span>4. Els s\u00edmptomes f\u00edsics poden ser cosa de la ment<span class=\"ez-toc-section-end\"><\/span><\/h2>\n<p>Dit d&#8217;una altra manera, els teus s\u00edmptomes poden ser que no estiguin provocats per problemes f\u00edsics; per\u00f2 aix\u00f2 NO vol pas dir que no hi siguin. La clau \u00e9s que no tots els s\u00edmptomes f\u00edsics tenen una causa f\u00edsica. \u00c9s ben sabut que hi ha <strong>mals de panxa, s\u00edmptomes intestinals, mals de cap i cansament<\/strong> que poden ser conseq\u00fc\u00e8ncies de factors emocionals, com estr\u00e8s, dolor per la p\u00e8rdua d&#8217;un \u00e9sser estimat, o problemes en les relacions personals. Resulta dif\u00edcil de creure, perqu\u00e8 s\u00f3n tan reals, i tan fortes! S\u00ed, hi s\u00f3n, s\u00f3n reals, per\u00f2 la seva causa <strong>no \u00e9s visceral sin\u00f3 emocional<\/strong>.<\/p>\n<p><img loading=\"lazy\" decoding=\"async\" class=\"alignright size-full wp-image-3541\" src=\"https:\/\/www.mgc.es\/wp-content\/uploads\/2017\/06\/mujer-preocupada-ordenador2.jpg\" alt=\"mujer-preocupada\" width=\"400\" height=\"300\">Els qui pateixen malalties cr\u00f2niques, com ara psoriasi o s\u00edndrome d&#8217;intest\u00ed irritable s\u00f3n m\u00e9s conscients d&#8217;aquest problema, ja que totes dues malalties s&#8217;agreugen en situacions d&#8217;estr\u00e8s. Per\u00f2 si no has experimentat s\u00edmptomes o dolors psicosom\u00e0tics, et pot resultar dif\u00edcil de creure que no hi ha una causa f\u00edsica. \u00c9s com els nens que emmalalteixen davant la seva tornada a l&#8217;escola. I \u00e9s dif\u00edcil per al metge tractar aquests s\u00edmptomes: els pacients responen millor quan el tractament s&#8217;aborda psicol\u00f2gicament.<\/p>\n<h2><span class=\"ez-toc-section\" id=\"5_Las_intervencions_mediques_tenen_beneficis_pero_tambe_riscos\"><\/span>5. Las intervencions m\u00e8diques tenen beneficis, per\u00f2 tamb\u00e9 riscos<span class=\"ez-toc-section-end\"><\/span><\/h2>\n<p>Fins i tot per prendre una cosa tan trivial com un paracetamol, per exemple, caldria tenir en compte els <strong>pros i contres<\/strong>. Totes les medecines, totes les intervencions m\u00e8diques tenen efectes secundaris o comporten algun risc. \u00c9s com creuar un carrer: la probabilitat que tot surti b\u00e9 \u00e9s molt alta, per\u00f2 cal mirar abans de creuar. En el passat, els metges eren m\u00e9s donats a receptar medicaments a les primeres de canvi, o a proposar una intervenci\u00f3 quir\u00fargica, per\u00f2 ara som molt m\u00e9s cautelosos, perqu\u00e8 coneixem millor els efectes secundaris.<\/p>\n<p>I tu, com a pacient, hauries assegurar-te que els beneficis del tractament superen els seus possibles riscos.<\/p>\n<p><img loading=\"lazy\" decoding=\"async\" class=\"alignnone size-full wp-image-3542\" src=\"https:\/\/www.mgc.es\/wp-content\/uploads\/2017\/06\/pildoras32.jpg\" alt=\"medicinas\" width=\"800\" height=\"533\"><\/p>\n<p>Per descomptat que els medicaments o les accions que prescrivim s\u00f3n segures, per\u00f2 cal con\u00e8ixer-ne els efectes secundaris potencials. Fins i tot si el risc \u00e9s d&#8217;1 entre un mili\u00f3, el pacient podria <strong>no voler c\u00f3rrer-lo<\/strong>. Per aix\u00f2, abans de l&#8217;operaci\u00f3 et fem signar el teu consentiment, no sense abans haver-te\u2019n explicat b\u00e9 els riscos.<\/p>\n<p>Per descomptat, si el benefici \u00e9s enorme (com el de cosir una ferida oberta, per exemple), el risc de la intervenci\u00f3 \u00e9s molt petit, i val la pena.<\/p>\n<p>Per\u00f2 els beneficis no sempre s\u00f3n tan evidents i cal considerar si val la pena. Jo confio en la medicina i en els llargs processos que certifiquen la seguretat d&#8217;una medicament, per\u00f2 sempre em pregunto si prendre un f\u00e0rmac \u00e9s <strong>prou benefici\u00f3s<\/strong> com per no tenir en compte el m\u00e9s m\u00ednim risc.<\/p>\n<p>Dr. Pertusa | Metge de Fam\u00edlia<\/p>\n","protected":false},"excerpt":{"rendered":"<p>&#8220;No et jutjo en absolut; en cap aspecte.&#8221; Al meu entendre, la medicina general, o de fam\u00edlia, \u00e9s com una associaci\u00f3 entre els meus pacients i jo. Dues de les claus s\u00f3n el respecte mutu i que compartim la presa de decisions. Ja ha passat, afortunadament, l&#8217;\u00e8poca en qu\u00e8 el metge deia al pacient qu\u00e8 [&hellip;]<\/p>\n","protected":false},"author":3,"featured_media":14098,"comment_status":"open","ping_status":"open","sticky":false,"template":"","format":"standard","meta":{"footnotes":""},"categories":[996,15],"tags":[402,437,448,460,481,499],"class_list":["post-11565","post","type-post","status-publish","format-standard","has-post-thumbnail","hentry","category-malalties-i-salut-general","category-salut","tag-centre-medic","tag-habits-saludables","tag-medicina-general-ca","tag-metge","tag-prevencio","tag-salut-emocional"],"featured_image_src":"https:\/\/www.mgc.es\/wp-content\/uploads\/2019\/11\/con-el-medico32.jpg","author_info":{"display_name":"Revista Inter\u00e8s Mutu","author_link":"https:\/\/www.mgc.es\/ca\/blog\/author\/interesmutu\/"},"yoast_head":"<!-- This site is optimized with the Yoast SEO plugin v27.2 - https:\/\/yoast.com\/product\/yoast-seo-wordpress\/ -->\n<title>5 coses que has de saber abans d\u2019anar al metge - MGC M\u00fatua<\/title>\n<meta name=\"robots\" content=\"index, follow, max-snippet:-1, max-image-preview:large, max-video-preview:-1\" \/>\n<link rel=\"canonical\" href=\"https:\/\/www.mgc.es\/ca\/blog\/5-coses-que-has-de-saber-abans-danar-al-metge\/\" \/>\n<meta property=\"og:locale\" content=\"ca_ES\" \/>\n<meta property=\"og:type\" content=\"article\" \/>\n<meta property=\"og:title\" content=\"5 coses que has de saber abans d\u2019anar al metge - MGC M\u00fatua\" \/>\n<meta property=\"og:description\" content=\"&#8220;No et jutjo en absolut; en cap aspecte.&#8221; Al meu entendre, la medicina general, o de fam\u00edlia, \u00e9s com una associaci\u00f3 entre els meus pacients i jo. Dues de les claus s\u00f3n el respecte mutu i que compartim la presa de decisions. Ja ha passat, afortunadament, l&#8217;\u00e8poca en qu\u00e8 el metge deia al pacient qu\u00e8 [&hellip;]\" \/>\n<meta property=\"og:url\" content=\"https:\/\/www.mgc.es\/ca\/blog\/5-coses-que-has-de-saber-abans-danar-al-metge\/\" \/>\n<meta property=\"og:site_name\" content=\"MGC M\u00fatua\" \/>\n<meta property=\"article:publisher\" content=\"https:\/\/www.facebook.com\/mgcmutua\" \/>\n<meta property=\"article:published_time\" content=\"2017-07-04T22:00:00+00:00\" \/>\n<meta property=\"article:modified_time\" content=\"2021-03-11T08:50:07+00:00\" \/>\n<meta property=\"og:image\" content=\"https:\/\/www.mgc.es\/wp-content\/uploads\/2019\/11\/con-el-medico32.jpg\" \/>\n\t<meta property=\"og:image:width\" content=\"800\" \/>\n\t<meta property=\"og:image:height\" content=\"533\" \/>\n\t<meta property=\"og:image:type\" content=\"image\/jpeg\" \/>\n<meta name=\"author\" content=\"Revista Inter\u00e8s Mutu\" \/>\n<meta name=\"twitter:card\" content=\"summary_large_image\" \/>\n<meta name=\"twitter:creator\" content=\"@mgcmutua\" \/>\n<meta name=\"twitter:site\" content=\"@mgcmutua\" \/>\n<meta name=\"twitter:label1\" content=\"Escrit per\" \/>\n\t<meta name=\"twitter:data1\" content=\"Revista Inter\u00e8s Mutu\" \/>\n\t<meta name=\"twitter:label2\" content=\"Temps estimat de lectura\" \/>\n\t<meta name=\"twitter:data2\" content=\"5 minuts\" \/>\n<!-- \/ Yoast SEO plugin. -->","yoast_head_json":{"title":"5 coses que has de saber abans d\u2019anar al metge - MGC M\u00fatua","robots":{"index":"index","follow":"follow","max-snippet":"max-snippet:-1","max-image-preview":"max-image-preview:large","max-video-preview":"max-video-preview:-1"},"canonical":"https:\/\/www.mgc.es\/ca\/blog\/5-coses-que-has-de-saber-abans-danar-al-metge\/","og_locale":"ca_ES","og_type":"article","og_title":"5 coses que has de saber abans d\u2019anar al metge - MGC M\u00fatua","og_description":"&#8220;No et jutjo en absolut; en cap aspecte.&#8221; Al meu entendre, la medicina general, o de fam\u00edlia, \u00e9s com una associaci\u00f3 entre els meus pacients i jo. Dues de les claus s\u00f3n el respecte mutu i que compartim la presa de decisions. Ja ha passat, afortunadament, l&#8217;\u00e8poca en qu\u00e8 el metge deia al pacient qu\u00e8 [&hellip;]","og_url":"https:\/\/www.mgc.es\/ca\/blog\/5-coses-que-has-de-saber-abans-danar-al-metge\/","og_site_name":"MGC M\u00fatua","article_publisher":"https:\/\/www.facebook.com\/mgcmutua","article_published_time":"2017-07-04T22:00:00+00:00","article_modified_time":"2021-03-11T08:50:07+00:00","og_image":[{"width":800,"height":533,"url":"https:\/\/www.mgc.es\/wp-content\/uploads\/2019\/11\/con-el-medico32.jpg","type":"image\/jpeg"}],"author":"Revista Inter\u00e8s Mutu","twitter_card":"summary_large_image","twitter_creator":"@mgcmutua","twitter_site":"@mgcmutua","twitter_misc":{"Escrit per":"Revista Inter\u00e8s Mutu","Temps estimat de lectura":"5 minuts"},"schema":{"@context":"https:\/\/schema.org","@graph":[{"@type":["Article","BlogPosting"],"@id":"https:\/\/www.mgc.es\/ca\/blog\/5-coses-que-has-de-saber-abans-danar-al-metge\/#article","isPartOf":{"@id":"https:\/\/www.mgc.es\/ca\/blog\/5-coses-que-has-de-saber-abans-danar-al-metge\/"},"author":{"name":"Revista Inter\u00e8s Mutu","@id":"https:\/\/www.mgc.es\/#\/schema\/person\/010c961d9c9acf38f11187a02b646c16"},"headline":"5 coses que has de saber abans d\u2019anar al metge","datePublished":"2017-07-04T22:00:00+00:00","dateModified":"2021-03-11T08:50:07+00:00","mainEntityOfPage":{"@id":"https:\/\/www.mgc.es\/ca\/blog\/5-coses-que-has-de-saber-abans-danar-al-metge\/"},"wordCount":1098,"commentCount":0,"publisher":{"@id":"https:\/\/www.mgc.es\/#organization"},"image":{"@id":"https:\/\/www.mgc.es\/ca\/blog\/5-coses-que-has-de-saber-abans-danar-al-metge\/#primaryimage"},"thumbnailUrl":"https:\/\/www.mgc.es\/wp-content\/uploads\/2019\/11\/con-el-medico32.jpg","keywords":["centre m\u00e8dic","h\u00e0bits saludables","medicina general","metge","prevenci\u00f3","salut emocional"],"articleSection":["Malalties i salut general","Salut i medicina"],"inLanguage":"ca","potentialAction":[{"@type":"CommentAction","name":"Comment","target":["https:\/\/www.mgc.es\/ca\/blog\/5-coses-que-has-de-saber-abans-danar-al-metge\/#respond"]}]},{"@type":["WebPage","ItemPage"],"@id":"https:\/\/www.mgc.es\/ca\/blog\/5-coses-que-has-de-saber-abans-danar-al-metge\/","url":"https:\/\/www.mgc.es\/ca\/blog\/5-coses-que-has-de-saber-abans-danar-al-metge\/","name":"5 coses que has de saber abans d\u2019anar al metge - MGC M\u00fatua","isPartOf":{"@id":"https:\/\/www.mgc.es\/#website"},"primaryImageOfPage":{"@id":"https:\/\/www.mgc.es\/ca\/blog\/5-coses-que-has-de-saber-abans-danar-al-metge\/#primaryimage"},"image":{"@id":"https:\/\/www.mgc.es\/ca\/blog\/5-coses-que-has-de-saber-abans-danar-al-metge\/#primaryimage"},"thumbnailUrl":"https:\/\/www.mgc.es\/wp-content\/uploads\/2019\/11\/con-el-medico32.jpg","datePublished":"2017-07-04T22:00:00+00:00","dateModified":"2021-03-11T08:50:07+00:00","breadcrumb":{"@id":"https:\/\/www.mgc.es\/ca\/blog\/5-coses-que-has-de-saber-abans-danar-al-metge\/#breadcrumb"},"inLanguage":"ca","potentialAction":[{"@type":"ReadAction","target":["https:\/\/www.mgc.es\/ca\/blog\/5-coses-que-has-de-saber-abans-danar-al-metge\/"]}]},{"@type":"ImageObject","inLanguage":"ca","@id":"https:\/\/www.mgc.es\/ca\/blog\/5-coses-que-has-de-saber-abans-danar-al-metge\/#primaryimage","url":"https:\/\/www.mgc.es\/wp-content\/uploads\/2019\/11\/con-el-medico32.jpg","contentUrl":"https:\/\/www.mgc.es\/wp-content\/uploads\/2019\/11\/con-el-medico32.jpg","width":800,"height":533},{"@type":"BreadcrumbList","@id":"https:\/\/www.mgc.es\/ca\/blog\/5-coses-que-has-de-saber-abans-danar-al-metge\/#breadcrumb","itemListElement":[{"@type":"ListItem","position":1,"name":"Home","item":"https:\/\/www.mgc.es\/ca\/"},{"@type":"ListItem","position":2,"name":"5 coses que has de saber abans d\u2019anar al metge"}]},{"@type":"WebSite","@id":"https:\/\/www.mgc.es\/#website","url":"https:\/\/www.mgc.es\/","name":"MGC M\u00fatua","description":"MGC M\u00fatua \u00e9s una entitat asseguradora sense \u00e0nim de lucre constitu\u00efda al 1982 i especialitzada en assegurances de salut i assist\u00e8ncia.","publisher":{"@id":"https:\/\/www.mgc.es\/#organization"},"alternateName":"MGC","potentialAction":[{"@type":"SearchAction","target":{"@type":"EntryPoint","urlTemplate":"https:\/\/www.mgc.es\/?s={search_term_string}"},"query-input":{"@type":"PropertyValueSpecification","valueRequired":true,"valueName":"search_term_string"}}],"inLanguage":"ca"},{"@type":"Organization","@id":"https:\/\/www.mgc.es\/#organization","name":"MGC Mutua","alternateName":"MGC","url":"https:\/\/www.mgc.es\/","logo":{"@type":"ImageObject","inLanguage":"ca","@id":"https:\/\/www.mgc.es\/#\/schema\/logo\/image\/","url":"https:\/\/www.mgc.es\/wp-content\/uploads\/2020\/03\/mgcmutua_h2_2t_reduccions.png","contentUrl":"https:\/\/www.mgc.es\/wp-content\/uploads\/2020\/03\/mgcmutua_h2_2t_reduccions.png","width":303,"height":165,"caption":"MGC Mutua"},"image":{"@id":"https:\/\/www.mgc.es\/#\/schema\/logo\/image\/"},"sameAs":["https:\/\/www.facebook.com\/mgcmutua","https:\/\/x.com\/mgcmutua","https:\/\/www.youtube.com\/c\/MGCMutua"]},{"@type":"Person","@id":"https:\/\/www.mgc.es\/#\/schema\/person\/010c961d9c9acf38f11187a02b646c16","name":"Revista Inter\u00e8s Mutu","image":{"@type":"ImageObject","inLanguage":"ca","@id":"https:\/\/secure.gravatar.com\/avatar\/52302d684339b9d7bf5691e2ad00835d62ce3b4a435f21ca9f21fbe39c63cb1b?s=96&d=mm&r=g","url":"https:\/\/secure.gravatar.com\/avatar\/52302d684339b9d7bf5691e2ad00835d62ce3b4a435f21ca9f21fbe39c63cb1b?s=96&d=mm&r=g","contentUrl":"https:\/\/secure.gravatar.com\/avatar\/52302d684339b9d7bf5691e2ad00835d62ce3b4a435f21ca9f21fbe39c63cb1b?s=96&d=mm&r=g","caption":"Revista Inter\u00e8s Mutu"}}]}},"_links":{"self":[{"href":"https:\/\/www.mgc.es\/ca\/wp-json\/wp\/v2\/posts\/11565","targetHints":{"allow":["GET"]}}],"collection":[{"href":"https:\/\/www.mgc.es\/ca\/wp-json\/wp\/v2\/posts"}],"about":[{"href":"https:\/\/www.mgc.es\/ca\/wp-json\/wp\/v2\/types\/post"}],"author":[{"embeddable":true,"href":"https:\/\/www.mgc.es\/ca\/wp-json\/wp\/v2\/users\/3"}],"replies":[{"embeddable":true,"href":"https:\/\/www.mgc.es\/ca\/wp-json\/wp\/v2\/comments?post=11565"}],"version-history":[{"count":2,"href":"https:\/\/www.mgc.es\/ca\/wp-json\/wp\/v2\/posts\/11565\/revisions"}],"predecessor-version":[{"id":21156,"href":"https:\/\/www.mgc.es\/ca\/wp-json\/wp\/v2\/posts\/11565\/revisions\/21156"}],"wp:featuredmedia":[{"embeddable":true,"href":"https:\/\/www.mgc.es\/ca\/wp-json\/wp\/v2\/media\/14098"}],"wp:attachment":[{"href":"https:\/\/www.mgc.es\/ca\/wp-json\/wp\/v2\/media?parent=11565"}],"wp:term":[{"taxonomy":"category","embeddable":true,"href":"https:\/\/www.mgc.es\/ca\/wp-json\/wp\/v2\/categories?post=11565"},{"taxonomy":"post_tag","embeddable":true,"href":"https:\/\/www.mgc.es\/ca\/wp-json\/wp\/v2\/tags?post=11565"}],"curies":[{"name":"wp","href":"https:\/\/api.w.org\/{rel}","templated":true}]}}