{"id":11555,"date":"2017-05-09T00:00:00","date_gmt":"2017-05-08T22:00:00","guid":{"rendered":"http:\/\/web-server-devel.mgc.es\/nova-oficina-de-la-mutua-general-de-catalunya-a-terrassa\/"},"modified":"2019-11-22T12:43:03","modified_gmt":"2019-11-22T11:43:03","slug":"nova-oficina-de-la-mutua-general-de-catalunya-a-terrassa","status":"publish","type":"post","link":"https:\/\/www.mgc.es\/ca\/blog\/nova-oficina-de-la-mutua-general-de-catalunya-a-terrassa\/","title":{"rendered":"Nova oficina de la M\u00fatua General de Catalunya a Terrassa"},"content":{"rendered":"<p><img loading=\"lazy\" decoding=\"async\" class=\"aligncenter size-full wp-image-3381\" src=\"https:\/\/www.mgc.es\/wp-content\/uploads\/2017\/05\/IMG_6091.jpg\" alt=\"\" width=\"640\" height=\"480\" \/>La nova oficina de la M\u00fatua General de Catalunya a Terrassa, situada ara a la Pla\u00e7a del Progr\u00e9s, 11-12, es va inaugurar el passat 4 de maig amb una jornada de portes obertes a la que van assistir representants d&#8217;entitats, associacions, clubs esportius i membres de l&#8217;ajuntament, aix\u00ed com mutualistes i ve\u00efns, que van poder con\u00e8ixer les noves instal\u00b7lacions i els diferents serveis i activitats que s&#8217;ofereixen.<!--more--><\/p>\n<p>A l&#8221;acte, que va estar presidit pel sotsdirector general de la M\u00fatua, Guillermo Padrisa, van participar Jordi Ballart, alcalde de Terrassa, Miquel S\u00e0mper, 2n tinent d\u2019alcalde de Desenvolupament Econ\u00f2mic, Ind\u00fastria i Ocupaci\u00f3 i Maruja Rambla, Regidora de Salut. Tots tres van felicitar la M\u00fatua pel seu projecte, ampliar l&#8217;oferta i enriquir la xarxa laboral del territori i li van augurar \u00e8xits futurs a la ciutat. En acabar, tots els presents van brindar amb una copa de cava.<\/p>\n<p>La nova oficina de la M\u00fatua General de Catalunya disposa del servei Espai M\u00fatua, que incorpora l&#8217;Espai M\u00fatua Estudio, Espai M\u00fatua Aniversaris, l&#8217;Espai M\u00fatua Negocis i l&#8217;Espai M\u00fatua Salut. L&#8217;objectiu de les noves instal\u00b7lacions \u00e9s estar aprop dels mutualistes de la zona d&#8217;influ\u00e8ncia i ser un punt de trobada, esdevenint un espai viu i de participaci\u00f3.<\/p>\n","protected":false},"excerpt":{"rendered":"<p>La nova oficina de la M\u00fatua General de Catalunya a Terrassa, situada ara a la Pla\u00e7a del Progr\u00e9s, 11-12, es va inaugurar el passat 4 de maig amb una jornada de portes obertes<\/p>\n","protected":false},"author":3,"featured_media":14066,"comment_status":"open","ping_status":"open","sticky":false,"template":"","format":"standard","meta":{"footnotes":""},"categories":[11],"tags":[],"class_list":["post-11555","post","type-post","status-publish","format-standard","has-post-thumbnail","hentry","category-actualitat"],"featured_image_src":"https:\/\/www.mgc.es\/wp-content\/uploads\/2019\/11\/IMG_6091.jpg","author_info":{"display_name":"Revista Inter\u00e8s Mutu","author_link":"https:\/\/www.mgc.es\/ca\/blog\/author\/interesmutu\/"},"yoast_head":"<!-- This site is optimized with the Yoast SEO plugin v27.2 - https:\/\/yoast.com\/product\/yoast-seo-wordpress\/ -->\n<title>Nova oficina de la M\u00fatua General de Catalunya a Terrassa - MGC M\u00fatua<\/title>\n<meta name=\"robots\" content=\"index, follow, max-snippet:-1, max-image-preview:large, max-video-preview:-1\" \/>\n<link rel=\"canonical\" href=\"https:\/\/www.mgc.es\/ca\/blog\/nova-oficina-de-la-mutua-general-de-catalunya-a-terrassa\/\" \/>\n<meta property=\"og:locale\" content=\"ca_ES\" \/>\n<meta property=\"og:type\" content=\"article\" \/>\n<meta property=\"og:title\" content=\"Nova oficina de la M\u00fatua General de Catalunya a Terrassa - MGC M\u00fatua\" \/>\n<meta property=\"og:description\" content=\"La nova oficina de la M\u00fatua General de Catalunya a Terrassa, situada ara a la Pla\u00e7a del Progr\u00e9s, 11-12, es va inaugurar el passat 4 de maig amb una jornada de portes obertes\" \/>\n<meta property=\"og:url\" content=\"https:\/\/www.mgc.es\/ca\/blog\/nova-oficina-de-la-mutua-general-de-catalunya-a-terrassa\/\" \/>\n<meta property=\"og:site_name\" content=\"MGC M\u00fatua\" \/>\n<meta property=\"article:publisher\" content=\"https:\/\/www.facebook.com\/mgcmutua\" \/>\n<meta property=\"article:published_time\" content=\"2017-05-08T22:00:00+00:00\" \/>\n<meta property=\"article:modified_time\" content=\"2019-11-22T11:43:03+00:00\" \/>\n<meta property=\"og:image\" content=\"https:\/\/www.mgc.es\/wp-content\/uploads\/2019\/11\/IMG_6091.jpg\" \/>\n\t<meta property=\"og:image:width\" content=\"640\" \/>\n\t<meta property=\"og:image:height\" content=\"480\" \/>\n\t<meta property=\"og:image:type\" content=\"image\/jpeg\" \/>\n<meta name=\"author\" content=\"Revista Inter\u00e8s Mutu\" \/>\n<meta name=\"twitter:card\" content=\"summary_large_image\" \/>\n<meta name=\"twitter:creator\" content=\"@mgcmutua\" \/>\n<meta name=\"twitter:site\" content=\"@mgcmutua\" \/>\n<meta name=\"twitter:label1\" content=\"Escrit per\" \/>\n\t<meta name=\"twitter:data1\" content=\"Revista Inter\u00e8s Mutu\" \/>\n\t<meta name=\"twitter:label2\" content=\"Temps estimat de lectura\" \/>\n\t<meta name=\"twitter:data2\" content=\"1 minut\" \/>\n<!-- \/ Yoast SEO plugin. -->","yoast_head_json":{"title":"Nova oficina de la M\u00fatua General de Catalunya a Terrassa - MGC M\u00fatua","robots":{"index":"index","follow":"follow","max-snippet":"max-snippet:-1","max-image-preview":"max-image-preview:large","max-video-preview":"max-video-preview:-1"},"canonical":"https:\/\/www.mgc.es\/ca\/blog\/nova-oficina-de-la-mutua-general-de-catalunya-a-terrassa\/","og_locale":"ca_ES","og_type":"article","og_title":"Nova oficina de la M\u00fatua General de Catalunya a Terrassa - MGC M\u00fatua","og_description":"La nova oficina de la M\u00fatua General de Catalunya a Terrassa, situada ara a la Pla\u00e7a del Progr\u00e9s, 11-12, es va inaugurar el passat 4 de maig amb una jornada de portes obertes","og_url":"https:\/\/www.mgc.es\/ca\/blog\/nova-oficina-de-la-mutua-general-de-catalunya-a-terrassa\/","og_site_name":"MGC M\u00fatua","article_publisher":"https:\/\/www.facebook.com\/mgcmutua","article_published_time":"2017-05-08T22:00:00+00:00","article_modified_time":"2019-11-22T11:43:03+00:00","og_image":[{"width":640,"height":480,"url":"https:\/\/www.mgc.es\/wp-content\/uploads\/2019\/11\/IMG_6091.jpg","type":"image\/jpeg"}],"author":"Revista Inter\u00e8s Mutu","twitter_card":"summary_large_image","twitter_creator":"@mgcmutua","twitter_site":"@mgcmutua","twitter_misc":{"Escrit per":"Revista Inter\u00e8s Mutu","Temps estimat de lectura":"1 minut"},"schema":{"@context":"https:\/\/schema.org","@graph":[{"@type":["Article","BlogPosting"],"@id":"https:\/\/www.mgc.es\/ca\/blog\/nova-oficina-de-la-mutua-general-de-catalunya-a-terrassa\/#article","isPartOf":{"@id":"https:\/\/www.mgc.es\/ca\/blog\/nova-oficina-de-la-mutua-general-de-catalunya-a-terrassa\/"},"author":{"name":"Revista Inter\u00e8s Mutu","@id":"https:\/\/www.mgc.es\/#\/schema\/person\/010c961d9c9acf38f11187a02b646c16"},"headline":"Nova oficina de la M\u00fatua General de Catalunya a Terrassa","datePublished":"2017-05-08T22:00:00+00:00","dateModified":"2019-11-22T11:43:03+00:00","mainEntityOfPage":{"@id":"https:\/\/www.mgc.es\/ca\/blog\/nova-oficina-de-la-mutua-general-de-catalunya-a-terrassa\/"},"wordCount":230,"commentCount":0,"publisher":{"@id":"https:\/\/www.mgc.es\/#organization"},"image":{"@id":"https:\/\/www.mgc.es\/ca\/blog\/nova-oficina-de-la-mutua-general-de-catalunya-a-terrassa\/#primaryimage"},"thumbnailUrl":"https:\/\/www.mgc.es\/wp-content\/uploads\/2019\/11\/IMG_6091.jpg","articleSection":["Actualitat M\u00fatua"],"inLanguage":"ca","potentialAction":[{"@type":"CommentAction","name":"Comment","target":["https:\/\/www.mgc.es\/ca\/blog\/nova-oficina-de-la-mutua-general-de-catalunya-a-terrassa\/#respond"]}]},{"@type":["WebPage","ItemPage"],"@id":"https:\/\/www.mgc.es\/ca\/blog\/nova-oficina-de-la-mutua-general-de-catalunya-a-terrassa\/","url":"https:\/\/www.mgc.es\/ca\/blog\/nova-oficina-de-la-mutua-general-de-catalunya-a-terrassa\/","name":"Nova oficina de la M\u00fatua General de Catalunya a Terrassa - MGC M\u00fatua","isPartOf":{"@id":"https:\/\/www.mgc.es\/#website"},"primaryImageOfPage":{"@id":"https:\/\/www.mgc.es\/ca\/blog\/nova-oficina-de-la-mutua-general-de-catalunya-a-terrassa\/#primaryimage"},"image":{"@id":"https:\/\/www.mgc.es\/ca\/blog\/nova-oficina-de-la-mutua-general-de-catalunya-a-terrassa\/#primaryimage"},"thumbnailUrl":"https:\/\/www.mgc.es\/wp-content\/uploads\/2019\/11\/IMG_6091.jpg","datePublished":"2017-05-08T22:00:00+00:00","dateModified":"2019-11-22T11:43:03+00:00","breadcrumb":{"@id":"https:\/\/www.mgc.es\/ca\/blog\/nova-oficina-de-la-mutua-general-de-catalunya-a-terrassa\/#breadcrumb"},"inLanguage":"ca","potentialAction":[{"@type":"ReadAction","target":["https:\/\/www.mgc.es\/ca\/blog\/nova-oficina-de-la-mutua-general-de-catalunya-a-terrassa\/"]}]},{"@type":"ImageObject","inLanguage":"ca","@id":"https:\/\/www.mgc.es\/ca\/blog\/nova-oficina-de-la-mutua-general-de-catalunya-a-terrassa\/#primaryimage","url":"https:\/\/www.mgc.es\/wp-content\/uploads\/2019\/11\/IMG_6091.jpg","contentUrl":"https:\/\/www.mgc.es\/wp-content\/uploads\/2019\/11\/IMG_6091.jpg","width":640,"height":480},{"@type":"BreadcrumbList","@id":"https:\/\/www.mgc.es\/ca\/blog\/nova-oficina-de-la-mutua-general-de-catalunya-a-terrassa\/#breadcrumb","itemListElement":[{"@type":"ListItem","position":1,"name":"Home","item":"https:\/\/www.mgc.es\/ca\/"},{"@type":"ListItem","position":2,"name":"Nova oficina de la M\u00fatua General de Catalunya a Terrassa"}]},{"@type":"WebSite","@id":"https:\/\/www.mgc.es\/#website","url":"https:\/\/www.mgc.es\/","name":"MGC M\u00fatua","description":"MGC M\u00fatua \u00e9s una entitat asseguradora sense \u00e0nim de lucre constitu\u00efda al 1982 i especialitzada en assegurances de salut i assist\u00e8ncia.","publisher":{"@id":"https:\/\/www.mgc.es\/#organization"},"alternateName":"MGC","potentialAction":[{"@type":"SearchAction","target":{"@type":"EntryPoint","urlTemplate":"https:\/\/www.mgc.es\/?s={search_term_string}"},"query-input":{"@type":"PropertyValueSpecification","valueRequired":true,"valueName":"search_term_string"}}],"inLanguage":"ca"},{"@type":"Organization","@id":"https:\/\/www.mgc.es\/#organization","name":"MGC Mutua","alternateName":"MGC","url":"https:\/\/www.mgc.es\/","logo":{"@type":"ImageObject","inLanguage":"ca","@id":"https:\/\/www.mgc.es\/#\/schema\/logo\/image\/","url":"https:\/\/www.mgc.es\/wp-content\/uploads\/2020\/03\/mgcmutua_h2_2t_reduccions.png","contentUrl":"https:\/\/www.mgc.es\/wp-content\/uploads\/2020\/03\/mgcmutua_h2_2t_reduccions.png","width":303,"height":165,"caption":"MGC Mutua"},"image":{"@id":"https:\/\/www.mgc.es\/#\/schema\/logo\/image\/"},"sameAs":["https:\/\/www.facebook.com\/mgcmutua","https:\/\/x.com\/mgcmutua","https:\/\/www.youtube.com\/c\/MGCMutua"]},{"@type":"Person","@id":"https:\/\/www.mgc.es\/#\/schema\/person\/010c961d9c9acf38f11187a02b646c16","name":"Revista Inter\u00e8s Mutu","image":{"@type":"ImageObject","inLanguage":"ca","@id":"https:\/\/secure.gravatar.com\/avatar\/52302d684339b9d7bf5691e2ad00835d62ce3b4a435f21ca9f21fbe39c63cb1b?s=96&d=mm&r=g","url":"https:\/\/secure.gravatar.com\/avatar\/52302d684339b9d7bf5691e2ad00835d62ce3b4a435f21ca9f21fbe39c63cb1b?s=96&d=mm&r=g","contentUrl":"https:\/\/secure.gravatar.com\/avatar\/52302d684339b9d7bf5691e2ad00835d62ce3b4a435f21ca9f21fbe39c63cb1b?s=96&d=mm&r=g","caption":"Revista Inter\u00e8s Mutu"}}]}},"_links":{"self":[{"href":"https:\/\/www.mgc.es\/ca\/wp-json\/wp\/v2\/posts\/11555","targetHints":{"allow":["GET"]}}],"collection":[{"href":"https:\/\/www.mgc.es\/ca\/wp-json\/wp\/v2\/posts"}],"about":[{"href":"https:\/\/www.mgc.es\/ca\/wp-json\/wp\/v2\/types\/post"}],"author":[{"embeddable":true,"href":"https:\/\/www.mgc.es\/ca\/wp-json\/wp\/v2\/users\/3"}],"replies":[{"embeddable":true,"href":"https:\/\/www.mgc.es\/ca\/wp-json\/wp\/v2\/comments?post=11555"}],"version-history":[{"count":1,"href":"https:\/\/www.mgc.es\/ca\/wp-json\/wp\/v2\/posts\/11555\/revisions"}],"predecessor-version":[{"id":15072,"href":"https:\/\/www.mgc.es\/ca\/wp-json\/wp\/v2\/posts\/11555\/revisions\/15072"}],"wp:featuredmedia":[{"embeddable":true,"href":"https:\/\/www.mgc.es\/ca\/wp-json\/wp\/v2\/media\/14066"}],"wp:attachment":[{"href":"https:\/\/www.mgc.es\/ca\/wp-json\/wp\/v2\/media?parent=11555"}],"wp:term":[{"taxonomy":"category","embeddable":true,"href":"https:\/\/www.mgc.es\/ca\/wp-json\/wp\/v2\/categories?post=11555"},{"taxonomy":"post_tag","embeddable":true,"href":"https:\/\/www.mgc.es\/ca\/wp-json\/wp\/v2\/tags?post=11555"}],"curies":[{"name":"wp","href":"https:\/\/api.w.org\/{rel}","templated":true}]}}