{"id":11545,"date":"2017-03-10T00:00:00","date_gmt":"2017-03-09T23:00:00","guid":{"rendered":"http:\/\/web-server-devel.mgc.es\/acord-de-col%c2%b7laboracio-amb-el-club-tennis-padel-jordi-plana\/"},"modified":"2019-11-22T12:43:06","modified_gmt":"2019-11-22T11:43:06","slug":"acord-de-col%c2%b7laboracio-amb-el-club-tennis-padel-jordi-plana","status":"publish","type":"post","link":"https:\/\/www.mgc.es\/ca\/blog\/acord-de-col%c2%b7laboracio-amb-el-club-tennis-padel-jordi-plana\/","title":{"rendered":"Acord de col\u00b7laboraci\u00f3 amb el Club Tennis P\u00e0del Jordi Plana"},"content":{"rendered":"<p><img loading=\"lazy\" decoding=\"async\" class=\"aligncenter size-large wp-image-3187\" src=\"https:\/\/www.mgc.es\/wp-content\/uploads\/2017\/03\/jordi-plana-acord-feb17-2-1024x782.jpg\" alt=\"\" width=\"584\" height=\"446\" \/>El passat mes de febrer, el Club Tennis P\u00e0del Jordi Plana va signar un <a href=\"http:\/\/tpgranollers.cat\/es\/2017\/02\/21\/jordi-plana-firma-un-acuerdo-de-colaboracion-con-la-mutua-general-de-catalunya\/\">acord <\/a>de col\u00b7laboraci\u00f3 amb la nostra entitat per a prestar les cobertures asseguradores a tots els associats i als seus familiars. La signatura va tenir lloc a les instal\u00b7lacions de l&#8217;entitat esportiva entre Jordi Plana, gerent del club, i Guillermo Padrisa, sotsdirector general i director comercial de la M\u00fatua.<!--more--><\/p>\n<p>El club\u00a0 \u00e9s un espai social i proper que el 2015 comen\u00e7a a ser gestionat per l&#8217;escola de Tennis i P\u00e0del Jordi Plana, renovant l&#8217;antic Club Tennis Granollers per transformar-lo en l&#8217;actual Tennis P\u00e0del Granollers. Compta amb 4 pistes de tennis r\u00e0pides i 3 pistes de p\u00e0del, restaurant, vestuaris i espais de gesti\u00f3 i reunions.<\/p>\n","protected":false},"excerpt":{"rendered":"<p>El passat mes de febrer, el Club P\u00e0del Jordi Plana va signar un acord de col\u00b7laboraci\u00f3 amb la nostra entitat&#8230;<\/p>\n","protected":false},"author":3,"featured_media":14034,"comment_status":"open","ping_status":"open","sticky":false,"template":"","format":"standard","meta":{"footnotes":""},"categories":[11],"tags":[],"class_list":["post-11545","post","type-post","status-publish","format-standard","has-post-thumbnail","hentry","category-actualitat"],"featured_image_src":"https:\/\/www.mgc.es\/wp-content\/uploads\/2019\/11\/jordi-plana-acord-feb17-2-1024x782.jpg","author_info":{"display_name":"Revista Inter\u00e8s Mutu","author_link":"https:\/\/www.mgc.es\/ca\/blog\/author\/interesmutu\/"},"yoast_head":"<!-- This site is optimized with the Yoast SEO plugin v27.2 - https:\/\/yoast.com\/product\/yoast-seo-wordpress\/ -->\n<title>Acord de col\u00b7laboraci\u00f3 amb el Club Tennis P\u00e0del Jordi Plana - MGC M\u00fatua<\/title>\n<meta name=\"robots\" content=\"index, follow, max-snippet:-1, max-image-preview:large, max-video-preview:-1\" \/>\n<link rel=\"canonical\" href=\"https:\/\/www.mgc.es\/ca\/blog\/acord-de-col\u00b7laboracio-amb-el-club-tennis-padel-jordi-plana\/\" \/>\n<meta property=\"og:locale\" content=\"ca_ES\" \/>\n<meta property=\"og:type\" content=\"article\" \/>\n<meta property=\"og:title\" content=\"Acord de col\u00b7laboraci\u00f3 amb el Club Tennis P\u00e0del Jordi Plana - MGC M\u00fatua\" \/>\n<meta property=\"og:description\" content=\"El passat mes de febrer, el Club P\u00e0del Jordi Plana va signar un acord de col\u00b7laboraci\u00f3 amb la nostra entitat...\" \/>\n<meta property=\"og:url\" content=\"https:\/\/www.mgc.es\/ca\/blog\/acord-de-col\u00b7laboracio-amb-el-club-tennis-padel-jordi-plana\/\" \/>\n<meta property=\"og:site_name\" content=\"MGC M\u00fatua\" \/>\n<meta property=\"article:publisher\" content=\"https:\/\/www.facebook.com\/mgcmutua\" \/>\n<meta property=\"article:published_time\" content=\"2017-03-09T23:00:00+00:00\" \/>\n<meta property=\"article:modified_time\" content=\"2019-11-22T11:43:06+00:00\" \/>\n<meta property=\"og:image\" content=\"https:\/\/www.mgc.es\/wp-content\/uploads\/2019\/11\/jordi-plana-acord-feb17-2-1024x782.jpg\" \/>\n\t<meta property=\"og:image:width\" content=\"1024\" \/>\n\t<meta property=\"og:image:height\" content=\"782\" \/>\n\t<meta property=\"og:image:type\" content=\"image\/jpeg\" \/>\n<meta name=\"author\" content=\"Revista Inter\u00e8s Mutu\" \/>\n<meta name=\"twitter:card\" content=\"summary_large_image\" \/>\n<meta name=\"twitter:creator\" content=\"@mgcmutua\" \/>\n<meta name=\"twitter:site\" content=\"@mgcmutua\" \/>\n<meta name=\"twitter:label1\" content=\"Escrit per\" \/>\n\t<meta name=\"twitter:data1\" content=\"Revista Inter\u00e8s Mutu\" \/>\n\t<meta name=\"twitter:label2\" content=\"Temps estimat de lectura\" \/>\n\t<meta name=\"twitter:data2\" content=\"1 minut\" \/>\n<!-- \/ Yoast SEO plugin. -->","yoast_head_json":{"title":"Acord de col\u00b7laboraci\u00f3 amb el Club Tennis P\u00e0del Jordi Plana - MGC M\u00fatua","robots":{"index":"index","follow":"follow","max-snippet":"max-snippet:-1","max-image-preview":"max-image-preview:large","max-video-preview":"max-video-preview:-1"},"canonical":"https:\/\/www.mgc.es\/ca\/blog\/acord-de-col\u00b7laboracio-amb-el-club-tennis-padel-jordi-plana\/","og_locale":"ca_ES","og_type":"article","og_title":"Acord de col\u00b7laboraci\u00f3 amb el Club Tennis P\u00e0del Jordi Plana - MGC M\u00fatua","og_description":"El passat mes de febrer, el Club P\u00e0del Jordi Plana va signar un acord de col\u00b7laboraci\u00f3 amb la nostra entitat...","og_url":"https:\/\/www.mgc.es\/ca\/blog\/acord-de-col\u00b7laboracio-amb-el-club-tennis-padel-jordi-plana\/","og_site_name":"MGC M\u00fatua","article_publisher":"https:\/\/www.facebook.com\/mgcmutua","article_published_time":"2017-03-09T23:00:00+00:00","article_modified_time":"2019-11-22T11:43:06+00:00","og_image":[{"width":1024,"height":782,"url":"https:\/\/www.mgc.es\/wp-content\/uploads\/2019\/11\/jordi-plana-acord-feb17-2-1024x782.jpg","type":"image\/jpeg"}],"author":"Revista Inter\u00e8s Mutu","twitter_card":"summary_large_image","twitter_creator":"@mgcmutua","twitter_site":"@mgcmutua","twitter_misc":{"Escrit per":"Revista Inter\u00e8s Mutu","Temps estimat de lectura":"1 minut"},"schema":{"@context":"https:\/\/schema.org","@graph":[{"@type":["Article","BlogPosting"],"@id":"https:\/\/www.mgc.es\/ca\/blog\/acord-de-col%c2%b7laboracio-amb-el-club-tennis-padel-jordi-plana\/#article","isPartOf":{"@id":"https:\/\/www.mgc.es\/ca\/blog\/acord-de-col%c2%b7laboracio-amb-el-club-tennis-padel-jordi-plana\/"},"author":{"name":"Revista Inter\u00e8s Mutu","@id":"https:\/\/www.mgc.es\/#\/schema\/person\/010c961d9c9acf38f11187a02b646c16"},"headline":"Acord de col\u00b7laboraci\u00f3 amb el Club Tennis P\u00e0del Jordi Plana","datePublished":"2017-03-09T23:00:00+00:00","dateModified":"2019-11-22T11:43:06+00:00","mainEntityOfPage":{"@id":"https:\/\/www.mgc.es\/ca\/blog\/acord-de-col%c2%b7laboracio-amb-el-club-tennis-padel-jordi-plana\/"},"wordCount":136,"commentCount":0,"publisher":{"@id":"https:\/\/www.mgc.es\/#organization"},"image":{"@id":"https:\/\/www.mgc.es\/ca\/blog\/acord-de-col%c2%b7laboracio-amb-el-club-tennis-padel-jordi-plana\/#primaryimage"},"thumbnailUrl":"https:\/\/www.mgc.es\/wp-content\/uploads\/2019\/11\/jordi-plana-acord-feb17-2-1024x782.jpg","articleSection":["Actualitat M\u00fatua"],"inLanguage":"ca","potentialAction":[{"@type":"CommentAction","name":"Comment","target":["https:\/\/www.mgc.es\/ca\/blog\/acord-de-col%c2%b7laboracio-amb-el-club-tennis-padel-jordi-plana\/#respond"]}]},{"@type":["WebPage","ItemPage"],"@id":"https:\/\/www.mgc.es\/ca\/blog\/acord-de-col%c2%b7laboracio-amb-el-club-tennis-padel-jordi-plana\/","url":"https:\/\/www.mgc.es\/ca\/blog\/acord-de-col%c2%b7laboracio-amb-el-club-tennis-padel-jordi-plana\/","name":"Acord de col\u00b7laboraci\u00f3 amb el Club Tennis P\u00e0del Jordi Plana - MGC M\u00fatua","isPartOf":{"@id":"https:\/\/www.mgc.es\/#website"},"primaryImageOfPage":{"@id":"https:\/\/www.mgc.es\/ca\/blog\/acord-de-col%c2%b7laboracio-amb-el-club-tennis-padel-jordi-plana\/#primaryimage"},"image":{"@id":"https:\/\/www.mgc.es\/ca\/blog\/acord-de-col%c2%b7laboracio-amb-el-club-tennis-padel-jordi-plana\/#primaryimage"},"thumbnailUrl":"https:\/\/www.mgc.es\/wp-content\/uploads\/2019\/11\/jordi-plana-acord-feb17-2-1024x782.jpg","datePublished":"2017-03-09T23:00:00+00:00","dateModified":"2019-11-22T11:43:06+00:00","breadcrumb":{"@id":"https:\/\/www.mgc.es\/ca\/blog\/acord-de-col%c2%b7laboracio-amb-el-club-tennis-padel-jordi-plana\/#breadcrumb"},"inLanguage":"ca","potentialAction":[{"@type":"ReadAction","target":["https:\/\/www.mgc.es\/ca\/blog\/acord-de-col%c2%b7laboracio-amb-el-club-tennis-padel-jordi-plana\/"]}]},{"@type":"ImageObject","inLanguage":"ca","@id":"https:\/\/www.mgc.es\/ca\/blog\/acord-de-col%c2%b7laboracio-amb-el-club-tennis-padel-jordi-plana\/#primaryimage","url":"https:\/\/www.mgc.es\/wp-content\/uploads\/2019\/11\/jordi-plana-acord-feb17-2-1024x782.jpg","contentUrl":"https:\/\/www.mgc.es\/wp-content\/uploads\/2019\/11\/jordi-plana-acord-feb17-2-1024x782.jpg","width":1024,"height":782},{"@type":"BreadcrumbList","@id":"https:\/\/www.mgc.es\/ca\/blog\/acord-de-col%c2%b7laboracio-amb-el-club-tennis-padel-jordi-plana\/#breadcrumb","itemListElement":[{"@type":"ListItem","position":1,"name":"Home","item":"https:\/\/www.mgc.es\/ca\/"},{"@type":"ListItem","position":2,"name":"Acord de col\u00b7laboraci\u00f3 amb el Club Tennis P\u00e0del Jordi Plana"}]},{"@type":"WebSite","@id":"https:\/\/www.mgc.es\/#website","url":"https:\/\/www.mgc.es\/","name":"MGC M\u00fatua","description":"MGC M\u00fatua \u00e9s una entitat asseguradora sense \u00e0nim de lucre constitu\u00efda al 1982 i especialitzada en assegurances de salut i assist\u00e8ncia.","publisher":{"@id":"https:\/\/www.mgc.es\/#organization"},"alternateName":"MGC","potentialAction":[{"@type":"SearchAction","target":{"@type":"EntryPoint","urlTemplate":"https:\/\/www.mgc.es\/?s={search_term_string}"},"query-input":{"@type":"PropertyValueSpecification","valueRequired":true,"valueName":"search_term_string"}}],"inLanguage":"ca"},{"@type":"Organization","@id":"https:\/\/www.mgc.es\/#organization","name":"MGC Mutua","alternateName":"MGC","url":"https:\/\/www.mgc.es\/","logo":{"@type":"ImageObject","inLanguage":"ca","@id":"https:\/\/www.mgc.es\/#\/schema\/logo\/image\/","url":"https:\/\/www.mgc.es\/wp-content\/uploads\/2020\/03\/mgcmutua_h2_2t_reduccions.png","contentUrl":"https:\/\/www.mgc.es\/wp-content\/uploads\/2020\/03\/mgcmutua_h2_2t_reduccions.png","width":303,"height":165,"caption":"MGC Mutua"},"image":{"@id":"https:\/\/www.mgc.es\/#\/schema\/logo\/image\/"},"sameAs":["https:\/\/www.facebook.com\/mgcmutua","https:\/\/x.com\/mgcmutua","https:\/\/www.youtube.com\/c\/MGCMutua"]},{"@type":"Person","@id":"https:\/\/www.mgc.es\/#\/schema\/person\/010c961d9c9acf38f11187a02b646c16","name":"Revista Inter\u00e8s Mutu","image":{"@type":"ImageObject","inLanguage":"ca","@id":"https:\/\/secure.gravatar.com\/avatar\/52302d684339b9d7bf5691e2ad00835d62ce3b4a435f21ca9f21fbe39c63cb1b?s=96&d=mm&r=g","url":"https:\/\/secure.gravatar.com\/avatar\/52302d684339b9d7bf5691e2ad00835d62ce3b4a435f21ca9f21fbe39c63cb1b?s=96&d=mm&r=g","contentUrl":"https:\/\/secure.gravatar.com\/avatar\/52302d684339b9d7bf5691e2ad00835d62ce3b4a435f21ca9f21fbe39c63cb1b?s=96&d=mm&r=g","caption":"Revista Inter\u00e8s Mutu"}}]}},"_links":{"self":[{"href":"https:\/\/www.mgc.es\/ca\/wp-json\/wp\/v2\/posts\/11545","targetHints":{"allow":["GET"]}}],"collection":[{"href":"https:\/\/www.mgc.es\/ca\/wp-json\/wp\/v2\/posts"}],"about":[{"href":"https:\/\/www.mgc.es\/ca\/wp-json\/wp\/v2\/types\/post"}],"author":[{"embeddable":true,"href":"https:\/\/www.mgc.es\/ca\/wp-json\/wp\/v2\/users\/3"}],"replies":[{"embeddable":true,"href":"https:\/\/www.mgc.es\/ca\/wp-json\/wp\/v2\/comments?post=11545"}],"version-history":[{"count":1,"href":"https:\/\/www.mgc.es\/ca\/wp-json\/wp\/v2\/posts\/11545\/revisions"}],"predecessor-version":[{"id":15062,"href":"https:\/\/www.mgc.es\/ca\/wp-json\/wp\/v2\/posts\/11545\/revisions\/15062"}],"wp:featuredmedia":[{"embeddable":true,"href":"https:\/\/www.mgc.es\/ca\/wp-json\/wp\/v2\/media\/14034"}],"wp:attachment":[{"href":"https:\/\/www.mgc.es\/ca\/wp-json\/wp\/v2\/media?parent=11545"}],"wp:term":[{"taxonomy":"category","embeddable":true,"href":"https:\/\/www.mgc.es\/ca\/wp-json\/wp\/v2\/categories?post=11545"},{"taxonomy":"post_tag","embeddable":true,"href":"https:\/\/www.mgc.es\/ca\/wp-json\/wp\/v2\/tags?post=11545"}],"curies":[{"name":"wp","href":"https:\/\/api.w.org\/{rel}","templated":true}]}}