{"id":11533,"date":"2016-12-05T00:00:00","date_gmt":"2016-12-04T23:00:00","guid":{"rendered":"http:\/\/web-server-devel.mgc.es\/la-mutua-general-de-catalunya-presenta-el-seu-projecte-a-la-ciutadania-del-vendrell\/"},"modified":"2021-03-10T17:00:29","modified_gmt":"2021-03-10T16:00:29","slug":"la-mutua-general-de-catalunya-presenta-el-seu-projecte-a-la-ciutadania-del-vendrell","status":"publish","type":"post","link":"https:\/\/www.mgc.es\/ca\/blog\/la-mutua-general-de-catalunya-presenta-el-seu-projecte-a-la-ciutadania-del-vendrell\/","title":{"rendered":"La M\u00fatua General de Catalunya presenta el seu projecte a la ciutadania del Vendrell"},"content":{"rendered":"<p><img loading=\"lazy\" decoding=\"async\" class=\"aligncenter size-full wp-image-2915\" src=\"https:\/\/www.mgc.es\/wp-content\/uploads\/2016\/12\/Vendrell_Inaugura_IMG_6506.jpg\" alt=\"Vendrell_Inaugura_IMG_6506\" width=\"640\" height=\"480\">L&#8217;oficina de la M\u00fatua General de Catalunya al Vendrell va ser inaugurada el passat 1 de desembre&nbsp; amb una jornada de portes obertes a la que van assistir representants d&#8217;entitats, associacions, clubs esportius i membres de l\u2019Ajuntament, aix\u00ed com mutualistes i ve\u00efns. Tots ells van poder con\u00e8ixer de primera m\u00e0 les noves instal\u00b7lacions i van celebrar els serveis i les diferents activitats que els ofereix. <!--more--><\/p>\n<p>A l&#8217;acte, que va estar presidit pel sotsdirector general de la M\u00fatua, en Guillermo Padrisa, va participar l&#8217;alcalde del Vendrell, en Mart\u00ed Carnicer, que va felicitar la M\u00fatua pel seu projecte i li va augurar \u00e8xits futurs a la ciutat. En acabar, tos els presents van poder brindar amb una copa de cava.<\/p>\n<p>La nova oficina de la M\u00fatua General de Catalunya compta amb el servei Espai M\u00fatua, que integren l&#8217;Espai M\u00fatua Estudi, l&#8217;Espai M\u00fatua Aniversaris, l&#8217; Espai M\u00fatua Negocis i l&#8217;Espai M\u00fatua Salut, tots ells dotats dels seus respectius serveis. L\u2019objectiu \u00e9s acostar la M\u00fatua als mutualistes de la zona d\u2019influ\u00e8ncia i ser un punt de trobada, convertint-les en espais vius i de participaci\u00f3.<\/p>\n<p><img loading=\"lazy\" decoding=\"async\" class=\"aligncenter size-large wp-image-2916\" src=\"https:\/\/www.mgc.es\/wp-content\/uploads\/2016\/12\/Vendrell_inaugura_IMG_6502-1024x768.jpg\" alt=\"Vendrell\" width=\"584\" height=\"438\">En paraules d&#8217;en Guillermo Padrisa, sotsdirector general de la M\u00fatua, sobre aquest servei: &#8220;Treballem per oferir als mutualistes i a la ciutadania en general activitats que els aportin valor: xerrades sobre temes de salut i medicina de m\u00e0xima actualitat; tallers d&#8217;aprenentatge per als nens &#8220;Aloha Mental Arithmetic&#8221;, un m\u00e8tode amb pres\u00e8ncia internacional en 18 pa\u00efsos; tallers &#8220;Gymboree&#8221;, dirigits a les mares per al desenvolupament de la psicomotricitat dels seus nadons; i fins i tot festes d&#8217;aniversari per als nens amb animaci\u00f3 i molts regals. La nostra voluntat \u00e9s, en definitiva, oferir un intangible de qualitat, no nom\u00e9s per l\u2019alt nivell de prestacions i cobertures que oferim a la M\u00fatua, sin\u00f3 per aquest tipus de servei que aposta decididament per la proximitat&#8221;.<\/p>\n<p>Les noves instal\u00b7lacions, obertes al p\u00fablic des d&#8217;aquest mes de novembre, ja disposen de tot l&#8217;equipament necessari per oferir la millor atenci\u00f3 als mutualistes del Vendrell. D&#8217;aquesta manera, s\u00f3n 21 les oficines arreu del territori amb la nova imatge de la M\u00fatua General de Catalunya: Barcelona, Sant Cugat, Sabadell, Terrassa, Granollers, Matar\u00f3, Vilanova i la Geltr\u00fa, Igualada, Vic, Manresa, Girona, Figueres, Olot, Blanes, Palam\u00f3s, Tarragona, Tortosa, Reus, El Vendrell, Lleida i Palma de Mallorca.<\/p>\n","protected":false},"excerpt":{"rendered":"<p>L&#8217;oficina de la M\u00fatua General de Catalunya al Vendrell va ser inaugurada amb una jornada de portes obertes, que va tenir lloc el passat 1 de desembre, i a la qual van assistir representants d&#8217;entitats, associacions, clubs esportius i membres de l\u2019Ajuntament, aix\u00ed com mutualistes i ve\u00efns.<\/p>\n","protected":false},"author":3,"featured_media":13996,"comment_status":"open","ping_status":"open","sticky":false,"template":"","format":"standard","meta":{"footnotes":""},"categories":[11],"tags":[],"class_list":["post-11533","post","type-post","status-publish","format-standard","has-post-thumbnail","hentry","category-actualitat"],"featured_image_src":"https:\/\/www.mgc.es\/wp-content\/uploads\/2019\/11\/Vendrell_Inaugura_IMG_6506.jpg","author_info":{"display_name":"Revista Inter\u00e8s Mutu","author_link":"https:\/\/www.mgc.es\/ca\/blog\/author\/interesmutu\/"},"yoast_head":"<!-- This site is optimized with the Yoast SEO plugin v27.2 - https:\/\/yoast.com\/product\/yoast-seo-wordpress\/ -->\n<title>La M\u00fatua General de Catalunya presenta el seu projecte a la ciutadania del Vendrell - MGC M\u00fatua<\/title>\n<meta name=\"robots\" content=\"index, follow, max-snippet:-1, max-image-preview:large, max-video-preview:-1\" \/>\n<link rel=\"canonical\" href=\"https:\/\/www.mgc.es\/ca\/blog\/la-mutua-general-de-catalunya-presenta-el-seu-projecte-a-la-ciutadania-del-vendrell\/\" \/>\n<meta property=\"og:locale\" content=\"ca_ES\" \/>\n<meta property=\"og:type\" content=\"article\" \/>\n<meta property=\"og:title\" content=\"La M\u00fatua General de Catalunya presenta el seu projecte a la ciutadania del Vendrell - MGC M\u00fatua\" \/>\n<meta property=\"og:description\" content=\"L&#039;oficina de la M\u00fatua General de Catalunya al Vendrell va ser inaugurada amb una jornada de portes obertes, que va tenir lloc el passat 1 de desembre, i a la qual van assistir representants d&#039;entitats, associacions, clubs esportius i membres de l\u2019Ajuntament, aix\u00ed com mutualistes i ve\u00efns.\" \/>\n<meta property=\"og:url\" content=\"https:\/\/www.mgc.es\/ca\/blog\/la-mutua-general-de-catalunya-presenta-el-seu-projecte-a-la-ciutadania-del-vendrell\/\" \/>\n<meta property=\"og:site_name\" content=\"MGC M\u00fatua\" \/>\n<meta property=\"article:publisher\" content=\"https:\/\/www.facebook.com\/mgcmutua\" \/>\n<meta property=\"article:published_time\" content=\"2016-12-04T23:00:00+00:00\" \/>\n<meta property=\"article:modified_time\" content=\"2021-03-10T16:00:29+00:00\" \/>\n<meta property=\"og:image\" content=\"https:\/\/www.mgc.es\/wp-content\/uploads\/2019\/11\/Vendrell_Inaugura_IMG_6506.jpg\" \/>\n\t<meta property=\"og:image:width\" content=\"640\" \/>\n\t<meta property=\"og:image:height\" content=\"480\" \/>\n\t<meta property=\"og:image:type\" content=\"image\/jpeg\" \/>\n<meta name=\"author\" content=\"Revista Inter\u00e8s Mutu\" \/>\n<meta name=\"twitter:card\" content=\"summary_large_image\" \/>\n<meta name=\"twitter:creator\" content=\"@mgcmutua\" \/>\n<meta name=\"twitter:site\" content=\"@mgcmutua\" \/>\n<meta name=\"twitter:label1\" content=\"Escrit per\" \/>\n\t<meta name=\"twitter:data1\" content=\"Revista Inter\u00e8s Mutu\" \/>\n\t<meta name=\"twitter:label2\" content=\"Temps estimat de lectura\" \/>\n\t<meta name=\"twitter:data2\" content=\"2 minuts\" \/>\n<!-- \/ Yoast SEO plugin. -->","yoast_head_json":{"title":"La M\u00fatua General de Catalunya presenta el seu projecte a la ciutadania del Vendrell - MGC M\u00fatua","robots":{"index":"index","follow":"follow","max-snippet":"max-snippet:-1","max-image-preview":"max-image-preview:large","max-video-preview":"max-video-preview:-1"},"canonical":"https:\/\/www.mgc.es\/ca\/blog\/la-mutua-general-de-catalunya-presenta-el-seu-projecte-a-la-ciutadania-del-vendrell\/","og_locale":"ca_ES","og_type":"article","og_title":"La M\u00fatua General de Catalunya presenta el seu projecte a la ciutadania del Vendrell - MGC M\u00fatua","og_description":"L'oficina de la M\u00fatua General de Catalunya al Vendrell va ser inaugurada amb una jornada de portes obertes, que va tenir lloc el passat 1 de desembre, i a la qual van assistir representants d'entitats, associacions, clubs esportius i membres de l\u2019Ajuntament, aix\u00ed com mutualistes i ve\u00efns.","og_url":"https:\/\/www.mgc.es\/ca\/blog\/la-mutua-general-de-catalunya-presenta-el-seu-projecte-a-la-ciutadania-del-vendrell\/","og_site_name":"MGC M\u00fatua","article_publisher":"https:\/\/www.facebook.com\/mgcmutua","article_published_time":"2016-12-04T23:00:00+00:00","article_modified_time":"2021-03-10T16:00:29+00:00","og_image":[{"width":640,"height":480,"url":"https:\/\/www.mgc.es\/wp-content\/uploads\/2019\/11\/Vendrell_Inaugura_IMG_6506.jpg","type":"image\/jpeg"}],"author":"Revista Inter\u00e8s Mutu","twitter_card":"summary_large_image","twitter_creator":"@mgcmutua","twitter_site":"@mgcmutua","twitter_misc":{"Escrit per":"Revista Inter\u00e8s Mutu","Temps estimat de lectura":"2 minuts"},"schema":{"@context":"https:\/\/schema.org","@graph":[{"@type":["Article","BlogPosting"],"@id":"https:\/\/www.mgc.es\/ca\/blog\/la-mutua-general-de-catalunya-presenta-el-seu-projecte-a-la-ciutadania-del-vendrell\/#article","isPartOf":{"@id":"https:\/\/www.mgc.es\/ca\/blog\/la-mutua-general-de-catalunya-presenta-el-seu-projecte-a-la-ciutadania-del-vendrell\/"},"author":{"name":"Revista Inter\u00e8s Mutu","@id":"https:\/\/www.mgc.es\/#\/schema\/person\/010c961d9c9acf38f11187a02b646c16"},"headline":"La M\u00fatua General de Catalunya presenta el seu projecte a la ciutadania del Vendrell","datePublished":"2016-12-04T23:00:00+00:00","dateModified":"2021-03-10T16:00:29+00:00","mainEntityOfPage":{"@id":"https:\/\/www.mgc.es\/ca\/blog\/la-mutua-general-de-catalunya-presenta-el-seu-projecte-a-la-ciutadania-del-vendrell\/"},"wordCount":418,"commentCount":0,"publisher":{"@id":"https:\/\/www.mgc.es\/#organization"},"image":{"@id":"https:\/\/www.mgc.es\/ca\/blog\/la-mutua-general-de-catalunya-presenta-el-seu-projecte-a-la-ciutadania-del-vendrell\/#primaryimage"},"thumbnailUrl":"https:\/\/www.mgc.es\/wp-content\/uploads\/2019\/11\/Vendrell_Inaugura_IMG_6506.jpg","articleSection":["Actualitat M\u00fatua"],"inLanguage":"ca","potentialAction":[{"@type":"CommentAction","name":"Comment","target":["https:\/\/www.mgc.es\/ca\/blog\/la-mutua-general-de-catalunya-presenta-el-seu-projecte-a-la-ciutadania-del-vendrell\/#respond"]}]},{"@type":["WebPage","ItemPage"],"@id":"https:\/\/www.mgc.es\/ca\/blog\/la-mutua-general-de-catalunya-presenta-el-seu-projecte-a-la-ciutadania-del-vendrell\/","url":"https:\/\/www.mgc.es\/ca\/blog\/la-mutua-general-de-catalunya-presenta-el-seu-projecte-a-la-ciutadania-del-vendrell\/","name":"La M\u00fatua General de Catalunya presenta el seu projecte a la ciutadania del Vendrell - MGC M\u00fatua","isPartOf":{"@id":"https:\/\/www.mgc.es\/#website"},"primaryImageOfPage":{"@id":"https:\/\/www.mgc.es\/ca\/blog\/la-mutua-general-de-catalunya-presenta-el-seu-projecte-a-la-ciutadania-del-vendrell\/#primaryimage"},"image":{"@id":"https:\/\/www.mgc.es\/ca\/blog\/la-mutua-general-de-catalunya-presenta-el-seu-projecte-a-la-ciutadania-del-vendrell\/#primaryimage"},"thumbnailUrl":"https:\/\/www.mgc.es\/wp-content\/uploads\/2019\/11\/Vendrell_Inaugura_IMG_6506.jpg","datePublished":"2016-12-04T23:00:00+00:00","dateModified":"2021-03-10T16:00:29+00:00","breadcrumb":{"@id":"https:\/\/www.mgc.es\/ca\/blog\/la-mutua-general-de-catalunya-presenta-el-seu-projecte-a-la-ciutadania-del-vendrell\/#breadcrumb"},"inLanguage":"ca","potentialAction":[{"@type":"ReadAction","target":["https:\/\/www.mgc.es\/ca\/blog\/la-mutua-general-de-catalunya-presenta-el-seu-projecte-a-la-ciutadania-del-vendrell\/"]}]},{"@type":"ImageObject","inLanguage":"ca","@id":"https:\/\/www.mgc.es\/ca\/blog\/la-mutua-general-de-catalunya-presenta-el-seu-projecte-a-la-ciutadania-del-vendrell\/#primaryimage","url":"https:\/\/www.mgc.es\/wp-content\/uploads\/2019\/11\/Vendrell_Inaugura_IMG_6506.jpg","contentUrl":"https:\/\/www.mgc.es\/wp-content\/uploads\/2019\/11\/Vendrell_Inaugura_IMG_6506.jpg","width":640,"height":480},{"@type":"BreadcrumbList","@id":"https:\/\/www.mgc.es\/ca\/blog\/la-mutua-general-de-catalunya-presenta-el-seu-projecte-a-la-ciutadania-del-vendrell\/#breadcrumb","itemListElement":[{"@type":"ListItem","position":1,"name":"Home","item":"https:\/\/www.mgc.es\/ca\/"},{"@type":"ListItem","position":2,"name":"La M\u00fatua General de Catalunya presenta el seu projecte a la ciutadania del Vendrell"}]},{"@type":"WebSite","@id":"https:\/\/www.mgc.es\/#website","url":"https:\/\/www.mgc.es\/","name":"MGC M\u00fatua","description":"MGC M\u00fatua \u00e9s una entitat asseguradora sense \u00e0nim de lucre constitu\u00efda al 1982 i especialitzada en assegurances de salut i assist\u00e8ncia.","publisher":{"@id":"https:\/\/www.mgc.es\/#organization"},"alternateName":"MGC","potentialAction":[{"@type":"SearchAction","target":{"@type":"EntryPoint","urlTemplate":"https:\/\/www.mgc.es\/?s={search_term_string}"},"query-input":{"@type":"PropertyValueSpecification","valueRequired":true,"valueName":"search_term_string"}}],"inLanguage":"ca"},{"@type":"Organization","@id":"https:\/\/www.mgc.es\/#organization","name":"MGC Mutua","alternateName":"MGC","url":"https:\/\/www.mgc.es\/","logo":{"@type":"ImageObject","inLanguage":"ca","@id":"https:\/\/www.mgc.es\/#\/schema\/logo\/image\/","url":"https:\/\/www.mgc.es\/wp-content\/uploads\/2020\/03\/mgcmutua_h2_2t_reduccions.png","contentUrl":"https:\/\/www.mgc.es\/wp-content\/uploads\/2020\/03\/mgcmutua_h2_2t_reduccions.png","width":303,"height":165,"caption":"MGC Mutua"},"image":{"@id":"https:\/\/www.mgc.es\/#\/schema\/logo\/image\/"},"sameAs":["https:\/\/www.facebook.com\/mgcmutua","https:\/\/x.com\/mgcmutua","https:\/\/www.youtube.com\/c\/MGCMutua"]},{"@type":"Person","@id":"https:\/\/www.mgc.es\/#\/schema\/person\/010c961d9c9acf38f11187a02b646c16","name":"Revista Inter\u00e8s Mutu","image":{"@type":"ImageObject","inLanguage":"ca","@id":"https:\/\/secure.gravatar.com\/avatar\/52302d684339b9d7bf5691e2ad00835d62ce3b4a435f21ca9f21fbe39c63cb1b?s=96&d=mm&r=g","url":"https:\/\/secure.gravatar.com\/avatar\/52302d684339b9d7bf5691e2ad00835d62ce3b4a435f21ca9f21fbe39c63cb1b?s=96&d=mm&r=g","contentUrl":"https:\/\/secure.gravatar.com\/avatar\/52302d684339b9d7bf5691e2ad00835d62ce3b4a435f21ca9f21fbe39c63cb1b?s=96&d=mm&r=g","caption":"Revista Inter\u00e8s Mutu"}}]}},"_links":{"self":[{"href":"https:\/\/www.mgc.es\/ca\/wp-json\/wp\/v2\/posts\/11533","targetHints":{"allow":["GET"]}}],"collection":[{"href":"https:\/\/www.mgc.es\/ca\/wp-json\/wp\/v2\/posts"}],"about":[{"href":"https:\/\/www.mgc.es\/ca\/wp-json\/wp\/v2\/types\/post"}],"author":[{"embeddable":true,"href":"https:\/\/www.mgc.es\/ca\/wp-json\/wp\/v2\/users\/3"}],"replies":[{"embeddable":true,"href":"https:\/\/www.mgc.es\/ca\/wp-json\/wp\/v2\/comments?post=11533"}],"version-history":[{"count":2,"href":"https:\/\/www.mgc.es\/ca\/wp-json\/wp\/v2\/posts\/11533\/revisions"}],"predecessor-version":[{"id":21045,"href":"https:\/\/www.mgc.es\/ca\/wp-json\/wp\/v2\/posts\/11533\/revisions\/21045"}],"wp:featuredmedia":[{"embeddable":true,"href":"https:\/\/www.mgc.es\/ca\/wp-json\/wp\/v2\/media\/13996"}],"wp:attachment":[{"href":"https:\/\/www.mgc.es\/ca\/wp-json\/wp\/v2\/media?parent=11533"}],"wp:term":[{"taxonomy":"category","embeddable":true,"href":"https:\/\/www.mgc.es\/ca\/wp-json\/wp\/v2\/categories?post=11533"},{"taxonomy":"post_tag","embeddable":true,"href":"https:\/\/www.mgc.es\/ca\/wp-json\/wp\/v2\/tags?post=11533"}],"curies":[{"name":"wp","href":"https:\/\/api.w.org\/{rel}","templated":true}]}}