{"id":11515,"date":"2016-09-05T00:00:00","date_gmt":"2016-09-04T22:00:00","guid":{"rendered":"http:\/\/web-server-devel.mgc.es\/nova-campanya-a-televisio\/"},"modified":"2021-03-10T16:56:56","modified_gmt":"2021-03-10T15:56:56","slug":"nova-campanya-a-televisio","status":"publish","type":"post","link":"https:\/\/www.mgc.es\/ca\/blog\/nova-campanya-a-televisio\/","title":{"rendered":"Nova campanya a televisi\u00f3"},"content":{"rendered":"<p>El proper 11 de setembre estrenem el nou anunci de la M\u00fatua General de Catalunya a TV 3, en horari de m\u00e0xima audi\u00e8ncia.<\/p>\n<p><iframe loading=\"lazy\" src=\"https:\/\/player.vimeo.com\/video\/181481883?color=007088\" width=\"640\" height=\"360\" frameborder=\"0\" allowfullscreen=\"allowfullscreen\"><\/iframe><\/p>\n<p>Protagonitzat una vegada m\u00e9s per en Marcel Gorgori, en mostra, en clau de profunda catalanitat, el nostre estil com a M\u00fatua, que s&#8217;ocupa i preocupa d&#8217;all\u00f3 que \u00e9s important: la nostra salut i el nostre benestar.<\/p>\n<p>No us el perdeu!<\/p>\n","protected":false},"excerpt":{"rendered":"<p>El proper 11 de setembre estrenem el nou anunci de la M\u00fatua General de Catalunya a TV 3, en horari de m\u00e0xima audi\u00e8ncia. Protagonitzat una vegada m\u00e9s per en Marcel Gorgori, en mostra, en clau de profunda catalanitat, el nostre estil com a M\u00fatua, que s&#8217;ocupa i preocupa d&#8217;all\u00f3 que \u00e9s important: la nostra salut [&hellip;]<\/p>\n","protected":false},"author":3,"featured_media":13928,"comment_status":"open","ping_status":"open","sticky":false,"template":"","format":"standard","meta":{"footnotes":""},"categories":[11],"tags":[],"class_list":["post-11515","post","type-post","status-publish","format-standard","has-post-thumbnail","hentry","category-actualitat"],"featured_image_src":"https:\/\/www.mgc.es\/wp-content\/uploads\/2019\/11\/590063773_600x340.jpg","author_info":{"display_name":"Revista Inter\u00e8s Mutu","author_link":"https:\/\/www.mgc.es\/ca\/blog\/author\/interesmutu\/"},"yoast_head":"<!-- This site is optimized with the Yoast SEO plugin v27.2 - https:\/\/yoast.com\/product\/yoast-seo-wordpress\/ -->\n<title>Nova campanya a televisi\u00f3 - MGC M\u00fatua<\/title>\n<meta name=\"robots\" content=\"index, follow, max-snippet:-1, max-image-preview:large, max-video-preview:-1\" \/>\n<link rel=\"canonical\" href=\"https:\/\/www.mgc.es\/ca\/blog\/nova-campanya-a-televisio\/\" \/>\n<meta property=\"og:locale\" content=\"ca_ES\" \/>\n<meta property=\"og:type\" content=\"article\" \/>\n<meta property=\"og:title\" content=\"Nova campanya a televisi\u00f3 - MGC M\u00fatua\" \/>\n<meta property=\"og:description\" content=\"El proper 11 de setembre estrenem el nou anunci de la M\u00fatua General de Catalunya a TV 3, en horari de m\u00e0xima audi\u00e8ncia. Protagonitzat una vegada m\u00e9s per en Marcel Gorgori, en mostra, en clau de profunda catalanitat, el nostre estil com a M\u00fatua, que s&#8217;ocupa i preocupa d&#8217;all\u00f3 que \u00e9s important: la nostra salut [&hellip;]\" \/>\n<meta property=\"og:url\" content=\"https:\/\/www.mgc.es\/ca\/blog\/nova-campanya-a-televisio\/\" \/>\n<meta property=\"og:site_name\" content=\"MGC M\u00fatua\" \/>\n<meta property=\"article:publisher\" content=\"https:\/\/www.facebook.com\/mgcmutua\" \/>\n<meta property=\"article:published_time\" content=\"2016-09-04T22:00:00+00:00\" \/>\n<meta property=\"article:modified_time\" content=\"2021-03-10T15:56:56+00:00\" \/>\n<meta property=\"og:image\" content=\"https:\/\/www.mgc.es\/wp-content\/uploads\/2019\/11\/590063773_600x340.jpg\" \/>\n\t<meta property=\"og:image:width\" content=\"600\" \/>\n\t<meta property=\"og:image:height\" content=\"340\" \/>\n\t<meta property=\"og:image:type\" content=\"image\/jpeg\" \/>\n<meta name=\"author\" content=\"Revista Inter\u00e8s Mutu\" \/>\n<meta name=\"twitter:card\" content=\"summary_large_image\" \/>\n<meta name=\"twitter:creator\" content=\"@mgcmutua\" \/>\n<meta name=\"twitter:site\" content=\"@mgcmutua\" \/>\n<meta name=\"twitter:label1\" content=\"Escrit per\" \/>\n\t<meta name=\"twitter:data1\" content=\"Revista Inter\u00e8s Mutu\" \/>\n<!-- \/ Yoast SEO plugin. -->","yoast_head_json":{"title":"Nova campanya a televisi\u00f3 - MGC M\u00fatua","robots":{"index":"index","follow":"follow","max-snippet":"max-snippet:-1","max-image-preview":"max-image-preview:large","max-video-preview":"max-video-preview:-1"},"canonical":"https:\/\/www.mgc.es\/ca\/blog\/nova-campanya-a-televisio\/","og_locale":"ca_ES","og_type":"article","og_title":"Nova campanya a televisi\u00f3 - MGC M\u00fatua","og_description":"El proper 11 de setembre estrenem el nou anunci de la M\u00fatua General de Catalunya a TV 3, en horari de m\u00e0xima audi\u00e8ncia. Protagonitzat una vegada m\u00e9s per en Marcel Gorgori, en mostra, en clau de profunda catalanitat, el nostre estil com a M\u00fatua, que s&#8217;ocupa i preocupa d&#8217;all\u00f3 que \u00e9s important: la nostra salut [&hellip;]","og_url":"https:\/\/www.mgc.es\/ca\/blog\/nova-campanya-a-televisio\/","og_site_name":"MGC M\u00fatua","article_publisher":"https:\/\/www.facebook.com\/mgcmutua","article_published_time":"2016-09-04T22:00:00+00:00","article_modified_time":"2021-03-10T15:56:56+00:00","og_image":[{"width":600,"height":340,"url":"https:\/\/www.mgc.es\/wp-content\/uploads\/2019\/11\/590063773_600x340.jpg","type":"image\/jpeg"}],"author":"Revista Inter\u00e8s Mutu","twitter_card":"summary_large_image","twitter_creator":"@mgcmutua","twitter_site":"@mgcmutua","twitter_misc":{"Escrit per":"Revista Inter\u00e8s Mutu"},"schema":{"@context":"https:\/\/schema.org","@graph":[{"@type":["Article","BlogPosting"],"@id":"https:\/\/www.mgc.es\/ca\/blog\/nova-campanya-a-televisio\/#article","isPartOf":{"@id":"https:\/\/www.mgc.es\/ca\/blog\/nova-campanya-a-televisio\/"},"author":{"name":"Revista Inter\u00e8s Mutu","@id":"https:\/\/www.mgc.es\/#\/schema\/person\/010c961d9c9acf38f11187a02b646c16"},"headline":"Nova campanya a televisi\u00f3","datePublished":"2016-09-04T22:00:00+00:00","dateModified":"2021-03-10T15:56:56+00:00","mainEntityOfPage":{"@id":"https:\/\/www.mgc.es\/ca\/blog\/nova-campanya-a-televisio\/"},"wordCount":70,"commentCount":0,"publisher":{"@id":"https:\/\/www.mgc.es\/#organization"},"image":{"@id":"https:\/\/www.mgc.es\/ca\/blog\/nova-campanya-a-televisio\/#primaryimage"},"thumbnailUrl":"https:\/\/www.mgc.es\/wp-content\/uploads\/2019\/11\/590063773_600x340.jpg","articleSection":["Actualitat M\u00fatua"],"inLanguage":"ca","potentialAction":[{"@type":"CommentAction","name":"Comment","target":["https:\/\/www.mgc.es\/ca\/blog\/nova-campanya-a-televisio\/#respond"]}]},{"@type":["WebPage","ItemPage"],"@id":"https:\/\/www.mgc.es\/ca\/blog\/nova-campanya-a-televisio\/","url":"https:\/\/www.mgc.es\/ca\/blog\/nova-campanya-a-televisio\/","name":"Nova campanya a televisi\u00f3 - MGC M\u00fatua","isPartOf":{"@id":"https:\/\/www.mgc.es\/#website"},"primaryImageOfPage":{"@id":"https:\/\/www.mgc.es\/ca\/blog\/nova-campanya-a-televisio\/#primaryimage"},"image":{"@id":"https:\/\/www.mgc.es\/ca\/blog\/nova-campanya-a-televisio\/#primaryimage"},"thumbnailUrl":"https:\/\/www.mgc.es\/wp-content\/uploads\/2019\/11\/590063773_600x340.jpg","datePublished":"2016-09-04T22:00:00+00:00","dateModified":"2021-03-10T15:56:56+00:00","breadcrumb":{"@id":"https:\/\/www.mgc.es\/ca\/blog\/nova-campanya-a-televisio\/#breadcrumb"},"inLanguage":"ca","potentialAction":[{"@type":"ReadAction","target":["https:\/\/www.mgc.es\/ca\/blog\/nova-campanya-a-televisio\/"]}]},{"@type":"ImageObject","inLanguage":"ca","@id":"https:\/\/www.mgc.es\/ca\/blog\/nova-campanya-a-televisio\/#primaryimage","url":"https:\/\/www.mgc.es\/wp-content\/uploads\/2019\/11\/590063773_600x340.jpg","contentUrl":"https:\/\/www.mgc.es\/wp-content\/uploads\/2019\/11\/590063773_600x340.jpg","width":600,"height":340},{"@type":"BreadcrumbList","@id":"https:\/\/www.mgc.es\/ca\/blog\/nova-campanya-a-televisio\/#breadcrumb","itemListElement":[{"@type":"ListItem","position":1,"name":"Home","item":"https:\/\/www.mgc.es\/ca\/"},{"@type":"ListItem","position":2,"name":"Nova campanya a televisi\u00f3"}]},{"@type":"WebSite","@id":"https:\/\/www.mgc.es\/#website","url":"https:\/\/www.mgc.es\/","name":"MGC M\u00fatua","description":"MGC M\u00fatua \u00e9s una entitat asseguradora sense \u00e0nim de lucre constitu\u00efda al 1982 i especialitzada en assegurances de salut i assist\u00e8ncia.","publisher":{"@id":"https:\/\/www.mgc.es\/#organization"},"alternateName":"MGC","potentialAction":[{"@type":"SearchAction","target":{"@type":"EntryPoint","urlTemplate":"https:\/\/www.mgc.es\/?s={search_term_string}"},"query-input":{"@type":"PropertyValueSpecification","valueRequired":true,"valueName":"search_term_string"}}],"inLanguage":"ca"},{"@type":"Organization","@id":"https:\/\/www.mgc.es\/#organization","name":"MGC Mutua","alternateName":"MGC","url":"https:\/\/www.mgc.es\/","logo":{"@type":"ImageObject","inLanguage":"ca","@id":"https:\/\/www.mgc.es\/#\/schema\/logo\/image\/","url":"https:\/\/www.mgc.es\/wp-content\/uploads\/2020\/03\/mgcmutua_h2_2t_reduccions.png","contentUrl":"https:\/\/www.mgc.es\/wp-content\/uploads\/2020\/03\/mgcmutua_h2_2t_reduccions.png","width":303,"height":165,"caption":"MGC Mutua"},"image":{"@id":"https:\/\/www.mgc.es\/#\/schema\/logo\/image\/"},"sameAs":["https:\/\/www.facebook.com\/mgcmutua","https:\/\/x.com\/mgcmutua","https:\/\/www.youtube.com\/c\/MGCMutua"]},{"@type":"Person","@id":"https:\/\/www.mgc.es\/#\/schema\/person\/010c961d9c9acf38f11187a02b646c16","name":"Revista Inter\u00e8s Mutu","image":{"@type":"ImageObject","inLanguage":"ca","@id":"https:\/\/secure.gravatar.com\/avatar\/52302d684339b9d7bf5691e2ad00835d62ce3b4a435f21ca9f21fbe39c63cb1b?s=96&d=mm&r=g","url":"https:\/\/secure.gravatar.com\/avatar\/52302d684339b9d7bf5691e2ad00835d62ce3b4a435f21ca9f21fbe39c63cb1b?s=96&d=mm&r=g","contentUrl":"https:\/\/secure.gravatar.com\/avatar\/52302d684339b9d7bf5691e2ad00835d62ce3b4a435f21ca9f21fbe39c63cb1b?s=96&d=mm&r=g","caption":"Revista Inter\u00e8s Mutu"}}]}},"_links":{"self":[{"href":"https:\/\/www.mgc.es\/ca\/wp-json\/wp\/v2\/posts\/11515","targetHints":{"allow":["GET"]}}],"collection":[{"href":"https:\/\/www.mgc.es\/ca\/wp-json\/wp\/v2\/posts"}],"about":[{"href":"https:\/\/www.mgc.es\/ca\/wp-json\/wp\/v2\/types\/post"}],"author":[{"embeddable":true,"href":"https:\/\/www.mgc.es\/ca\/wp-json\/wp\/v2\/users\/3"}],"replies":[{"embeddable":true,"href":"https:\/\/www.mgc.es\/ca\/wp-json\/wp\/v2\/comments?post=11515"}],"version-history":[{"count":1,"href":"https:\/\/www.mgc.es\/ca\/wp-json\/wp\/v2\/posts\/11515\/revisions"}],"predecessor-version":[{"id":15032,"href":"https:\/\/www.mgc.es\/ca\/wp-json\/wp\/v2\/posts\/11515\/revisions\/15032"}],"wp:featuredmedia":[{"embeddable":true,"href":"https:\/\/www.mgc.es\/ca\/wp-json\/wp\/v2\/media\/13928"}],"wp:attachment":[{"href":"https:\/\/www.mgc.es\/ca\/wp-json\/wp\/v2\/media?parent=11515"}],"wp:term":[{"taxonomy":"category","embeddable":true,"href":"https:\/\/www.mgc.es\/ca\/wp-json\/wp\/v2\/categories?post=11515"},{"taxonomy":"post_tag","embeddable":true,"href":"https:\/\/www.mgc.es\/ca\/wp-json\/wp\/v2\/tags?post=11515"}],"curies":[{"name":"wp","href":"https:\/\/api.w.org\/{rel}","templated":true}]}}