{"id":11506,"date":"2016-06-21T00:00:00","date_gmt":"2016-06-20T22:00:00","guid":{"rendered":"http:\/\/web-server-devel.mgc.es\/ajudem-la-fundacio-josep-carreras-en-la-seva-lluita-contra-la-leucemia\/"},"modified":"2019-11-22T12:43:17","modified_gmt":"2019-11-22T11:43:17","slug":"ajudem-la-fundacio-josep-carreras-en-la-seva-lluita-contra-la-leucemia","status":"publish","type":"post","link":"https:\/\/www.mgc.es\/ca\/blog\/ajudem-la-fundacio-josep-carreras-en-la-seva-lluita-contra-la-leucemia\/","title":{"rendered":"Ajudem la Fundaci\u00f3 Josep Carreras en la seva lluita contra la leuc\u00e8mia!"},"content":{"rendered":"<p><img loading=\"lazy\" decoding=\"async\" class=\"aligncenter size-large wp-image-2465\" src=\"https:\/\/www.mgc.es\/wp-content\/uploads\/2016\/06\/imparables-leucemia-1024x699.jpg\" alt=\"imparables leucemia\" width=\"584\" height=\"399\" \/>Un repte de Vida: &#8220;Imparables contra la leuc\u00e8mia!&#8221;. Del 21 al 28 de juny se celebra la setmana conta la leuc\u00e8mia i la Fundaci\u00f3 Josep Carreras ens ha demanat la nostra col\u00b7laboraci\u00f3 per ajudar-los a fer difusi\u00f3 de la seva campanya &#8220;Imparables&#8221; i contribuir a recaptar fons per a un programa de recerca pioner, que encara no s&#8217;ha dut a terme a l\u2019Estat espanyol. Sota el lema &#8220;Imparables&#8221;, s&#8217;emmarca l&#8217;ess\u00e8ncia i la feina que estan portant a terme per aconseguir que, algun dia, la leuc\u00e8mia i altres malalties hematol\u00f2giques malignes siguin 100% curables.<!--more--><\/p>\n<p>La Fundaci\u00f3 Josep Carreras t\u00e9 l&#8217;objectiu de recaptar <strong>150.000\u20ac<\/strong> per a l&#8217;adquisici\u00f3 d&#8217;un equip d&#8217;\u00faltima generaci\u00f3 per al Campus Sant Pau de l&#8217;Institut d&#8217;Investigaci\u00f3 contra la Leuc\u00e8mia Josep Carreras (IJC). Es tracta de la <strong>&#8220;F\u00e0brica de C\u00e8l\u00b7lules Imparables&#8221;,<\/strong> un sistema de selecci\u00f3 cel\u00b7lular que presenta un futur esperan\u00e7ador en el tractament de la leuc\u00e8mia. La F\u00e0brica identifica unes c\u00e8l\u00b7lules extremadament potents del nostre organisme (anomenades Memory Stem T Cells) i les modifica per tal que ataquin les c\u00e8l\u00b7lules cancer\u00edgenes d&#8217;una forma m\u00e9s potent i duradora.<\/p>\n<p>Si voleu m\u00e9s informaci\u00f3 podeu accedir al seu Facebook (Fundaci\u00f3 Josep Carreras) i al seu web <a href=\"http:\/\/www.fcarreras.org\">(www.fcarreras.org<\/a>). I, per descomptat, si voleu contribuir econ\u00f2micament, al llarg del mes de juny ho podeu fer mitjan\u00e7ant un SMS amb la paraula <strong>IMPARABLES<\/strong> al <strong>28027<\/strong> (cost de l&#8217;SMS: 1,2\u20ac. Donatiu \u00edntegre).<\/p>\n<p>Moltes gr\u00e0cies !<\/p>\n","protected":false},"excerpt":{"rendered":"<p>Un repte de Vida: &#8220;Imparables contra la leuc\u00e8mia!&#8221;. Del 21 al 28 de juny se celebra la setmana conta la leuc\u00e8mia i la Fundaci\u00f3 Josep Carreras ens ha demanat la nostra col\u00b7laboraci\u00f3 per ajudar-los a fer difusi\u00f3 de la seva campanya &#8220;Imparables&#8221; i contribuir a recaptar fons per a un programa de recerca pioner&#8230;<\/p>\n","protected":false},"author":3,"featured_media":13897,"comment_status":"open","ping_status":"open","sticky":false,"template":"","format":"standard","meta":{"footnotes":""},"categories":[11],"tags":[243],"class_list":["post-11506","post","type-post","status-publish","format-standard","has-post-thumbnail","hentry","category-actualitat","tag-fundacion-mutua-general-de-catalunya"],"featured_image_src":"https:\/\/www.mgc.es\/wp-content\/uploads\/2019\/11\/imparables-leucemia-1024x699.jpg","author_info":{"display_name":"Revista Inter\u00e8s Mutu","author_link":"https:\/\/www.mgc.es\/ca\/blog\/author\/interesmutu\/"},"yoast_head":"<!-- This site is optimized with the Yoast SEO plugin v27.2 - https:\/\/yoast.com\/product\/yoast-seo-wordpress\/ -->\n<title>Ajudem la Fundaci\u00f3 Josep Carreras en la seva lluita contra la leuc\u00e8mia! - MGC M\u00fatua<\/title>\n<meta name=\"robots\" content=\"index, follow, max-snippet:-1, max-image-preview:large, max-video-preview:-1\" \/>\n<link rel=\"canonical\" href=\"https:\/\/www.mgc.es\/ca\/blog\/ajudem-la-fundacio-josep-carreras-en-la-seva-lluita-contra-la-leucemia\/\" \/>\n<meta property=\"og:locale\" content=\"ca_ES\" \/>\n<meta property=\"og:type\" content=\"article\" \/>\n<meta property=\"og:title\" content=\"Ajudem la Fundaci\u00f3 Josep Carreras en la seva lluita contra la leuc\u00e8mia! - MGC M\u00fatua\" \/>\n<meta property=\"og:description\" content=\"Un repte de Vida: &quot;Imparables contra la leuc\u00e8mia!&quot;. Del 21 al 28 de juny se celebra la setmana conta la leuc\u00e8mia i la Fundaci\u00f3 Josep Carreras ens ha demanat la nostra col\u00b7laboraci\u00f3 per ajudar-los a fer difusi\u00f3 de la seva campanya &quot;Imparables&quot; i contribuir a recaptar fons per a un programa de recerca pioner...\" \/>\n<meta property=\"og:url\" content=\"https:\/\/www.mgc.es\/ca\/blog\/ajudem-la-fundacio-josep-carreras-en-la-seva-lluita-contra-la-leucemia\/\" \/>\n<meta property=\"og:site_name\" content=\"MGC M\u00fatua\" \/>\n<meta property=\"article:publisher\" content=\"https:\/\/www.facebook.com\/mgcmutua\" \/>\n<meta property=\"article:published_time\" content=\"2016-06-20T22:00:00+00:00\" \/>\n<meta property=\"article:modified_time\" content=\"2019-11-22T11:43:17+00:00\" \/>\n<meta property=\"og:image\" content=\"https:\/\/www.mgc.es\/wp-content\/uploads\/2019\/11\/imparables-leucemia-1024x699.jpg\" \/>\n\t<meta property=\"og:image:width\" content=\"1024\" \/>\n\t<meta property=\"og:image:height\" content=\"699\" \/>\n\t<meta property=\"og:image:type\" content=\"image\/jpeg\" \/>\n<meta name=\"author\" content=\"Revista Inter\u00e8s Mutu\" \/>\n<meta name=\"twitter:card\" content=\"summary_large_image\" \/>\n<meta name=\"twitter:creator\" content=\"@mgcmutua\" \/>\n<meta name=\"twitter:site\" content=\"@mgcmutua\" \/>\n<meta name=\"twitter:label1\" content=\"Escrit per\" \/>\n\t<meta name=\"twitter:data1\" content=\"Revista Inter\u00e8s Mutu\" \/>\n\t<meta name=\"twitter:label2\" content=\"Temps estimat de lectura\" \/>\n\t<meta name=\"twitter:data2\" content=\"1 minut\" \/>\n<!-- \/ Yoast SEO plugin. -->","yoast_head_json":{"title":"Ajudem la Fundaci\u00f3 Josep Carreras en la seva lluita contra la leuc\u00e8mia! - MGC M\u00fatua","robots":{"index":"index","follow":"follow","max-snippet":"max-snippet:-1","max-image-preview":"max-image-preview:large","max-video-preview":"max-video-preview:-1"},"canonical":"https:\/\/www.mgc.es\/ca\/blog\/ajudem-la-fundacio-josep-carreras-en-la-seva-lluita-contra-la-leucemia\/","og_locale":"ca_ES","og_type":"article","og_title":"Ajudem la Fundaci\u00f3 Josep Carreras en la seva lluita contra la leuc\u00e8mia! - MGC M\u00fatua","og_description":"Un repte de Vida: \"Imparables contra la leuc\u00e8mia!\". Del 21 al 28 de juny se celebra la setmana conta la leuc\u00e8mia i la Fundaci\u00f3 Josep Carreras ens ha demanat la nostra col\u00b7laboraci\u00f3 per ajudar-los a fer difusi\u00f3 de la seva campanya \"Imparables\" i contribuir a recaptar fons per a un programa de recerca pioner...","og_url":"https:\/\/www.mgc.es\/ca\/blog\/ajudem-la-fundacio-josep-carreras-en-la-seva-lluita-contra-la-leucemia\/","og_site_name":"MGC M\u00fatua","article_publisher":"https:\/\/www.facebook.com\/mgcmutua","article_published_time":"2016-06-20T22:00:00+00:00","article_modified_time":"2019-11-22T11:43:17+00:00","og_image":[{"width":1024,"height":699,"url":"https:\/\/www.mgc.es\/wp-content\/uploads\/2019\/11\/imparables-leucemia-1024x699.jpg","type":"image\/jpeg"}],"author":"Revista Inter\u00e8s Mutu","twitter_card":"summary_large_image","twitter_creator":"@mgcmutua","twitter_site":"@mgcmutua","twitter_misc":{"Escrit per":"Revista Inter\u00e8s Mutu","Temps estimat de lectura":"1 minut"},"schema":{"@context":"https:\/\/schema.org","@graph":[{"@type":["Article","BlogPosting"],"@id":"https:\/\/www.mgc.es\/ca\/blog\/ajudem-la-fundacio-josep-carreras-en-la-seva-lluita-contra-la-leucemia\/#article","isPartOf":{"@id":"https:\/\/www.mgc.es\/ca\/blog\/ajudem-la-fundacio-josep-carreras-en-la-seva-lluita-contra-la-leucemia\/"},"author":{"name":"Revista Inter\u00e8s Mutu","@id":"https:\/\/www.mgc.es\/#\/schema\/person\/010c961d9c9acf38f11187a02b646c16"},"headline":"Ajudem la Fundaci\u00f3 Josep Carreras en la seva lluita contra la leuc\u00e8mia!","datePublished":"2016-06-20T22:00:00+00:00","dateModified":"2019-11-22T11:43:17+00:00","mainEntityOfPage":{"@id":"https:\/\/www.mgc.es\/ca\/blog\/ajudem-la-fundacio-josep-carreras-en-la-seva-lluita-contra-la-leucemia\/"},"wordCount":263,"commentCount":0,"publisher":{"@id":"https:\/\/www.mgc.es\/#organization"},"image":{"@id":"https:\/\/www.mgc.es\/ca\/blog\/ajudem-la-fundacio-josep-carreras-en-la-seva-lluita-contra-la-leucemia\/#primaryimage"},"thumbnailUrl":"https:\/\/www.mgc.es\/wp-content\/uploads\/2019\/11\/imparables-leucemia-1024x699.jpg","keywords":["fundaci\u00f3n m\u00fatua general de catalunya"],"articleSection":["Actualitat M\u00fatua"],"inLanguage":"ca","potentialAction":[{"@type":"CommentAction","name":"Comment","target":["https:\/\/www.mgc.es\/ca\/blog\/ajudem-la-fundacio-josep-carreras-en-la-seva-lluita-contra-la-leucemia\/#respond"]}]},{"@type":["WebPage","ItemPage"],"@id":"https:\/\/www.mgc.es\/ca\/blog\/ajudem-la-fundacio-josep-carreras-en-la-seva-lluita-contra-la-leucemia\/","url":"https:\/\/www.mgc.es\/ca\/blog\/ajudem-la-fundacio-josep-carreras-en-la-seva-lluita-contra-la-leucemia\/","name":"Ajudem la Fundaci\u00f3 Josep Carreras en la seva lluita contra la leuc\u00e8mia! - MGC M\u00fatua","isPartOf":{"@id":"https:\/\/www.mgc.es\/#website"},"primaryImageOfPage":{"@id":"https:\/\/www.mgc.es\/ca\/blog\/ajudem-la-fundacio-josep-carreras-en-la-seva-lluita-contra-la-leucemia\/#primaryimage"},"image":{"@id":"https:\/\/www.mgc.es\/ca\/blog\/ajudem-la-fundacio-josep-carreras-en-la-seva-lluita-contra-la-leucemia\/#primaryimage"},"thumbnailUrl":"https:\/\/www.mgc.es\/wp-content\/uploads\/2019\/11\/imparables-leucemia-1024x699.jpg","datePublished":"2016-06-20T22:00:00+00:00","dateModified":"2019-11-22T11:43:17+00:00","breadcrumb":{"@id":"https:\/\/www.mgc.es\/ca\/blog\/ajudem-la-fundacio-josep-carreras-en-la-seva-lluita-contra-la-leucemia\/#breadcrumb"},"inLanguage":"ca","potentialAction":[{"@type":"ReadAction","target":["https:\/\/www.mgc.es\/ca\/blog\/ajudem-la-fundacio-josep-carreras-en-la-seva-lluita-contra-la-leucemia\/"]}]},{"@type":"ImageObject","inLanguage":"ca","@id":"https:\/\/www.mgc.es\/ca\/blog\/ajudem-la-fundacio-josep-carreras-en-la-seva-lluita-contra-la-leucemia\/#primaryimage","url":"https:\/\/www.mgc.es\/wp-content\/uploads\/2019\/11\/imparables-leucemia-1024x699.jpg","contentUrl":"https:\/\/www.mgc.es\/wp-content\/uploads\/2019\/11\/imparables-leucemia-1024x699.jpg","width":1024,"height":699},{"@type":"BreadcrumbList","@id":"https:\/\/www.mgc.es\/ca\/blog\/ajudem-la-fundacio-josep-carreras-en-la-seva-lluita-contra-la-leucemia\/#breadcrumb","itemListElement":[{"@type":"ListItem","position":1,"name":"Home","item":"https:\/\/www.mgc.es\/ca\/"},{"@type":"ListItem","position":2,"name":"Ajudem la Fundaci\u00f3 Josep Carreras en la seva lluita contra la leuc\u00e8mia!"}]},{"@type":"WebSite","@id":"https:\/\/www.mgc.es\/#website","url":"https:\/\/www.mgc.es\/","name":"MGC M\u00fatua","description":"MGC M\u00fatua \u00e9s una entitat asseguradora sense \u00e0nim de lucre constitu\u00efda al 1982 i especialitzada en assegurances de salut i assist\u00e8ncia.","publisher":{"@id":"https:\/\/www.mgc.es\/#organization"},"alternateName":"MGC","potentialAction":[{"@type":"SearchAction","target":{"@type":"EntryPoint","urlTemplate":"https:\/\/www.mgc.es\/?s={search_term_string}"},"query-input":{"@type":"PropertyValueSpecification","valueRequired":true,"valueName":"search_term_string"}}],"inLanguage":"ca"},{"@type":"Organization","@id":"https:\/\/www.mgc.es\/#organization","name":"MGC Mutua","alternateName":"MGC","url":"https:\/\/www.mgc.es\/","logo":{"@type":"ImageObject","inLanguage":"ca","@id":"https:\/\/www.mgc.es\/#\/schema\/logo\/image\/","url":"https:\/\/www.mgc.es\/wp-content\/uploads\/2020\/03\/mgcmutua_h2_2t_reduccions.png","contentUrl":"https:\/\/www.mgc.es\/wp-content\/uploads\/2020\/03\/mgcmutua_h2_2t_reduccions.png","width":303,"height":165,"caption":"MGC Mutua"},"image":{"@id":"https:\/\/www.mgc.es\/#\/schema\/logo\/image\/"},"sameAs":["https:\/\/www.facebook.com\/mgcmutua","https:\/\/x.com\/mgcmutua","https:\/\/www.youtube.com\/c\/MGCMutua"]},{"@type":"Person","@id":"https:\/\/www.mgc.es\/#\/schema\/person\/010c961d9c9acf38f11187a02b646c16","name":"Revista Inter\u00e8s Mutu","image":{"@type":"ImageObject","inLanguage":"ca","@id":"https:\/\/secure.gravatar.com\/avatar\/52302d684339b9d7bf5691e2ad00835d62ce3b4a435f21ca9f21fbe39c63cb1b?s=96&d=mm&r=g","url":"https:\/\/secure.gravatar.com\/avatar\/52302d684339b9d7bf5691e2ad00835d62ce3b4a435f21ca9f21fbe39c63cb1b?s=96&d=mm&r=g","contentUrl":"https:\/\/secure.gravatar.com\/avatar\/52302d684339b9d7bf5691e2ad00835d62ce3b4a435f21ca9f21fbe39c63cb1b?s=96&d=mm&r=g","caption":"Revista Inter\u00e8s Mutu"}}]}},"_links":{"self":[{"href":"https:\/\/www.mgc.es\/ca\/wp-json\/wp\/v2\/posts\/11506","targetHints":{"allow":["GET"]}}],"collection":[{"href":"https:\/\/www.mgc.es\/ca\/wp-json\/wp\/v2\/posts"}],"about":[{"href":"https:\/\/www.mgc.es\/ca\/wp-json\/wp\/v2\/types\/post"}],"author":[{"embeddable":true,"href":"https:\/\/www.mgc.es\/ca\/wp-json\/wp\/v2\/users\/3"}],"replies":[{"embeddable":true,"href":"https:\/\/www.mgc.es\/ca\/wp-json\/wp\/v2\/comments?post=11506"}],"version-history":[{"count":1,"href":"https:\/\/www.mgc.es\/ca\/wp-json\/wp\/v2\/posts\/11506\/revisions"}],"predecessor-version":[{"id":15023,"href":"https:\/\/www.mgc.es\/ca\/wp-json\/wp\/v2\/posts\/11506\/revisions\/15023"}],"wp:featuredmedia":[{"embeddable":true,"href":"https:\/\/www.mgc.es\/ca\/wp-json\/wp\/v2\/media\/13897"}],"wp:attachment":[{"href":"https:\/\/www.mgc.es\/ca\/wp-json\/wp\/v2\/media?parent=11506"}],"wp:term":[{"taxonomy":"category","embeddable":true,"href":"https:\/\/www.mgc.es\/ca\/wp-json\/wp\/v2\/categories?post=11506"},{"taxonomy":"post_tag","embeddable":true,"href":"https:\/\/www.mgc.es\/ca\/wp-json\/wp\/v2\/tags?post=11506"}],"curies":[{"name":"wp","href":"https:\/\/api.w.org\/{rel}","templated":true}]}}