{"id":11504,"date":"2016-06-09T00:00:00","date_gmt":"2016-06-08T22:00:00","guid":{"rendered":"http:\/\/web-server-devel.mgc.es\/el-club-tennis-vic-i-mutua-general-de-catalunya-compartiran-sinergies\/"},"modified":"2019-11-22T12:43:17","modified_gmt":"2019-11-22T11:43:17","slug":"el-club-tennis-vic-i-mutua-general-de-catalunya-compartiran-sinergies","status":"publish","type":"post","link":"https:\/\/www.mgc.es\/ca\/blog\/el-club-tennis-vic-i-mutua-general-de-catalunya-compartiran-sinergies\/","title":{"rendered":"El Club Tennis Vic i M\u00fatua General de Catalunya compartiran sinergies"},"content":{"rendered":"<p>&nbsp;<\/p>\n<p><img loading=\"lazy\" decoding=\"async\" class=\"aligncenter size-full wp-image-2443\" src=\"https:\/\/www.mgc.es\/wp-content\/uploads\/2016\/06\/club-tennis-vic-maig-2016-reduida-1.jpg\" alt=\"\" width=\"800\" height=\"451\" \/>El sotsdirector general i Director Comercial de M\u00fatua General de Catalunya, Guillermo Padrisa, va visitar el Club de Tennis Vic, el 18 de maig passat, acompanyat de la cap d&#8217;Oficina de Vic, Carme Casellas per tal d&#8217;impulsar la signatura de l&#8217;acord de col\u00b7laboraci\u00f3 entre ambdues entitats, fortament arrelades a la comarca d&#8217;Osona. Per part de l&#8217;entitat esportiva, el president del Club Tennis Vic, Miquel Vilardell va lloar aquest acord que comparteix una mateixa manera de fer; l&#8217;aposta per la qualitat i l&#8217;excel\u00b7l\u00e8ncia en la prestaci\u00f3 dels serveis a les persones.<!--more--><\/p>\n<p>Aquest Club t\u00e9 els seus or\u00edgens l&#8217;any 1948 i es va fundar amb la finalitat de practicar i divulgar l&#8217;esport amb una vocaci\u00f3 clara de servei a la societat, formant esportistes des de la base i participant en competicions a trav\u00e9s de les seccions federades. Actualment, el club compta amb 4.500 socis i disposa de les seccions de p\u00e0del, tennis, piscina, gimn\u00e0s, escacs, petanca i running.<\/p>\n","protected":false},"excerpt":{"rendered":"<p>El Club Tennis Vic i M\u00fatua General de Catalunya compartiran sinergies<\/p>\n","protected":false},"author":3,"featured_media":13891,"comment_status":"open","ping_status":"open","sticky":false,"template":"","format":"standard","meta":{"footnotes":""},"categories":[11],"tags":[],"class_list":["post-11504","post","type-post","status-publish","format-standard","has-post-thumbnail","hentry","category-actualitat"],"featured_image_src":"https:\/\/www.mgc.es\/wp-content\/uploads\/2019\/11\/club-tennis-vic-maig-2016-reduida-1.jpg","author_info":{"display_name":"Revista Inter\u00e8s Mutu","author_link":"https:\/\/www.mgc.es\/ca\/blog\/author\/interesmutu\/"},"yoast_head":"<!-- This site is optimized with the Yoast SEO plugin v27.2 - https:\/\/yoast.com\/product\/yoast-seo-wordpress\/ -->\n<title>El Club Tennis Vic i M\u00fatua General de Catalunya compartiran sinergies - MGC M\u00fatua<\/title>\n<meta name=\"robots\" content=\"index, follow, max-snippet:-1, max-image-preview:large, max-video-preview:-1\" \/>\n<link rel=\"canonical\" href=\"https:\/\/www.mgc.es\/ca\/blog\/el-club-tennis-vic-i-mutua-general-de-catalunya-compartiran-sinergies\/\" \/>\n<meta property=\"og:locale\" content=\"ca_ES\" \/>\n<meta property=\"og:type\" content=\"article\" \/>\n<meta property=\"og:title\" content=\"El Club Tennis Vic i M\u00fatua General de Catalunya compartiran sinergies - MGC M\u00fatua\" \/>\n<meta property=\"og:description\" content=\"El Club Tennis Vic i M\u00fatua General de Catalunya compartiran sinergies\" \/>\n<meta property=\"og:url\" content=\"https:\/\/www.mgc.es\/ca\/blog\/el-club-tennis-vic-i-mutua-general-de-catalunya-compartiran-sinergies\/\" \/>\n<meta property=\"og:site_name\" content=\"MGC M\u00fatua\" \/>\n<meta property=\"article:publisher\" content=\"https:\/\/www.facebook.com\/mgcmutua\" \/>\n<meta property=\"article:published_time\" content=\"2016-06-08T22:00:00+00:00\" \/>\n<meta property=\"article:modified_time\" content=\"2019-11-22T11:43:17+00:00\" \/>\n<meta property=\"og:image\" content=\"https:\/\/www.mgc.es\/wp-content\/uploads\/2019\/11\/club-tennis-vic-maig-2016-reduida-1.jpg\" \/>\n\t<meta property=\"og:image:width\" content=\"800\" \/>\n\t<meta property=\"og:image:height\" content=\"451\" \/>\n\t<meta property=\"og:image:type\" content=\"image\/jpeg\" \/>\n<meta name=\"author\" content=\"Revista Inter\u00e8s Mutu\" \/>\n<meta name=\"twitter:card\" content=\"summary_large_image\" \/>\n<meta name=\"twitter:creator\" content=\"@mgcmutua\" \/>\n<meta name=\"twitter:site\" content=\"@mgcmutua\" \/>\n<meta name=\"twitter:label1\" content=\"Escrit per\" \/>\n\t<meta name=\"twitter:data1\" content=\"Revista Inter\u00e8s Mutu\" \/>\n\t<meta name=\"twitter:label2\" content=\"Temps estimat de lectura\" \/>\n\t<meta name=\"twitter:data2\" content=\"1 minut\" \/>\n<!-- \/ Yoast SEO plugin. -->","yoast_head_json":{"title":"El Club Tennis Vic i M\u00fatua General de Catalunya compartiran sinergies - MGC M\u00fatua","robots":{"index":"index","follow":"follow","max-snippet":"max-snippet:-1","max-image-preview":"max-image-preview:large","max-video-preview":"max-video-preview:-1"},"canonical":"https:\/\/www.mgc.es\/ca\/blog\/el-club-tennis-vic-i-mutua-general-de-catalunya-compartiran-sinergies\/","og_locale":"ca_ES","og_type":"article","og_title":"El Club Tennis Vic i M\u00fatua General de Catalunya compartiran sinergies - MGC M\u00fatua","og_description":"El Club Tennis Vic i M\u00fatua General de Catalunya compartiran sinergies","og_url":"https:\/\/www.mgc.es\/ca\/blog\/el-club-tennis-vic-i-mutua-general-de-catalunya-compartiran-sinergies\/","og_site_name":"MGC M\u00fatua","article_publisher":"https:\/\/www.facebook.com\/mgcmutua","article_published_time":"2016-06-08T22:00:00+00:00","article_modified_time":"2019-11-22T11:43:17+00:00","og_image":[{"width":800,"height":451,"url":"https:\/\/www.mgc.es\/wp-content\/uploads\/2019\/11\/club-tennis-vic-maig-2016-reduida-1.jpg","type":"image\/jpeg"}],"author":"Revista Inter\u00e8s Mutu","twitter_card":"summary_large_image","twitter_creator":"@mgcmutua","twitter_site":"@mgcmutua","twitter_misc":{"Escrit per":"Revista Inter\u00e8s Mutu","Temps estimat de lectura":"1 minut"},"schema":{"@context":"https:\/\/schema.org","@graph":[{"@type":["Article","BlogPosting"],"@id":"https:\/\/www.mgc.es\/ca\/blog\/el-club-tennis-vic-i-mutua-general-de-catalunya-compartiran-sinergies\/#article","isPartOf":{"@id":"https:\/\/www.mgc.es\/ca\/blog\/el-club-tennis-vic-i-mutua-general-de-catalunya-compartiran-sinergies\/"},"author":{"name":"Revista Inter\u00e8s Mutu","@id":"https:\/\/www.mgc.es\/#\/schema\/person\/010c961d9c9acf38f11187a02b646c16"},"headline":"El Club Tennis Vic i M\u00fatua General de Catalunya compartiran sinergies","datePublished":"2016-06-08T22:00:00+00:00","dateModified":"2019-11-22T11:43:17+00:00","mainEntityOfPage":{"@id":"https:\/\/www.mgc.es\/ca\/blog\/el-club-tennis-vic-i-mutua-general-de-catalunya-compartiran-sinergies\/"},"wordCount":174,"commentCount":0,"publisher":{"@id":"https:\/\/www.mgc.es\/#organization"},"image":{"@id":"https:\/\/www.mgc.es\/ca\/blog\/el-club-tennis-vic-i-mutua-general-de-catalunya-compartiran-sinergies\/#primaryimage"},"thumbnailUrl":"https:\/\/www.mgc.es\/wp-content\/uploads\/2019\/11\/club-tennis-vic-maig-2016-reduida-1.jpg","articleSection":["Actualitat M\u00fatua"],"inLanguage":"ca","potentialAction":[{"@type":"CommentAction","name":"Comment","target":["https:\/\/www.mgc.es\/ca\/blog\/el-club-tennis-vic-i-mutua-general-de-catalunya-compartiran-sinergies\/#respond"]}]},{"@type":["WebPage","ItemPage"],"@id":"https:\/\/www.mgc.es\/ca\/blog\/el-club-tennis-vic-i-mutua-general-de-catalunya-compartiran-sinergies\/","url":"https:\/\/www.mgc.es\/ca\/blog\/el-club-tennis-vic-i-mutua-general-de-catalunya-compartiran-sinergies\/","name":"El Club Tennis Vic i M\u00fatua General de Catalunya compartiran sinergies - MGC M\u00fatua","isPartOf":{"@id":"https:\/\/www.mgc.es\/#website"},"primaryImageOfPage":{"@id":"https:\/\/www.mgc.es\/ca\/blog\/el-club-tennis-vic-i-mutua-general-de-catalunya-compartiran-sinergies\/#primaryimage"},"image":{"@id":"https:\/\/www.mgc.es\/ca\/blog\/el-club-tennis-vic-i-mutua-general-de-catalunya-compartiran-sinergies\/#primaryimage"},"thumbnailUrl":"https:\/\/www.mgc.es\/wp-content\/uploads\/2019\/11\/club-tennis-vic-maig-2016-reduida-1.jpg","datePublished":"2016-06-08T22:00:00+00:00","dateModified":"2019-11-22T11:43:17+00:00","breadcrumb":{"@id":"https:\/\/www.mgc.es\/ca\/blog\/el-club-tennis-vic-i-mutua-general-de-catalunya-compartiran-sinergies\/#breadcrumb"},"inLanguage":"ca","potentialAction":[{"@type":"ReadAction","target":["https:\/\/www.mgc.es\/ca\/blog\/el-club-tennis-vic-i-mutua-general-de-catalunya-compartiran-sinergies\/"]}]},{"@type":"ImageObject","inLanguage":"ca","@id":"https:\/\/www.mgc.es\/ca\/blog\/el-club-tennis-vic-i-mutua-general-de-catalunya-compartiran-sinergies\/#primaryimage","url":"https:\/\/www.mgc.es\/wp-content\/uploads\/2019\/11\/club-tennis-vic-maig-2016-reduida-1.jpg","contentUrl":"https:\/\/www.mgc.es\/wp-content\/uploads\/2019\/11\/club-tennis-vic-maig-2016-reduida-1.jpg","width":800,"height":451},{"@type":"BreadcrumbList","@id":"https:\/\/www.mgc.es\/ca\/blog\/el-club-tennis-vic-i-mutua-general-de-catalunya-compartiran-sinergies\/#breadcrumb","itemListElement":[{"@type":"ListItem","position":1,"name":"Home","item":"https:\/\/www.mgc.es\/ca\/"},{"@type":"ListItem","position":2,"name":"El Club Tennis Vic i M\u00fatua General de Catalunya compartiran sinergies"}]},{"@type":"WebSite","@id":"https:\/\/www.mgc.es\/#website","url":"https:\/\/www.mgc.es\/","name":"MGC M\u00fatua","description":"MGC M\u00fatua \u00e9s una entitat asseguradora sense \u00e0nim de lucre constitu\u00efda al 1982 i especialitzada en assegurances de salut i assist\u00e8ncia.","publisher":{"@id":"https:\/\/www.mgc.es\/#organization"},"alternateName":"MGC","potentialAction":[{"@type":"SearchAction","target":{"@type":"EntryPoint","urlTemplate":"https:\/\/www.mgc.es\/?s={search_term_string}"},"query-input":{"@type":"PropertyValueSpecification","valueRequired":true,"valueName":"search_term_string"}}],"inLanguage":"ca"},{"@type":"Organization","@id":"https:\/\/www.mgc.es\/#organization","name":"MGC Mutua","alternateName":"MGC","url":"https:\/\/www.mgc.es\/","logo":{"@type":"ImageObject","inLanguage":"ca","@id":"https:\/\/www.mgc.es\/#\/schema\/logo\/image\/","url":"https:\/\/www.mgc.es\/wp-content\/uploads\/2020\/03\/mgcmutua_h2_2t_reduccions.png","contentUrl":"https:\/\/www.mgc.es\/wp-content\/uploads\/2020\/03\/mgcmutua_h2_2t_reduccions.png","width":303,"height":165,"caption":"MGC Mutua"},"image":{"@id":"https:\/\/www.mgc.es\/#\/schema\/logo\/image\/"},"sameAs":["https:\/\/www.facebook.com\/mgcmutua","https:\/\/x.com\/mgcmutua","https:\/\/www.youtube.com\/c\/MGCMutua"]},{"@type":"Person","@id":"https:\/\/www.mgc.es\/#\/schema\/person\/010c961d9c9acf38f11187a02b646c16","name":"Revista Inter\u00e8s Mutu","image":{"@type":"ImageObject","inLanguage":"ca","@id":"https:\/\/secure.gravatar.com\/avatar\/52302d684339b9d7bf5691e2ad00835d62ce3b4a435f21ca9f21fbe39c63cb1b?s=96&d=mm&r=g","url":"https:\/\/secure.gravatar.com\/avatar\/52302d684339b9d7bf5691e2ad00835d62ce3b4a435f21ca9f21fbe39c63cb1b?s=96&d=mm&r=g","contentUrl":"https:\/\/secure.gravatar.com\/avatar\/52302d684339b9d7bf5691e2ad00835d62ce3b4a435f21ca9f21fbe39c63cb1b?s=96&d=mm&r=g","caption":"Revista Inter\u00e8s Mutu"}}]}},"_links":{"self":[{"href":"https:\/\/www.mgc.es\/ca\/wp-json\/wp\/v2\/posts\/11504","targetHints":{"allow":["GET"]}}],"collection":[{"href":"https:\/\/www.mgc.es\/ca\/wp-json\/wp\/v2\/posts"}],"about":[{"href":"https:\/\/www.mgc.es\/ca\/wp-json\/wp\/v2\/types\/post"}],"author":[{"embeddable":true,"href":"https:\/\/www.mgc.es\/ca\/wp-json\/wp\/v2\/users\/3"}],"replies":[{"embeddable":true,"href":"https:\/\/www.mgc.es\/ca\/wp-json\/wp\/v2\/comments?post=11504"}],"version-history":[{"count":1,"href":"https:\/\/www.mgc.es\/ca\/wp-json\/wp\/v2\/posts\/11504\/revisions"}],"predecessor-version":[{"id":15021,"href":"https:\/\/www.mgc.es\/ca\/wp-json\/wp\/v2\/posts\/11504\/revisions\/15021"}],"wp:featuredmedia":[{"embeddable":true,"href":"https:\/\/www.mgc.es\/ca\/wp-json\/wp\/v2\/media\/13891"}],"wp:attachment":[{"href":"https:\/\/www.mgc.es\/ca\/wp-json\/wp\/v2\/media?parent=11504"}],"wp:term":[{"taxonomy":"category","embeddable":true,"href":"https:\/\/www.mgc.es\/ca\/wp-json\/wp\/v2\/categories?post=11504"},{"taxonomy":"post_tag","embeddable":true,"href":"https:\/\/www.mgc.es\/ca\/wp-json\/wp\/v2\/tags?post=11504"}],"curies":[{"name":"wp","href":"https:\/\/api.w.org\/{rel}","templated":true}]}}