{"id":11492,"date":"2016-02-23T00:00:00","date_gmt":"2016-02-22T23:00:00","guid":{"rendered":"http:\/\/web-server-devel.mgc.es\/la-mutua-general-de-catalunya-contribueix-a-que-manresa-sigui-una-de-les-ciutats-mes-cardioprotegides-de-catalunya\/"},"modified":"2019-11-22T12:43:21","modified_gmt":"2019-11-22T11:43:21","slug":"la-mutua-general-de-catalunya-contribueix-a-que-manresa-sigui-una-de-les-ciutats-mes-cardioprotegides-de-catalunya","status":"publish","type":"post","link":"https:\/\/www.mgc.es\/ca\/blog\/la-mutua-general-de-catalunya-contribueix-a-que-manresa-sigui-una-de-les-ciutats-mes-cardioprotegides-de-catalunya\/","title":{"rendered":"La M\u00fatua General de Catalunya contribueix a que Manresa sigui una de les ciutats m\u00e9s cardioprotegides de Catalunya"},"content":{"rendered":"<p><img loading=\"lazy\" decoding=\"async\" class=\"alignleft size-full wp-image-2299\" src=\"https:\/\/www.mgc.es\/wp-content\/uploads\/2016\/02\/rotary-rdp-12.02.2016.jpg\" alt=\"rotary rdp 12.02.2016\" width=\"318\" height=\"142\" \/>En els darrers dies s&#8217;han instal\u00b7lat 30 desfibril\u00b7ladors d&#8217;\u00fas p\u00fablic a Manresa, que d&#8217;aquesta forma es converteix en una de les ciutats m\u00e9s cardioprotegides de Catalunya, nom\u00e9s darrera de Barcelona i Girona. El projecte ha estat possible gr\u00e0cies a la col\u00b7laboraci\u00f3 de l&#8217;Ajuntament de Manresa, Rotary Club Manresa-Centre i la M\u00fatua General de Catalunya.<!--more--><\/p>\n<p>Aix\u00ed es va posar de manifest el passat dia 12 de febrer, en roda de premsa, en la que l&#8217;Ajuntament va anunciar, tamb\u00e9, que s&#8217;iniciar\u00e0 una campanya informativa per tal que els ciutadans s\u00e0piguen on s\u00f3n, aix\u00ed com una campanya de formaci\u00f3 per tal que &#8220;la gent perdi la por a utilitzar-los&#8221;, segons la regidora de Salut, Merc\u00e8 Rosich.<\/p>\n<p>Ara fa un any el Rotary Club Manresa Centre i la M\u00fatua General de Catalunya van signar la donaci\u00f3 de 30 desfibril\u00b7ladors externs autom\u00e0tics a l&#8217;Ajuntament de Manresa. El desfibril\u00b7lador \u00e9s un aparell que pr\u00e0cticament funciona de forma autom\u00e0tica i que ell mateix decideix si ha de fer unes desc\u00e0rrega a la persona que ha patit un atac de cor.<\/p>\n","protected":false},"excerpt":{"rendered":"<p>En els darrers dies s&#8217;han instal\u00b7lat 30 desfibril\u00b7ladors d&#8217;\u00fas p\u00fablic a Manresa, que d&#8217;aquesta forma es converteix en una de les ciutats m\u00e9s cardioprotegides de Catalunya, nom\u00e9s darrera de Barcelona i Girona. El projecte ha estat possible gr\u00e0cies a la col\u00b7laboraci\u00f3 de l&#8217;Ajuntament de Manresa, Rotary Club Manresa-Centre i la M\u00fatua General de Catalunya.<\/p>\n","protected":false},"author":3,"featured_media":13853,"comment_status":"open","ping_status":"open","sticky":false,"template":"","format":"standard","meta":{"footnotes":""},"categories":[11],"tags":[],"class_list":["post-11492","post","type-post","status-publish","format-standard","has-post-thumbnail","hentry","category-actualitat"],"featured_image_src":"https:\/\/www.mgc.es\/wp-content\/uploads\/2019\/11\/rotary-rdp-12.02.2016.jpg","author_info":{"display_name":"Revista Inter\u00e8s Mutu","author_link":"https:\/\/www.mgc.es\/ca\/blog\/author\/interesmutu\/"},"yoast_head":"<!-- This site is optimized with the Yoast SEO plugin v27.2 - https:\/\/yoast.com\/product\/yoast-seo-wordpress\/ -->\n<title>La M\u00fatua General de Catalunya contribueix a que Manresa sigui una de les ciutats m\u00e9s cardioprotegides de Catalunya - MGC M\u00fatua<\/title>\n<meta name=\"robots\" content=\"index, follow, max-snippet:-1, max-image-preview:large, max-video-preview:-1\" \/>\n<link rel=\"canonical\" href=\"https:\/\/www.mgc.es\/ca\/blog\/la-mutua-general-de-catalunya-contribueix-a-que-manresa-sigui-una-de-les-ciutats-mes-cardioprotegides-de-catalunya\/\" \/>\n<meta property=\"og:locale\" content=\"ca_ES\" \/>\n<meta property=\"og:type\" content=\"article\" \/>\n<meta property=\"og:title\" content=\"La M\u00fatua General de Catalunya contribueix a que Manresa sigui una de les ciutats m\u00e9s cardioprotegides de Catalunya - MGC M\u00fatua\" \/>\n<meta property=\"og:description\" content=\"En els darrers dies s&#8217;han instal\u00b7lat 30 desfibril\u00b7ladors d&#8217;\u00fas p\u00fablic a Manresa, que d&#8217;aquesta forma es converteix en una de les ciutats m\u00e9s cardioprotegides de Catalunya, nom\u00e9s darrera de Barcelona i Girona. El projecte ha estat possible gr\u00e0cies a la col\u00b7laboraci\u00f3 de l&#8217;Ajuntament de Manresa, Rotary Club Manresa-Centre i la M\u00fatua General de Catalunya.\" \/>\n<meta property=\"og:url\" content=\"https:\/\/www.mgc.es\/ca\/blog\/la-mutua-general-de-catalunya-contribueix-a-que-manresa-sigui-una-de-les-ciutats-mes-cardioprotegides-de-catalunya\/\" \/>\n<meta property=\"og:site_name\" content=\"MGC M\u00fatua\" \/>\n<meta property=\"article:publisher\" content=\"https:\/\/www.facebook.com\/mgcmutua\" \/>\n<meta property=\"article:published_time\" content=\"2016-02-22T23:00:00+00:00\" \/>\n<meta property=\"article:modified_time\" content=\"2019-11-22T11:43:21+00:00\" \/>\n<meta property=\"og:image\" content=\"https:\/\/www.mgc.es\/wp-content\/uploads\/2019\/11\/rotary-rdp-12.02.2016.jpg\" \/>\n\t<meta property=\"og:image:width\" content=\"318\" \/>\n\t<meta property=\"og:image:height\" content=\"142\" \/>\n\t<meta property=\"og:image:type\" content=\"image\/jpeg\" \/>\n<meta name=\"author\" content=\"Revista Inter\u00e8s Mutu\" \/>\n<meta name=\"twitter:card\" content=\"summary_large_image\" \/>\n<meta name=\"twitter:creator\" content=\"@mgcmutua\" \/>\n<meta name=\"twitter:site\" content=\"@mgcmutua\" \/>\n<meta name=\"twitter:label1\" content=\"Escrit per\" \/>\n\t<meta name=\"twitter:data1\" content=\"Revista Inter\u00e8s Mutu\" \/>\n\t<meta name=\"twitter:label2\" content=\"Temps estimat de lectura\" \/>\n\t<meta name=\"twitter:data2\" content=\"1 minut\" \/>\n<!-- \/ Yoast SEO plugin. -->","yoast_head_json":{"title":"La M\u00fatua General de Catalunya contribueix a que Manresa sigui una de les ciutats m\u00e9s cardioprotegides de Catalunya - MGC M\u00fatua","robots":{"index":"index","follow":"follow","max-snippet":"max-snippet:-1","max-image-preview":"max-image-preview:large","max-video-preview":"max-video-preview:-1"},"canonical":"https:\/\/www.mgc.es\/ca\/blog\/la-mutua-general-de-catalunya-contribueix-a-que-manresa-sigui-una-de-les-ciutats-mes-cardioprotegides-de-catalunya\/","og_locale":"ca_ES","og_type":"article","og_title":"La M\u00fatua General de Catalunya contribueix a que Manresa sigui una de les ciutats m\u00e9s cardioprotegides de Catalunya - MGC M\u00fatua","og_description":"En els darrers dies s&#8217;han instal\u00b7lat 30 desfibril\u00b7ladors d&#8217;\u00fas p\u00fablic a Manresa, que d&#8217;aquesta forma es converteix en una de les ciutats m\u00e9s cardioprotegides de Catalunya, nom\u00e9s darrera de Barcelona i Girona. El projecte ha estat possible gr\u00e0cies a la col\u00b7laboraci\u00f3 de l&#8217;Ajuntament de Manresa, Rotary Club Manresa-Centre i la M\u00fatua General de Catalunya.","og_url":"https:\/\/www.mgc.es\/ca\/blog\/la-mutua-general-de-catalunya-contribueix-a-que-manresa-sigui-una-de-les-ciutats-mes-cardioprotegides-de-catalunya\/","og_site_name":"MGC M\u00fatua","article_publisher":"https:\/\/www.facebook.com\/mgcmutua","article_published_time":"2016-02-22T23:00:00+00:00","article_modified_time":"2019-11-22T11:43:21+00:00","og_image":[{"width":318,"height":142,"url":"https:\/\/www.mgc.es\/wp-content\/uploads\/2019\/11\/rotary-rdp-12.02.2016.jpg","type":"image\/jpeg"}],"author":"Revista Inter\u00e8s Mutu","twitter_card":"summary_large_image","twitter_creator":"@mgcmutua","twitter_site":"@mgcmutua","twitter_misc":{"Escrit per":"Revista Inter\u00e8s Mutu","Temps estimat de lectura":"1 minut"},"schema":{"@context":"https:\/\/schema.org","@graph":[{"@type":["Article","BlogPosting"],"@id":"https:\/\/www.mgc.es\/ca\/blog\/la-mutua-general-de-catalunya-contribueix-a-que-manresa-sigui-una-de-les-ciutats-mes-cardioprotegides-de-catalunya\/#article","isPartOf":{"@id":"https:\/\/www.mgc.es\/ca\/blog\/la-mutua-general-de-catalunya-contribueix-a-que-manresa-sigui-una-de-les-ciutats-mes-cardioprotegides-de-catalunya\/"},"author":{"name":"Revista Inter\u00e8s Mutu","@id":"https:\/\/www.mgc.es\/#\/schema\/person\/010c961d9c9acf38f11187a02b646c16"},"headline":"La M\u00fatua General de Catalunya contribueix a que Manresa sigui una de les ciutats m\u00e9s cardioprotegides de Catalunya","datePublished":"2016-02-22T23:00:00+00:00","dateModified":"2019-11-22T11:43:21+00:00","mainEntityOfPage":{"@id":"https:\/\/www.mgc.es\/ca\/blog\/la-mutua-general-de-catalunya-contribueix-a-que-manresa-sigui-una-de-les-ciutats-mes-cardioprotegides-de-catalunya\/"},"wordCount":208,"commentCount":0,"publisher":{"@id":"https:\/\/www.mgc.es\/#organization"},"image":{"@id":"https:\/\/www.mgc.es\/ca\/blog\/la-mutua-general-de-catalunya-contribueix-a-que-manresa-sigui-una-de-les-ciutats-mes-cardioprotegides-de-catalunya\/#primaryimage"},"thumbnailUrl":"https:\/\/www.mgc.es\/wp-content\/uploads\/2019\/11\/rotary-rdp-12.02.2016.jpg","articleSection":["Actualitat M\u00fatua"],"inLanguage":"ca","potentialAction":[{"@type":"CommentAction","name":"Comment","target":["https:\/\/www.mgc.es\/ca\/blog\/la-mutua-general-de-catalunya-contribueix-a-que-manresa-sigui-una-de-les-ciutats-mes-cardioprotegides-de-catalunya\/#respond"]}]},{"@type":["WebPage","ItemPage"],"@id":"https:\/\/www.mgc.es\/ca\/blog\/la-mutua-general-de-catalunya-contribueix-a-que-manresa-sigui-una-de-les-ciutats-mes-cardioprotegides-de-catalunya\/","url":"https:\/\/www.mgc.es\/ca\/blog\/la-mutua-general-de-catalunya-contribueix-a-que-manresa-sigui-una-de-les-ciutats-mes-cardioprotegides-de-catalunya\/","name":"La M\u00fatua General de Catalunya contribueix a que Manresa sigui una de les ciutats m\u00e9s cardioprotegides de Catalunya - MGC M\u00fatua","isPartOf":{"@id":"https:\/\/www.mgc.es\/#website"},"primaryImageOfPage":{"@id":"https:\/\/www.mgc.es\/ca\/blog\/la-mutua-general-de-catalunya-contribueix-a-que-manresa-sigui-una-de-les-ciutats-mes-cardioprotegides-de-catalunya\/#primaryimage"},"image":{"@id":"https:\/\/www.mgc.es\/ca\/blog\/la-mutua-general-de-catalunya-contribueix-a-que-manresa-sigui-una-de-les-ciutats-mes-cardioprotegides-de-catalunya\/#primaryimage"},"thumbnailUrl":"https:\/\/www.mgc.es\/wp-content\/uploads\/2019\/11\/rotary-rdp-12.02.2016.jpg","datePublished":"2016-02-22T23:00:00+00:00","dateModified":"2019-11-22T11:43:21+00:00","breadcrumb":{"@id":"https:\/\/www.mgc.es\/ca\/blog\/la-mutua-general-de-catalunya-contribueix-a-que-manresa-sigui-una-de-les-ciutats-mes-cardioprotegides-de-catalunya\/#breadcrumb"},"inLanguage":"ca","potentialAction":[{"@type":"ReadAction","target":["https:\/\/www.mgc.es\/ca\/blog\/la-mutua-general-de-catalunya-contribueix-a-que-manresa-sigui-una-de-les-ciutats-mes-cardioprotegides-de-catalunya\/"]}]},{"@type":"ImageObject","inLanguage":"ca","@id":"https:\/\/www.mgc.es\/ca\/blog\/la-mutua-general-de-catalunya-contribueix-a-que-manresa-sigui-una-de-les-ciutats-mes-cardioprotegides-de-catalunya\/#primaryimage","url":"https:\/\/www.mgc.es\/wp-content\/uploads\/2019\/11\/rotary-rdp-12.02.2016.jpg","contentUrl":"https:\/\/www.mgc.es\/wp-content\/uploads\/2019\/11\/rotary-rdp-12.02.2016.jpg","width":318,"height":142},{"@type":"BreadcrumbList","@id":"https:\/\/www.mgc.es\/ca\/blog\/la-mutua-general-de-catalunya-contribueix-a-que-manresa-sigui-una-de-les-ciutats-mes-cardioprotegides-de-catalunya\/#breadcrumb","itemListElement":[{"@type":"ListItem","position":1,"name":"Home","item":"https:\/\/www.mgc.es\/ca\/"},{"@type":"ListItem","position":2,"name":"La M\u00fatua General de Catalunya contribueix a que Manresa sigui una de les ciutats m\u00e9s cardioprotegides de Catalunya"}]},{"@type":"WebSite","@id":"https:\/\/www.mgc.es\/#website","url":"https:\/\/www.mgc.es\/","name":"MGC M\u00fatua","description":"MGC M\u00fatua \u00e9s una entitat asseguradora sense \u00e0nim de lucre constitu\u00efda al 1982 i especialitzada en assegurances de salut i assist\u00e8ncia.","publisher":{"@id":"https:\/\/www.mgc.es\/#organization"},"alternateName":"MGC","potentialAction":[{"@type":"SearchAction","target":{"@type":"EntryPoint","urlTemplate":"https:\/\/www.mgc.es\/?s={search_term_string}"},"query-input":{"@type":"PropertyValueSpecification","valueRequired":true,"valueName":"search_term_string"}}],"inLanguage":"ca"},{"@type":"Organization","@id":"https:\/\/www.mgc.es\/#organization","name":"MGC Mutua","alternateName":"MGC","url":"https:\/\/www.mgc.es\/","logo":{"@type":"ImageObject","inLanguage":"ca","@id":"https:\/\/www.mgc.es\/#\/schema\/logo\/image\/","url":"https:\/\/www.mgc.es\/wp-content\/uploads\/2020\/03\/mgcmutua_h2_2t_reduccions.png","contentUrl":"https:\/\/www.mgc.es\/wp-content\/uploads\/2020\/03\/mgcmutua_h2_2t_reduccions.png","width":303,"height":165,"caption":"MGC Mutua"},"image":{"@id":"https:\/\/www.mgc.es\/#\/schema\/logo\/image\/"},"sameAs":["https:\/\/www.facebook.com\/mgcmutua","https:\/\/x.com\/mgcmutua","https:\/\/www.youtube.com\/c\/MGCMutua"]},{"@type":"Person","@id":"https:\/\/www.mgc.es\/#\/schema\/person\/010c961d9c9acf38f11187a02b646c16","name":"Revista Inter\u00e8s Mutu","image":{"@type":"ImageObject","inLanguage":"ca","@id":"https:\/\/secure.gravatar.com\/avatar\/52302d684339b9d7bf5691e2ad00835d62ce3b4a435f21ca9f21fbe39c63cb1b?s=96&d=mm&r=g","url":"https:\/\/secure.gravatar.com\/avatar\/52302d684339b9d7bf5691e2ad00835d62ce3b4a435f21ca9f21fbe39c63cb1b?s=96&d=mm&r=g","contentUrl":"https:\/\/secure.gravatar.com\/avatar\/52302d684339b9d7bf5691e2ad00835d62ce3b4a435f21ca9f21fbe39c63cb1b?s=96&d=mm&r=g","caption":"Revista Inter\u00e8s Mutu"}}]}},"_links":{"self":[{"href":"https:\/\/www.mgc.es\/ca\/wp-json\/wp\/v2\/posts\/11492","targetHints":{"allow":["GET"]}}],"collection":[{"href":"https:\/\/www.mgc.es\/ca\/wp-json\/wp\/v2\/posts"}],"about":[{"href":"https:\/\/www.mgc.es\/ca\/wp-json\/wp\/v2\/types\/post"}],"author":[{"embeddable":true,"href":"https:\/\/www.mgc.es\/ca\/wp-json\/wp\/v2\/users\/3"}],"replies":[{"embeddable":true,"href":"https:\/\/www.mgc.es\/ca\/wp-json\/wp\/v2\/comments?post=11492"}],"version-history":[{"count":1,"href":"https:\/\/www.mgc.es\/ca\/wp-json\/wp\/v2\/posts\/11492\/revisions"}],"predecessor-version":[{"id":15009,"href":"https:\/\/www.mgc.es\/ca\/wp-json\/wp\/v2\/posts\/11492\/revisions\/15009"}],"wp:featuredmedia":[{"embeddable":true,"href":"https:\/\/www.mgc.es\/ca\/wp-json\/wp\/v2\/media\/13853"}],"wp:attachment":[{"href":"https:\/\/www.mgc.es\/ca\/wp-json\/wp\/v2\/media?parent=11492"}],"wp:term":[{"taxonomy":"category","embeddable":true,"href":"https:\/\/www.mgc.es\/ca\/wp-json\/wp\/v2\/categories?post=11492"},{"taxonomy":"post_tag","embeddable":true,"href":"https:\/\/www.mgc.es\/ca\/wp-json\/wp\/v2\/tags?post=11492"}],"curies":[{"name":"wp","href":"https:\/\/api.w.org\/{rel}","templated":true}]}}