{"id":11484,"date":"2015-11-06T00:00:00","date_gmt":"2015-11-05T23:00:00","guid":{"rendered":"http:\/\/web-server-devel.mgc.es\/simfonova-i-mutua-general-de-catalunya-posen-dempeus-el-public-a-lauditori-de-barcelona\/"},"modified":"2020-01-14T13:48:13","modified_gmt":"2020-01-14T12:48:13","slug":"simfonova-i-mutua-general-de-catalunya-posen-dempeus-el-public-a-lauditori-de-barcelona","status":"publish","type":"post","link":"https:\/\/www.mgc.es\/ca\/blog\/simfonova-i-mutua-general-de-catalunya-posen-dempeus-el-public-a-lauditori-de-barcelona\/","title":{"rendered":"Simfonova i M\u00fatua General de Catalunya posen dempeus el p\u00fablic a l&#8217;Auditori de Barcelona"},"content":{"rendered":"<p><img loading=\"lazy\" decoding=\"async\" class=\"aligncenter size-full wp-image-2162\" src=\"https:\/\/www.mgc.es\/wp-content\/uploads\/2015\/11\/simfonova-aditoribcn-1nov15.jpg\" alt=\"simfonova aditoribcn 1nov15\" width=\"962\" height=\"386\" \/><\/p>\n<p>El concert oper\u00edstic &#8220;Nom\u00e9s per a uns quants?&#8221;, produ\u00eft pel segell SIMFONOVA, i esponsoritzat per la M\u00fatua General de Catalunya, aconsegueix posar dempeus un Auditori de Barcelona amb entrades exhaurides, amb un \u00e8xit espectacular i sense precedents. El concert, creat i magn\u00edficament condu\u00eft des de l&#8217;escenari pel periodista i comunicador Marcel Gorgori, va aconseguir commoure el p\u00fablic, que omplia la sala de gom a gom, i arrencar m\u00e9s d&#8217;un quart d&#8217;hora de bravos i aplaudiments.<!--more--><\/p>\n<p>M\u00e9s de 2.200 persones es van congregar a L&#8217;Auditori de Barcelona el diumenge 1 de novembre, per tal de gaudir de magn\u00edfiques \u00e0ries d&#8217;\u00f2pera i peces simf\u00f2niques de primer nivell, en l&#8217;espectacle creat i dirigit per en Marcel Gorgori \u201cNom\u00e9s per a uns quants?\u201d Tal com ell ho defineix: \u201c\u00c9s una iniciativa que t\u00e9 la intenci\u00f3 de crear i presentar espectacles d&#8217;\u00f2pera i de m\u00fasica simf\u00f2nica que satisfacin alhora l&#8217;inter\u00e8s dels grans aficionats, aix\u00ed com la curiositat dels que, potser sense ser-ne del tot encara, estan disposats a deixar-se guiar cap a un m\u00f3n d&#8217;emocions que no ha d&#8217;estar necess\u00e0riament reservat nom\u00e9s a uns quants.\u201d<\/p>\n<p>Marcel Gorgori, molt conegut pels seus programes de divulgaci\u00f3 dedicats al m\u00f3n de l\u2019\u00f2pera (Nit d\u2019Arts) i al m\u00f3n del vi (En clau de vi), emesos pel Canal 33, vol posar de manifest que l\u2019\u00f2pera \u00e9s a l\u2019abast de tothom i afirma, conven\u00e7ut, i demostra que coneixem m\u00e9s \u00f2pera del que ens pensem i que comprendre-la i apreciar-la no est\u00e0 reservat a una minoria.<\/p>\n<h2><img loading=\"lazy\" decoding=\"async\" class=\"aligncenter size-full wp-image-2176\" src=\"https:\/\/www.mgc.es\/wp-content\/uploads\/2015\/11\/Auditori_Mutua_036.jpg\" alt=\"Auditori_Mutua_036\" width=\"904\" height=\"486\" \/>L&#8217;\u00f2pera a la vida quotidiana<\/h2>\n<p>El projecte ens apropa a l&#8217;\u00f2pera i ens mostra que \u00e9s un g\u00e8nere que est\u00e0 molt present en la vida quotidiana, i no nom\u00e9s a la televisi\u00f3 o al cinema. El p\u00fablic assistent a aquest concert, que va poder recon\u00e8ixer amb facilitat alguns passatges de grans cl\u00e0ssics de l\u2019\u00f2pera com Carmen, Lohengrin, Turandot, Nabucco o La Traviata, al final del magn\u00edfic concert i dels \u201cbisos\u201d es va posar dempeus reiterades vegades i va aplaudir durant una llargu\u00edssima estona. Marcel Gorgori va advertir que \u201cal nostre concert escoltareu l&#8217;\u00f2pera que tots sentim, tal com s&#8217;ha d&#8217;escoltar perqu\u00e8 ens atrapi per sempre.\u201d<\/p>\n<p>SIMFONOVA est\u00e0 format per l\u2019Orquestra Barcelona Filharmonia, amb el seu director Daniel Antol\u00ed al capdavant, el Cor Camerata Impromptu, el Cor Contrapunt i una part de l&#8217;Orfe\u00f3 Manres\u00e0. Les veus solistes s\u00f3n les de la soprano Maribel Ortega, el tenor Josep Fad\u00f3, la soprano Sara Blanch i el bar\u00edton Xavier Aguilar, que fan viure les seves interpretacions al p\u00fablic amb la mateixa intensitat que les viuen ells dalt de l\u2019escenari. No es limiten nom\u00e9s a cantar les seves \u00e0ries, sin\u00f3 que tamb\u00e9 les teatralitzen, amb gestos adequats, amb una gran intensitat i emoci\u00f3.<\/p>\n<p>Amb aquestes accions, la M\u00fatua General de Catalunya posa de manifest els valors de\u00a0 l&#8217;entitat, com s\u00f3n la il\u00b7lusi\u00f3, la complicitat, l&#8217;emoci\u00f3&#8230;, i compartir amb els seus mutualistes, col\u00b7laboradors i convidats els bons moments de la vida, aportant-los experi\u00e8ncies diferents, emocionants i \u00faniques. SIMFONOVA representa el que pret\u00e9n transmetre la M\u00fatua General de Catalunya: un producte bo i diferent, i \u201cno nom\u00e9s per a uns quants\u201d.<\/p>\n<p>La M\u00fatua posa, aix\u00ed, un punt i seguit de luxe a aquesta magn\u00edfica aposta, amb el darrer concert a Barcelona, el qual, despr\u00e9s d\u2019haver estat present als millors teatres de Catalunya, ha assolit un \u00e8xit sense precedents. La M\u00fatua General de Catalunya, com a esp\u00f2nsor principal de l&#8217;espectacle, i SIMFONOVA, volen agrair al p\u00fablic de Barcelona aquesta extraordin\u00e0ria acollida. Gr\u00e0cies a tots.<\/p>\n<p>&nbsp;<\/p>\n","protected":false},"excerpt":{"rendered":"<p>El concert oper\u00edstic &#8220;Nom\u00e9s per a uns quants?&#8221;, produ\u00eft pel segell SIMFONOVA, i esponsoritzat per la M\u00fatua General de Catalunya, aconsegueix posar dempeus un Auditori de Barcelona amb entrades exhaurides, amb un \u00e8xit espectacular i sense precedents. El concert, creat i magn\u00edficament condu\u00eft des de l&#8217;escenari pel periodista i comunicador Marcel Gorgori, va aconseguir commoure [&hellip;]<\/p>\n","protected":false},"author":3,"featured_media":13828,"comment_status":"open","ping_status":"open","sticky":false,"template":"","format":"standard","meta":{"footnotes":""},"categories":[11],"tags":[],"class_list":["post-11484","post","type-post","status-publish","format-standard","has-post-thumbnail","hentry","category-actualitat"],"featured_image_src":"https:\/\/www.mgc.es\/wp-content\/uploads\/2019\/11\/Auditori_Mutua_036.jpg","author_info":{"display_name":"Revista Inter\u00e8s Mutu","author_link":"https:\/\/www.mgc.es\/ca\/blog\/author\/interesmutu\/"},"yoast_head":"<!-- This site is optimized with the Yoast SEO plugin v27.2 - https:\/\/yoast.com\/product\/yoast-seo-wordpress\/ -->\n<title>Simfonova i M\u00fatua General de Catalunya posen dempeus el p\u00fablic a l&#039;Auditori de Barcelona - MGC M\u00fatua<\/title>\n<meta name=\"robots\" content=\"index, follow, max-snippet:-1, max-image-preview:large, max-video-preview:-1\" \/>\n<link rel=\"canonical\" href=\"https:\/\/www.mgc.es\/ca\/blog\/simfonova-i-mutua-general-de-catalunya-posen-dempeus-el-public-a-lauditori-de-barcelona\/\" \/>\n<meta property=\"og:locale\" content=\"ca_ES\" \/>\n<meta property=\"og:type\" content=\"article\" \/>\n<meta property=\"og:title\" content=\"Simfonova i M\u00fatua General de Catalunya posen dempeus el p\u00fablic a l&#039;Auditori de Barcelona - MGC M\u00fatua\" \/>\n<meta property=\"og:description\" content=\"El concert oper\u00edstic &#8220;Nom\u00e9s per a uns quants?&#8221;, produ\u00eft pel segell SIMFONOVA, i esponsoritzat per la M\u00fatua General de Catalunya, aconsegueix posar dempeus un Auditori de Barcelona amb entrades exhaurides, amb un \u00e8xit espectacular i sense precedents. El concert, creat i magn\u00edficament condu\u00eft des de l&#8217;escenari pel periodista i comunicador Marcel Gorgori, va aconseguir commoure [&hellip;]\" \/>\n<meta property=\"og:url\" content=\"https:\/\/www.mgc.es\/ca\/blog\/simfonova-i-mutua-general-de-catalunya-posen-dempeus-el-public-a-lauditori-de-barcelona\/\" \/>\n<meta property=\"og:site_name\" content=\"MGC M\u00fatua\" \/>\n<meta property=\"article:publisher\" content=\"https:\/\/www.facebook.com\/mgcmutua\" \/>\n<meta property=\"article:published_time\" content=\"2015-11-05T23:00:00+00:00\" \/>\n<meta property=\"article:modified_time\" content=\"2020-01-14T12:48:13+00:00\" \/>\n<meta property=\"og:image\" content=\"https:\/\/www.mgc.es\/wp-content\/uploads\/2019\/11\/Auditori_Mutua_036.jpg\" \/>\n\t<meta property=\"og:image:width\" content=\"904\" \/>\n\t<meta property=\"og:image:height\" content=\"486\" \/>\n\t<meta property=\"og:image:type\" content=\"image\/jpeg\" \/>\n<meta name=\"author\" content=\"Revista Inter\u00e8s Mutu\" \/>\n<meta name=\"twitter:card\" content=\"summary_large_image\" \/>\n<meta name=\"twitter:creator\" content=\"@mgcmutua\" \/>\n<meta name=\"twitter:site\" content=\"@mgcmutua\" \/>\n<meta name=\"twitter:label1\" content=\"Escrit per\" \/>\n\t<meta name=\"twitter:data1\" content=\"Revista Inter\u00e8s Mutu\" \/>\n\t<meta name=\"twitter:label2\" content=\"Temps estimat de lectura\" \/>\n\t<meta name=\"twitter:data2\" content=\"3 minuts\" \/>\n<!-- \/ Yoast SEO plugin. -->","yoast_head_json":{"title":"Simfonova i M\u00fatua General de Catalunya posen dempeus el p\u00fablic a l'Auditori de Barcelona - MGC M\u00fatua","robots":{"index":"index","follow":"follow","max-snippet":"max-snippet:-1","max-image-preview":"max-image-preview:large","max-video-preview":"max-video-preview:-1"},"canonical":"https:\/\/www.mgc.es\/ca\/blog\/simfonova-i-mutua-general-de-catalunya-posen-dempeus-el-public-a-lauditori-de-barcelona\/","og_locale":"ca_ES","og_type":"article","og_title":"Simfonova i M\u00fatua General de Catalunya posen dempeus el p\u00fablic a l'Auditori de Barcelona - MGC M\u00fatua","og_description":"El concert oper\u00edstic &#8220;Nom\u00e9s per a uns quants?&#8221;, produ\u00eft pel segell SIMFONOVA, i esponsoritzat per la M\u00fatua General de Catalunya, aconsegueix posar dempeus un Auditori de Barcelona amb entrades exhaurides, amb un \u00e8xit espectacular i sense precedents. El concert, creat i magn\u00edficament condu\u00eft des de l&#8217;escenari pel periodista i comunicador Marcel Gorgori, va aconseguir commoure [&hellip;]","og_url":"https:\/\/www.mgc.es\/ca\/blog\/simfonova-i-mutua-general-de-catalunya-posen-dempeus-el-public-a-lauditori-de-barcelona\/","og_site_name":"MGC M\u00fatua","article_publisher":"https:\/\/www.facebook.com\/mgcmutua","article_published_time":"2015-11-05T23:00:00+00:00","article_modified_time":"2020-01-14T12:48:13+00:00","og_image":[{"width":904,"height":486,"url":"https:\/\/www.mgc.es\/wp-content\/uploads\/2019\/11\/Auditori_Mutua_036.jpg","type":"image\/jpeg"}],"author":"Revista Inter\u00e8s Mutu","twitter_card":"summary_large_image","twitter_creator":"@mgcmutua","twitter_site":"@mgcmutua","twitter_misc":{"Escrit per":"Revista Inter\u00e8s Mutu","Temps estimat de lectura":"3 minuts"},"schema":{"@context":"https:\/\/schema.org","@graph":[{"@type":["Article","BlogPosting"],"@id":"https:\/\/www.mgc.es\/ca\/blog\/simfonova-i-mutua-general-de-catalunya-posen-dempeus-el-public-a-lauditori-de-barcelona\/#article","isPartOf":{"@id":"https:\/\/www.mgc.es\/ca\/blog\/simfonova-i-mutua-general-de-catalunya-posen-dempeus-el-public-a-lauditori-de-barcelona\/"},"author":{"name":"Revista Inter\u00e8s Mutu","@id":"https:\/\/www.mgc.es\/#\/schema\/person\/010c961d9c9acf38f11187a02b646c16"},"headline":"Simfonova i M\u00fatua General de Catalunya posen dempeus el p\u00fablic a l&#8217;Auditori de Barcelona","datePublished":"2015-11-05T23:00:00+00:00","dateModified":"2020-01-14T12:48:13+00:00","mainEntityOfPage":{"@id":"https:\/\/www.mgc.es\/ca\/blog\/simfonova-i-mutua-general-de-catalunya-posen-dempeus-el-public-a-lauditori-de-barcelona\/"},"wordCount":646,"commentCount":0,"publisher":{"@id":"https:\/\/www.mgc.es\/#organization"},"image":{"@id":"https:\/\/www.mgc.es\/ca\/blog\/simfonova-i-mutua-general-de-catalunya-posen-dempeus-el-public-a-lauditori-de-barcelona\/#primaryimage"},"thumbnailUrl":"https:\/\/www.mgc.es\/wp-content\/uploads\/2019\/11\/Auditori_Mutua_036.jpg","articleSection":["Actualitat M\u00fatua"],"inLanguage":"ca","potentialAction":[{"@type":"CommentAction","name":"Comment","target":["https:\/\/www.mgc.es\/ca\/blog\/simfonova-i-mutua-general-de-catalunya-posen-dempeus-el-public-a-lauditori-de-barcelona\/#respond"]}]},{"@type":["WebPage","ItemPage"],"@id":"https:\/\/www.mgc.es\/ca\/blog\/simfonova-i-mutua-general-de-catalunya-posen-dempeus-el-public-a-lauditori-de-barcelona\/","url":"https:\/\/www.mgc.es\/ca\/blog\/simfonova-i-mutua-general-de-catalunya-posen-dempeus-el-public-a-lauditori-de-barcelona\/","name":"Simfonova i M\u00fatua General de Catalunya posen dempeus el p\u00fablic a l'Auditori de Barcelona - MGC M\u00fatua","isPartOf":{"@id":"https:\/\/www.mgc.es\/#website"},"primaryImageOfPage":{"@id":"https:\/\/www.mgc.es\/ca\/blog\/simfonova-i-mutua-general-de-catalunya-posen-dempeus-el-public-a-lauditori-de-barcelona\/#primaryimage"},"image":{"@id":"https:\/\/www.mgc.es\/ca\/blog\/simfonova-i-mutua-general-de-catalunya-posen-dempeus-el-public-a-lauditori-de-barcelona\/#primaryimage"},"thumbnailUrl":"https:\/\/www.mgc.es\/wp-content\/uploads\/2019\/11\/Auditori_Mutua_036.jpg","datePublished":"2015-11-05T23:00:00+00:00","dateModified":"2020-01-14T12:48:13+00:00","breadcrumb":{"@id":"https:\/\/www.mgc.es\/ca\/blog\/simfonova-i-mutua-general-de-catalunya-posen-dempeus-el-public-a-lauditori-de-barcelona\/#breadcrumb"},"inLanguage":"ca","potentialAction":[{"@type":"ReadAction","target":["https:\/\/www.mgc.es\/ca\/blog\/simfonova-i-mutua-general-de-catalunya-posen-dempeus-el-public-a-lauditori-de-barcelona\/"]}]},{"@type":"ImageObject","inLanguage":"ca","@id":"https:\/\/www.mgc.es\/ca\/blog\/simfonova-i-mutua-general-de-catalunya-posen-dempeus-el-public-a-lauditori-de-barcelona\/#primaryimage","url":"https:\/\/www.mgc.es\/wp-content\/uploads\/2019\/11\/Auditori_Mutua_036.jpg","contentUrl":"https:\/\/www.mgc.es\/wp-content\/uploads\/2019\/11\/Auditori_Mutua_036.jpg","width":904,"height":486},{"@type":"BreadcrumbList","@id":"https:\/\/www.mgc.es\/ca\/blog\/simfonova-i-mutua-general-de-catalunya-posen-dempeus-el-public-a-lauditori-de-barcelona\/#breadcrumb","itemListElement":[{"@type":"ListItem","position":1,"name":"Home","item":"https:\/\/www.mgc.es\/ca\/"},{"@type":"ListItem","position":2,"name":"Simfonova i M\u00fatua General de Catalunya posen dempeus el p\u00fablic a l&#8217;Auditori de Barcelona"}]},{"@type":"WebSite","@id":"https:\/\/www.mgc.es\/#website","url":"https:\/\/www.mgc.es\/","name":"MGC M\u00fatua","description":"MGC M\u00fatua \u00e9s una entitat asseguradora sense \u00e0nim de lucre constitu\u00efda al 1982 i especialitzada en assegurances de salut i assist\u00e8ncia.","publisher":{"@id":"https:\/\/www.mgc.es\/#organization"},"alternateName":"MGC","potentialAction":[{"@type":"SearchAction","target":{"@type":"EntryPoint","urlTemplate":"https:\/\/www.mgc.es\/?s={search_term_string}"},"query-input":{"@type":"PropertyValueSpecification","valueRequired":true,"valueName":"search_term_string"}}],"inLanguage":"ca"},{"@type":"Organization","@id":"https:\/\/www.mgc.es\/#organization","name":"MGC Mutua","alternateName":"MGC","url":"https:\/\/www.mgc.es\/","logo":{"@type":"ImageObject","inLanguage":"ca","@id":"https:\/\/www.mgc.es\/#\/schema\/logo\/image\/","url":"https:\/\/www.mgc.es\/wp-content\/uploads\/2020\/03\/mgcmutua_h2_2t_reduccions.png","contentUrl":"https:\/\/www.mgc.es\/wp-content\/uploads\/2020\/03\/mgcmutua_h2_2t_reduccions.png","width":303,"height":165,"caption":"MGC Mutua"},"image":{"@id":"https:\/\/www.mgc.es\/#\/schema\/logo\/image\/"},"sameAs":["https:\/\/www.facebook.com\/mgcmutua","https:\/\/x.com\/mgcmutua","https:\/\/www.youtube.com\/c\/MGCMutua"]},{"@type":"Person","@id":"https:\/\/www.mgc.es\/#\/schema\/person\/010c961d9c9acf38f11187a02b646c16","name":"Revista Inter\u00e8s Mutu","image":{"@type":"ImageObject","inLanguage":"ca","@id":"https:\/\/secure.gravatar.com\/avatar\/52302d684339b9d7bf5691e2ad00835d62ce3b4a435f21ca9f21fbe39c63cb1b?s=96&d=mm&r=g","url":"https:\/\/secure.gravatar.com\/avatar\/52302d684339b9d7bf5691e2ad00835d62ce3b4a435f21ca9f21fbe39c63cb1b?s=96&d=mm&r=g","contentUrl":"https:\/\/secure.gravatar.com\/avatar\/52302d684339b9d7bf5691e2ad00835d62ce3b4a435f21ca9f21fbe39c63cb1b?s=96&d=mm&r=g","caption":"Revista Inter\u00e8s Mutu"}}]}},"_links":{"self":[{"href":"https:\/\/www.mgc.es\/ca\/wp-json\/wp\/v2\/posts\/11484","targetHints":{"allow":["GET"]}}],"collection":[{"href":"https:\/\/www.mgc.es\/ca\/wp-json\/wp\/v2\/posts"}],"about":[{"href":"https:\/\/www.mgc.es\/ca\/wp-json\/wp\/v2\/types\/post"}],"author":[{"embeddable":true,"href":"https:\/\/www.mgc.es\/ca\/wp-json\/wp\/v2\/users\/3"}],"replies":[{"embeddable":true,"href":"https:\/\/www.mgc.es\/ca\/wp-json\/wp\/v2\/comments?post=11484"}],"version-history":[{"count":1,"href":"https:\/\/www.mgc.es\/ca\/wp-json\/wp\/v2\/posts\/11484\/revisions"}],"predecessor-version":[{"id":15001,"href":"https:\/\/www.mgc.es\/ca\/wp-json\/wp\/v2\/posts\/11484\/revisions\/15001"}],"wp:featuredmedia":[{"embeddable":true,"href":"https:\/\/www.mgc.es\/ca\/wp-json\/wp\/v2\/media\/13828"}],"wp:attachment":[{"href":"https:\/\/www.mgc.es\/ca\/wp-json\/wp\/v2\/media?parent=11484"}],"wp:term":[{"taxonomy":"category","embeddable":true,"href":"https:\/\/www.mgc.es\/ca\/wp-json\/wp\/v2\/categories?post=11484"},{"taxonomy":"post_tag","embeddable":true,"href":"https:\/\/www.mgc.es\/ca\/wp-json\/wp\/v2\/tags?post=11484"}],"curies":[{"name":"wp","href":"https:\/\/api.w.org\/{rel}","templated":true}]}}