{"id":11481,"date":"2015-10-01T00:00:00","date_gmt":"2015-09-30T22:00:00","guid":{"rendered":"http:\/\/web-server-devel.mgc.es\/tornen-les-xerrades-saludables-a-lespai-mutua-salut\/"},"modified":"2022-10-19T09:56:57","modified_gmt":"2022-10-19T07:56:57","slug":"tornen-les-xerrades-saludables-a-lespai-mutua-salut","status":"publish","type":"post","link":"https:\/\/www.mgc.es\/ca\/blog\/tornen-les-xerrades-saludables-a-lespai-mutua-salut\/","title":{"rendered":"Tornen les \u201cXerrades Saludables\u201d a l\u2019Espai M\u00fatua Salut"},"content":{"rendered":"<p><img loading=\"lazy\" decoding=\"async\" class=\"aligncenter size-large wp-image-2115\" src=\"https:\/\/www.mgc.es\/wp-content\/uploads\/2015\/10\/mataro-unio-botiguers-espai-negoci24.03.15-2-1024x768.jpg\" alt=\"xerrada espais\" width=\"584\" height=\"438\">El darrer trimestre de l&#8217;any tenim previstes noves activitats per als mutualistes (i per aquells amics que vulguin convidar), amb les que volem oferir diferents opcions per a tota la fam\u00edlia, com ara els ja habituals tallers d&#8217;Aloha d&#8217;aprenentatge per a nens entre 5 i 13 anys mitjan\u00e7ant l&#8217;\u00e0bac, noves xerrades saludables a c\u00e0rrec de metges i professionals de la salut de diferents \u00e0rees, sense oblidar l&#8217;organitzaci\u00f3 d&#8217;aniversaris per als nens, amb l&#8217;animaci\u00f3 que tant agrada a pares i fills, a grans i petits.<!--more--><\/p>\n<p>Des del mes de setembre fins al desembre s&#8217;imparteixen les Xerrades Saludables a les nostres oficines amb nous temes. Condu\u00efdes per professionals i centres m\u00e8dics que informaran i assessoraran els assistents sobre diferents temes relacionats amb la cura de la salut, les xerrades estan dirigides a mutualistes i no mutualistes i no tenen cap cost.<\/p>\n<p>Consulteu els programes de les xerrades que es faran arreu del territori <a href=\"http:\/\/espaimutua.mgc.es\/salut.php\">aqu\u00ed<\/a> i reserveu ja la vostra pla\u00e7a.<\/p>\n","protected":false},"excerpt":{"rendered":"<p>El darrer trimestre de l&#8217;any tenim previstes noves activitats per als mutualistes (i per aquells amics que vulguin convidar), amb les que volem oferir diferents opcions per a tota la fam\u00edlia, com ara els ja habituals tallers d&#8217;Aloha d&#8217;aprenentatge per a nens entre 5 i 13 anys mitjan\u00e7ant l&#8217;\u00e0bac, noves xerrades saludables a c\u00e0rrec de [&hellip;]<\/p>\n","protected":false},"author":3,"featured_media":13817,"comment_status":"open","ping_status":"open","sticky":false,"template":"","format":"standard","meta":{"footnotes":""},"categories":[11,187,1],"tags":[230,284],"class_list":["post-11481","post","type-post","status-publish","format-standard","has-post-thumbnail","hentry","category-actualitat","category-salud","category-sin-categorizar","tag-prevencion","tag-salud-emocional"],"featured_image_src":"https:\/\/www.mgc.es\/wp-content\/uploads\/2019\/11\/mataro-unio-botiguers-espai-negoci24.03.15-2-1024x768.jpg","author_info":{"display_name":"Revista Inter\u00e8s Mutu","author_link":"https:\/\/www.mgc.es\/ca\/blog\/author\/interesmutu\/"},"yoast_head":"<!-- This site is optimized with the Yoast SEO plugin v27.2 - https:\/\/yoast.com\/product\/yoast-seo-wordpress\/ -->\n<title>Tornen les \u201cXerrades Saludables\u201d a l\u2019Espai M\u00fatua Salut - MGC M\u00fatua<\/title>\n<meta name=\"robots\" content=\"index, follow, max-snippet:-1, max-image-preview:large, max-video-preview:-1\" \/>\n<link rel=\"canonical\" href=\"https:\/\/www.mgc.es\/ca\/blog\/tornen-les-xerrades-saludables-a-lespai-mutua-salut\/\" \/>\n<meta property=\"og:locale\" content=\"ca_ES\" \/>\n<meta property=\"og:type\" content=\"article\" \/>\n<meta property=\"og:title\" content=\"Tornen les \u201cXerrades Saludables\u201d a l\u2019Espai M\u00fatua Salut - MGC M\u00fatua\" \/>\n<meta property=\"og:description\" content=\"El darrer trimestre de l&#8217;any tenim previstes noves activitats per als mutualistes (i per aquells amics que vulguin convidar), amb les que volem oferir diferents opcions per a tota la fam\u00edlia, com ara els ja habituals tallers d&#8217;Aloha d&#8217;aprenentatge per a nens entre 5 i 13 anys mitjan\u00e7ant l&#8217;\u00e0bac, noves xerrades saludables a c\u00e0rrec de [&hellip;]\" \/>\n<meta property=\"og:url\" content=\"https:\/\/www.mgc.es\/ca\/blog\/tornen-les-xerrades-saludables-a-lespai-mutua-salut\/\" \/>\n<meta property=\"og:site_name\" content=\"MGC M\u00fatua\" \/>\n<meta property=\"article:publisher\" content=\"https:\/\/www.facebook.com\/mgcmutua\" \/>\n<meta property=\"article:published_time\" content=\"2015-09-30T22:00:00+00:00\" \/>\n<meta property=\"article:modified_time\" content=\"2022-10-19T07:56:57+00:00\" \/>\n<meta property=\"og:image\" content=\"https:\/\/www.mgc.es\/wp-content\/uploads\/2019\/11\/mataro-unio-botiguers-espai-negoci24.03.15-2-1024x768.jpg\" \/>\n\t<meta property=\"og:image:width\" content=\"1024\" \/>\n\t<meta property=\"og:image:height\" content=\"768\" \/>\n\t<meta property=\"og:image:type\" content=\"image\/jpeg\" \/>\n<meta name=\"author\" content=\"Revista Inter\u00e8s Mutu\" \/>\n<meta name=\"twitter:card\" content=\"summary_large_image\" \/>\n<meta name=\"twitter:creator\" content=\"@mgcmutua\" \/>\n<meta name=\"twitter:site\" content=\"@mgcmutua\" \/>\n<meta name=\"twitter:label1\" content=\"Escrit per\" \/>\n\t<meta name=\"twitter:data1\" content=\"Revista Inter\u00e8s Mutu\" \/>\n\t<meta name=\"twitter:label2\" content=\"Temps estimat de lectura\" \/>\n\t<meta name=\"twitter:data2\" content=\"1 minut\" \/>\n<!-- \/ Yoast SEO plugin. -->","yoast_head_json":{"title":"Tornen les \u201cXerrades Saludables\u201d a l\u2019Espai M\u00fatua Salut - MGC M\u00fatua","robots":{"index":"index","follow":"follow","max-snippet":"max-snippet:-1","max-image-preview":"max-image-preview:large","max-video-preview":"max-video-preview:-1"},"canonical":"https:\/\/www.mgc.es\/ca\/blog\/tornen-les-xerrades-saludables-a-lespai-mutua-salut\/","og_locale":"ca_ES","og_type":"article","og_title":"Tornen les \u201cXerrades Saludables\u201d a l\u2019Espai M\u00fatua Salut - MGC M\u00fatua","og_description":"El darrer trimestre de l&#8217;any tenim previstes noves activitats per als mutualistes (i per aquells amics que vulguin convidar), amb les que volem oferir diferents opcions per a tota la fam\u00edlia, com ara els ja habituals tallers d&#8217;Aloha d&#8217;aprenentatge per a nens entre 5 i 13 anys mitjan\u00e7ant l&#8217;\u00e0bac, noves xerrades saludables a c\u00e0rrec de [&hellip;]","og_url":"https:\/\/www.mgc.es\/ca\/blog\/tornen-les-xerrades-saludables-a-lespai-mutua-salut\/","og_site_name":"MGC M\u00fatua","article_publisher":"https:\/\/www.facebook.com\/mgcmutua","article_published_time":"2015-09-30T22:00:00+00:00","article_modified_time":"2022-10-19T07:56:57+00:00","og_image":[{"width":1024,"height":768,"url":"https:\/\/www.mgc.es\/wp-content\/uploads\/2019\/11\/mataro-unio-botiguers-espai-negoci24.03.15-2-1024x768.jpg","type":"image\/jpeg"}],"author":"Revista Inter\u00e8s Mutu","twitter_card":"summary_large_image","twitter_creator":"@mgcmutua","twitter_site":"@mgcmutua","twitter_misc":{"Escrit per":"Revista Inter\u00e8s Mutu","Temps estimat de lectura":"1 minut"},"schema":{"@context":"https:\/\/schema.org","@graph":[{"@type":["Article","BlogPosting"],"@id":"https:\/\/www.mgc.es\/ca\/blog\/tornen-les-xerrades-saludables-a-lespai-mutua-salut\/#article","isPartOf":{"@id":"https:\/\/www.mgc.es\/ca\/blog\/tornen-les-xerrades-saludables-a-lespai-mutua-salut\/"},"author":{"name":"Revista Inter\u00e8s Mutu","@id":"https:\/\/www.mgc.es\/#\/schema\/person\/010c961d9c9acf38f11187a02b646c16"},"headline":"Tornen les \u201cXerrades Saludables\u201d a l\u2019Espai M\u00fatua Salut","datePublished":"2015-09-30T22:00:00+00:00","dateModified":"2022-10-19T07:56:57+00:00","mainEntityOfPage":{"@id":"https:\/\/www.mgc.es\/ca\/blog\/tornen-les-xerrades-saludables-a-lespai-mutua-salut\/"},"wordCount":173,"commentCount":0,"publisher":{"@id":"https:\/\/www.mgc.es\/#organization"},"image":{"@id":"https:\/\/www.mgc.es\/ca\/blog\/tornen-les-xerrades-saludables-a-lespai-mutua-salut\/#primaryimage"},"thumbnailUrl":"https:\/\/www.mgc.es\/wp-content\/uploads\/2019\/11\/mataro-unio-botiguers-espai-negoci24.03.15-2-1024x768.jpg","keywords":["prevenci\u00f3n","salud emocional"],"articleSection":["Actualitat M\u00fatua","Salud y medicina","Sin categorizar"],"inLanguage":"ca","potentialAction":[{"@type":"CommentAction","name":"Comment","target":["https:\/\/www.mgc.es\/ca\/blog\/tornen-les-xerrades-saludables-a-lespai-mutua-salut\/#respond"]}]},{"@type":["WebPage","ItemPage"],"@id":"https:\/\/www.mgc.es\/ca\/blog\/tornen-les-xerrades-saludables-a-lespai-mutua-salut\/","url":"https:\/\/www.mgc.es\/ca\/blog\/tornen-les-xerrades-saludables-a-lespai-mutua-salut\/","name":"Tornen les \u201cXerrades Saludables\u201d a l\u2019Espai M\u00fatua Salut - MGC M\u00fatua","isPartOf":{"@id":"https:\/\/www.mgc.es\/#website"},"primaryImageOfPage":{"@id":"https:\/\/www.mgc.es\/ca\/blog\/tornen-les-xerrades-saludables-a-lespai-mutua-salut\/#primaryimage"},"image":{"@id":"https:\/\/www.mgc.es\/ca\/blog\/tornen-les-xerrades-saludables-a-lespai-mutua-salut\/#primaryimage"},"thumbnailUrl":"https:\/\/www.mgc.es\/wp-content\/uploads\/2019\/11\/mataro-unio-botiguers-espai-negoci24.03.15-2-1024x768.jpg","datePublished":"2015-09-30T22:00:00+00:00","dateModified":"2022-10-19T07:56:57+00:00","breadcrumb":{"@id":"https:\/\/www.mgc.es\/ca\/blog\/tornen-les-xerrades-saludables-a-lespai-mutua-salut\/#breadcrumb"},"inLanguage":"ca","potentialAction":[{"@type":"ReadAction","target":["https:\/\/www.mgc.es\/ca\/blog\/tornen-les-xerrades-saludables-a-lespai-mutua-salut\/"]}]},{"@type":"ImageObject","inLanguage":"ca","@id":"https:\/\/www.mgc.es\/ca\/blog\/tornen-les-xerrades-saludables-a-lespai-mutua-salut\/#primaryimage","url":"https:\/\/www.mgc.es\/wp-content\/uploads\/2019\/11\/mataro-unio-botiguers-espai-negoci24.03.15-2-1024x768.jpg","contentUrl":"https:\/\/www.mgc.es\/wp-content\/uploads\/2019\/11\/mataro-unio-botiguers-espai-negoci24.03.15-2-1024x768.jpg","width":1024,"height":768},{"@type":"BreadcrumbList","@id":"https:\/\/www.mgc.es\/ca\/blog\/tornen-les-xerrades-saludables-a-lespai-mutua-salut\/#breadcrumb","itemListElement":[{"@type":"ListItem","position":1,"name":"Home","item":"https:\/\/www.mgc.es\/ca\/"},{"@type":"ListItem","position":2,"name":"Tornen les \u201cXerrades Saludables\u201d a l\u2019Espai M\u00fatua Salut"}]},{"@type":"WebSite","@id":"https:\/\/www.mgc.es\/#website","url":"https:\/\/www.mgc.es\/","name":"MGC M\u00fatua","description":"MGC M\u00fatua \u00e9s una entitat asseguradora sense \u00e0nim de lucre constitu\u00efda al 1982 i especialitzada en assegurances de salut i assist\u00e8ncia.","publisher":{"@id":"https:\/\/www.mgc.es\/#organization"},"alternateName":"MGC","potentialAction":[{"@type":"SearchAction","target":{"@type":"EntryPoint","urlTemplate":"https:\/\/www.mgc.es\/?s={search_term_string}"},"query-input":{"@type":"PropertyValueSpecification","valueRequired":true,"valueName":"search_term_string"}}],"inLanguage":"ca"},{"@type":"Organization","@id":"https:\/\/www.mgc.es\/#organization","name":"MGC Mutua","alternateName":"MGC","url":"https:\/\/www.mgc.es\/","logo":{"@type":"ImageObject","inLanguage":"ca","@id":"https:\/\/www.mgc.es\/#\/schema\/logo\/image\/","url":"https:\/\/www.mgc.es\/wp-content\/uploads\/2020\/03\/mgcmutua_h2_2t_reduccions.png","contentUrl":"https:\/\/www.mgc.es\/wp-content\/uploads\/2020\/03\/mgcmutua_h2_2t_reduccions.png","width":303,"height":165,"caption":"MGC Mutua"},"image":{"@id":"https:\/\/www.mgc.es\/#\/schema\/logo\/image\/"},"sameAs":["https:\/\/www.facebook.com\/mgcmutua","https:\/\/x.com\/mgcmutua","https:\/\/www.youtube.com\/c\/MGCMutua"]},{"@type":"Person","@id":"https:\/\/www.mgc.es\/#\/schema\/person\/010c961d9c9acf38f11187a02b646c16","name":"Revista Inter\u00e8s Mutu","image":{"@type":"ImageObject","inLanguage":"ca","@id":"https:\/\/secure.gravatar.com\/avatar\/52302d684339b9d7bf5691e2ad00835d62ce3b4a435f21ca9f21fbe39c63cb1b?s=96&d=mm&r=g","url":"https:\/\/secure.gravatar.com\/avatar\/52302d684339b9d7bf5691e2ad00835d62ce3b4a435f21ca9f21fbe39c63cb1b?s=96&d=mm&r=g","contentUrl":"https:\/\/secure.gravatar.com\/avatar\/52302d684339b9d7bf5691e2ad00835d62ce3b4a435f21ca9f21fbe39c63cb1b?s=96&d=mm&r=g","caption":"Revista Inter\u00e8s Mutu"}}]}},"_links":{"self":[{"href":"https:\/\/www.mgc.es\/ca\/wp-json\/wp\/v2\/posts\/11481","targetHints":{"allow":["GET"]}}],"collection":[{"href":"https:\/\/www.mgc.es\/ca\/wp-json\/wp\/v2\/posts"}],"about":[{"href":"https:\/\/www.mgc.es\/ca\/wp-json\/wp\/v2\/types\/post"}],"author":[{"embeddable":true,"href":"https:\/\/www.mgc.es\/ca\/wp-json\/wp\/v2\/users\/3"}],"replies":[{"embeddable":true,"href":"https:\/\/www.mgc.es\/ca\/wp-json\/wp\/v2\/comments?post=11481"}],"version-history":[{"count":2,"href":"https:\/\/www.mgc.es\/ca\/wp-json\/wp\/v2\/posts\/11481\/revisions"}],"predecessor-version":[{"id":27114,"href":"https:\/\/www.mgc.es\/ca\/wp-json\/wp\/v2\/posts\/11481\/revisions\/27114"}],"wp:featuredmedia":[{"embeddable":true,"href":"https:\/\/www.mgc.es\/ca\/wp-json\/wp\/v2\/media\/13817"}],"wp:attachment":[{"href":"https:\/\/www.mgc.es\/ca\/wp-json\/wp\/v2\/media?parent=11481"}],"wp:term":[{"taxonomy":"category","embeddable":true,"href":"https:\/\/www.mgc.es\/ca\/wp-json\/wp\/v2\/categories?post=11481"},{"taxonomy":"post_tag","embeddable":true,"href":"https:\/\/www.mgc.es\/ca\/wp-json\/wp\/v2\/tags?post=11481"}],"curies":[{"name":"wp","href":"https:\/\/api.w.org\/{rel}","templated":true}]}}