{"id":11479,"date":"2015-09-01T00:00:00","date_gmt":"2015-08-31T22:00:00","guid":{"rendered":"http:\/\/web-server-devel.mgc.es\/calendari-de-sessions-informatives-i-tallers-daloha-mental-arithmetics\/"},"modified":"2019-11-22T12:43:26","modified_gmt":"2019-11-22T11:43:26","slug":"calendari-de-sessions-informatives-i-tallers-daloha-mental-arithmetics","status":"publish","type":"post","link":"https:\/\/www.mgc.es\/ca\/blog\/calendari-de-sessions-informatives-i-tallers-daloha-mental-arithmetics\/","title":{"rendered":"Calendari de sessions informatives i tallers d&#8217;ALOHA Mental Arithmetics"},"content":{"rendered":"<p><img loading=\"lazy\" decoding=\"async\" class=\"alignleft size-full wp-image-2092\" src=\"https:\/\/www.mgc.es\/wp-content\/uploads\/2015\/09\/astronauta.gif\" alt=\"astronauta\" width=\"600\" height=\"600\" \/>A partir de setembre els nens i nenes d&#8217;entre 5 i 13 anys ja poden apuntar-se als <a href=\"http:\/\/espaimutua.mgc.es\/dates_aloha.php\">tallers<\/a> d&#8217;aprenentatge d&#8217;Aloha que comencen a l&#8217;octubre, un m\u00e8tode innovador que contribueix al seu desenvolupament mental i estimula les seves habilitats anal\u00edtiques i creatives, alhora que complementa la perfecci\u00f3 el seu desenvolupament escolar. Els nens obtenen un benefici notable en el desenvolupament de la seva intel\u00b7lig\u00e8ncia global i els beneficis i resultats s&#8217;aprecien en especial en el c\u00e0lcul mental i la seva agilitat per realitzar-lo.<!--more--><\/p>\n<p>Hem anat incrementant els tallers per als nens i nenes mutualistes a les <a href=\"http:\/\/espaimutua.mgc.es\/oficines.php\">oficines<\/a> que hem inaugurat arreu de Catalunya. En total s\u00f3n 15 les que ofereixen els tallers gratu\u00efts als que, al llarg d&#8217;aquests darrers dos anys s&#8217;han apuntat un gran nombre d&#8217;infants (Barcelona, Sant Cugat, Sabadell, Granollers, Matar\u00f3, Igualada, Vic, Girona, Figueres, Blanes, Palam\u00f3s, Tarragona, Tortosa, Reus, Lleida i Palma de Mallorca).<\/p>\n<p>Accedeix a qualsevol dels tallers de millora i potenciaci\u00f3 de les capacitats intel\u00b7lectuals que es faran, sense cap mena de cost, a les nostres instal\u00b7lacions al llarg del proper trimestre.<\/p>\n<p>A m\u00e9s, pel fet de ser mutualista, tindreu la possibilitat d&#8217;accedir a la formaci\u00f3 reglada d&#8217;<a href=\"http:\/\/www.alohaspain.com\/\">ALOHA Mental Arithmetic<\/a> subvencionada per la M\u00fatua.<br \/>\nespai m\u00fatua estudi us ofereix la possibilitat d&#8217;accedir, sense cap cost, als 4 tallers de beneficis d&#8217;ALOHA:<\/p>\n<ul>\n<li>Atenci\u00f3 i concentraci\u00f3<\/li>\n<li>Creativitat<\/li>\n<li>Imaginaci\u00f3<\/li>\n<li>Orientaci\u00f3 espacial<\/li>\n<\/ul>\n<p>Tamb\u00e9 podeu accedir a la seva formaci\u00f3 reglada de forma subvencionada.<br \/>\nConsulta el calendari de les sessions informatives de setembre i les dates d&#8217;inici dels tallers.<\/p>\n<p>Vine a les <a href=\"http:\/\/espaimutua.mgc.es\/dates_aloha.php\">sessions informatives <\/a>a les nostres oficines i informa&#8217;t!<\/p>\n<p>Els dies de les sessions informatives podeu venir amb els vostres fills, hem preparat per a ells un taller d&#8217;ALOHA Mental Arithmetic!<\/p>\n","protected":false},"excerpt":{"rendered":"<p>A partir de setembre els nens i nenes d&#8217;entre 5 i 13 anys ja poden apuntar-se als tallers d&#8217;aprenentatge d&#8217;Aloha que comencen a l&#8217;octubre, un m\u00e8tode innovador que contribueix al seu desenvolupament mental i estimula les seves habilitats anal\u00edtiques i creatives, alhora que complementa la perfecci\u00f3 el seu desenvolupament escolar. Els nens obtenen un benefici [&hellip;]<\/p>\n","protected":false},"author":3,"featured_media":13811,"comment_status":"open","ping_status":"open","sticky":false,"template":"","format":"standard","meta":{"footnotes":""},"categories":[11],"tags":[],"class_list":["post-11479","post","type-post","status-publish","format-standard","has-post-thumbnail","hentry","category-actualitat"],"featured_image_src":"https:\/\/www.mgc.es\/wp-content\/uploads\/2019\/11\/astronauta.gif","author_info":{"display_name":"Revista Inter\u00e8s Mutu","author_link":"https:\/\/www.mgc.es\/ca\/blog\/author\/interesmutu\/"},"yoast_head":"<!-- This site is optimized with the Yoast SEO plugin v27.2 - https:\/\/yoast.com\/product\/yoast-seo-wordpress\/ -->\n<title>Calendari de sessions informatives i tallers d&#039;ALOHA Mental Arithmetics - MGC M\u00fatua<\/title>\n<meta name=\"robots\" content=\"index, follow, max-snippet:-1, max-image-preview:large, max-video-preview:-1\" \/>\n<link rel=\"canonical\" href=\"https:\/\/www.mgc.es\/ca\/blog\/calendari-de-sessions-informatives-i-tallers-daloha-mental-arithmetics\/\" \/>\n<meta property=\"og:locale\" content=\"ca_ES\" \/>\n<meta property=\"og:type\" content=\"article\" \/>\n<meta property=\"og:title\" content=\"Calendari de sessions informatives i tallers d&#039;ALOHA Mental Arithmetics - MGC M\u00fatua\" \/>\n<meta property=\"og:description\" content=\"A partir de setembre els nens i nenes d&#8217;entre 5 i 13 anys ja poden apuntar-se als tallers d&#8217;aprenentatge d&#8217;Aloha que comencen a l&#8217;octubre, un m\u00e8tode innovador que contribueix al seu desenvolupament mental i estimula les seves habilitats anal\u00edtiques i creatives, alhora que complementa la perfecci\u00f3 el seu desenvolupament escolar. Els nens obtenen un benefici [&hellip;]\" \/>\n<meta property=\"og:url\" content=\"https:\/\/www.mgc.es\/ca\/blog\/calendari-de-sessions-informatives-i-tallers-daloha-mental-arithmetics\/\" \/>\n<meta property=\"og:site_name\" content=\"MGC M\u00fatua\" \/>\n<meta property=\"article:publisher\" content=\"https:\/\/www.facebook.com\/mgcmutua\" \/>\n<meta property=\"article:published_time\" content=\"2015-08-31T22:00:00+00:00\" \/>\n<meta property=\"article:modified_time\" content=\"2019-11-22T11:43:26+00:00\" \/>\n<meta property=\"og:image\" content=\"https:\/\/www.mgc.es\/wp-content\/uploads\/2019\/11\/astronauta.gif\" \/>\n\t<meta property=\"og:image:width\" content=\"600\" \/>\n\t<meta property=\"og:image:height\" content=\"600\" \/>\n\t<meta property=\"og:image:type\" content=\"image\/gif\" \/>\n<meta name=\"author\" content=\"Revista Inter\u00e8s Mutu\" \/>\n<meta name=\"twitter:card\" content=\"summary_large_image\" \/>\n<meta name=\"twitter:creator\" content=\"@mgcmutua\" \/>\n<meta name=\"twitter:site\" content=\"@mgcmutua\" \/>\n<meta name=\"twitter:label1\" content=\"Escrit per\" \/>\n\t<meta name=\"twitter:data1\" content=\"Revista Inter\u00e8s Mutu\" \/>\n\t<meta name=\"twitter:label2\" content=\"Temps estimat de lectura\" \/>\n\t<meta name=\"twitter:data2\" content=\"1 minut\" \/>\n<!-- \/ Yoast SEO plugin. -->","yoast_head_json":{"title":"Calendari de sessions informatives i tallers d'ALOHA Mental Arithmetics - MGC M\u00fatua","robots":{"index":"index","follow":"follow","max-snippet":"max-snippet:-1","max-image-preview":"max-image-preview:large","max-video-preview":"max-video-preview:-1"},"canonical":"https:\/\/www.mgc.es\/ca\/blog\/calendari-de-sessions-informatives-i-tallers-daloha-mental-arithmetics\/","og_locale":"ca_ES","og_type":"article","og_title":"Calendari de sessions informatives i tallers d'ALOHA Mental Arithmetics - MGC M\u00fatua","og_description":"A partir de setembre els nens i nenes d&#8217;entre 5 i 13 anys ja poden apuntar-se als tallers d&#8217;aprenentatge d&#8217;Aloha que comencen a l&#8217;octubre, un m\u00e8tode innovador que contribueix al seu desenvolupament mental i estimula les seves habilitats anal\u00edtiques i creatives, alhora que complementa la perfecci\u00f3 el seu desenvolupament escolar. Els nens obtenen un benefici [&hellip;]","og_url":"https:\/\/www.mgc.es\/ca\/blog\/calendari-de-sessions-informatives-i-tallers-daloha-mental-arithmetics\/","og_site_name":"MGC M\u00fatua","article_publisher":"https:\/\/www.facebook.com\/mgcmutua","article_published_time":"2015-08-31T22:00:00+00:00","article_modified_time":"2019-11-22T11:43:26+00:00","og_image":[{"width":600,"height":600,"url":"https:\/\/www.mgc.es\/wp-content\/uploads\/2019\/11\/astronauta.gif","type":"image\/gif"}],"author":"Revista Inter\u00e8s Mutu","twitter_card":"summary_large_image","twitter_creator":"@mgcmutua","twitter_site":"@mgcmutua","twitter_misc":{"Escrit per":"Revista Inter\u00e8s Mutu","Temps estimat de lectura":"1 minut"},"schema":{"@context":"https:\/\/schema.org","@graph":[{"@type":["Article","BlogPosting"],"@id":"https:\/\/www.mgc.es\/ca\/blog\/calendari-de-sessions-informatives-i-tallers-daloha-mental-arithmetics\/#article","isPartOf":{"@id":"https:\/\/www.mgc.es\/ca\/blog\/calendari-de-sessions-informatives-i-tallers-daloha-mental-arithmetics\/"},"author":{"name":"Revista Inter\u00e8s Mutu","@id":"https:\/\/www.mgc.es\/#\/schema\/person\/010c961d9c9acf38f11187a02b646c16"},"headline":"Calendari de sessions informatives i tallers d&#8217;ALOHA Mental Arithmetics","datePublished":"2015-08-31T22:00:00+00:00","dateModified":"2019-11-22T11:43:26+00:00","mainEntityOfPage":{"@id":"https:\/\/www.mgc.es\/ca\/blog\/calendari-de-sessions-informatives-i-tallers-daloha-mental-arithmetics\/"},"wordCount":299,"commentCount":0,"publisher":{"@id":"https:\/\/www.mgc.es\/#organization"},"image":{"@id":"https:\/\/www.mgc.es\/ca\/blog\/calendari-de-sessions-informatives-i-tallers-daloha-mental-arithmetics\/#primaryimage"},"thumbnailUrl":"https:\/\/www.mgc.es\/wp-content\/uploads\/2019\/11\/astronauta.gif","articleSection":["Actualitat M\u00fatua"],"inLanguage":"ca","potentialAction":[{"@type":"CommentAction","name":"Comment","target":["https:\/\/www.mgc.es\/ca\/blog\/calendari-de-sessions-informatives-i-tallers-daloha-mental-arithmetics\/#respond"]}]},{"@type":["WebPage","ItemPage"],"@id":"https:\/\/www.mgc.es\/ca\/blog\/calendari-de-sessions-informatives-i-tallers-daloha-mental-arithmetics\/","url":"https:\/\/www.mgc.es\/ca\/blog\/calendari-de-sessions-informatives-i-tallers-daloha-mental-arithmetics\/","name":"Calendari de sessions informatives i tallers d'ALOHA Mental Arithmetics - MGC M\u00fatua","isPartOf":{"@id":"https:\/\/www.mgc.es\/#website"},"primaryImageOfPage":{"@id":"https:\/\/www.mgc.es\/ca\/blog\/calendari-de-sessions-informatives-i-tallers-daloha-mental-arithmetics\/#primaryimage"},"image":{"@id":"https:\/\/www.mgc.es\/ca\/blog\/calendari-de-sessions-informatives-i-tallers-daloha-mental-arithmetics\/#primaryimage"},"thumbnailUrl":"https:\/\/www.mgc.es\/wp-content\/uploads\/2019\/11\/astronauta.gif","datePublished":"2015-08-31T22:00:00+00:00","dateModified":"2019-11-22T11:43:26+00:00","breadcrumb":{"@id":"https:\/\/www.mgc.es\/ca\/blog\/calendari-de-sessions-informatives-i-tallers-daloha-mental-arithmetics\/#breadcrumb"},"inLanguage":"ca","potentialAction":[{"@type":"ReadAction","target":["https:\/\/www.mgc.es\/ca\/blog\/calendari-de-sessions-informatives-i-tallers-daloha-mental-arithmetics\/"]}]},{"@type":"ImageObject","inLanguage":"ca","@id":"https:\/\/www.mgc.es\/ca\/blog\/calendari-de-sessions-informatives-i-tallers-daloha-mental-arithmetics\/#primaryimage","url":"https:\/\/www.mgc.es\/wp-content\/uploads\/2019\/11\/astronauta.gif","contentUrl":"https:\/\/www.mgc.es\/wp-content\/uploads\/2019\/11\/astronauta.gif","width":600,"height":600},{"@type":"BreadcrumbList","@id":"https:\/\/www.mgc.es\/ca\/blog\/calendari-de-sessions-informatives-i-tallers-daloha-mental-arithmetics\/#breadcrumb","itemListElement":[{"@type":"ListItem","position":1,"name":"Home","item":"https:\/\/www.mgc.es\/ca\/"},{"@type":"ListItem","position":2,"name":"Calendari de sessions informatives i tallers d&#8217;ALOHA Mental Arithmetics"}]},{"@type":"WebSite","@id":"https:\/\/www.mgc.es\/#website","url":"https:\/\/www.mgc.es\/","name":"MGC M\u00fatua","description":"MGC M\u00fatua \u00e9s una entitat asseguradora sense \u00e0nim de lucre constitu\u00efda al 1982 i especialitzada en assegurances de salut i assist\u00e8ncia.","publisher":{"@id":"https:\/\/www.mgc.es\/#organization"},"alternateName":"MGC","potentialAction":[{"@type":"SearchAction","target":{"@type":"EntryPoint","urlTemplate":"https:\/\/www.mgc.es\/?s={search_term_string}"},"query-input":{"@type":"PropertyValueSpecification","valueRequired":true,"valueName":"search_term_string"}}],"inLanguage":"ca"},{"@type":"Organization","@id":"https:\/\/www.mgc.es\/#organization","name":"MGC Mutua","alternateName":"MGC","url":"https:\/\/www.mgc.es\/","logo":{"@type":"ImageObject","inLanguage":"ca","@id":"https:\/\/www.mgc.es\/#\/schema\/logo\/image\/","url":"https:\/\/www.mgc.es\/wp-content\/uploads\/2020\/03\/mgcmutua_h2_2t_reduccions.png","contentUrl":"https:\/\/www.mgc.es\/wp-content\/uploads\/2020\/03\/mgcmutua_h2_2t_reduccions.png","width":303,"height":165,"caption":"MGC Mutua"},"image":{"@id":"https:\/\/www.mgc.es\/#\/schema\/logo\/image\/"},"sameAs":["https:\/\/www.facebook.com\/mgcmutua","https:\/\/x.com\/mgcmutua","https:\/\/www.youtube.com\/c\/MGCMutua"]},{"@type":"Person","@id":"https:\/\/www.mgc.es\/#\/schema\/person\/010c961d9c9acf38f11187a02b646c16","name":"Revista Inter\u00e8s Mutu","image":{"@type":"ImageObject","inLanguage":"ca","@id":"https:\/\/secure.gravatar.com\/avatar\/52302d684339b9d7bf5691e2ad00835d62ce3b4a435f21ca9f21fbe39c63cb1b?s=96&d=mm&r=g","url":"https:\/\/secure.gravatar.com\/avatar\/52302d684339b9d7bf5691e2ad00835d62ce3b4a435f21ca9f21fbe39c63cb1b?s=96&d=mm&r=g","contentUrl":"https:\/\/secure.gravatar.com\/avatar\/52302d684339b9d7bf5691e2ad00835d62ce3b4a435f21ca9f21fbe39c63cb1b?s=96&d=mm&r=g","caption":"Revista Inter\u00e8s Mutu"}}]}},"_links":{"self":[{"href":"https:\/\/www.mgc.es\/ca\/wp-json\/wp\/v2\/posts\/11479","targetHints":{"allow":["GET"]}}],"collection":[{"href":"https:\/\/www.mgc.es\/ca\/wp-json\/wp\/v2\/posts"}],"about":[{"href":"https:\/\/www.mgc.es\/ca\/wp-json\/wp\/v2\/types\/post"}],"author":[{"embeddable":true,"href":"https:\/\/www.mgc.es\/ca\/wp-json\/wp\/v2\/users\/3"}],"replies":[{"embeddable":true,"href":"https:\/\/www.mgc.es\/ca\/wp-json\/wp\/v2\/comments?post=11479"}],"version-history":[{"count":1,"href":"https:\/\/www.mgc.es\/ca\/wp-json\/wp\/v2\/posts\/11479\/revisions"}],"predecessor-version":[{"id":14996,"href":"https:\/\/www.mgc.es\/ca\/wp-json\/wp\/v2\/posts\/11479\/revisions\/14996"}],"wp:featuredmedia":[{"embeddable":true,"href":"https:\/\/www.mgc.es\/ca\/wp-json\/wp\/v2\/media\/13811"}],"wp:attachment":[{"href":"https:\/\/www.mgc.es\/ca\/wp-json\/wp\/v2\/media?parent=11479"}],"wp:term":[{"taxonomy":"category","embeddable":true,"href":"https:\/\/www.mgc.es\/ca\/wp-json\/wp\/v2\/categories?post=11479"},{"taxonomy":"post_tag","embeddable":true,"href":"https:\/\/www.mgc.es\/ca\/wp-json\/wp\/v2\/tags?post=11479"}],"curies":[{"name":"wp","href":"https:\/\/api.w.org\/{rel}","templated":true}]}}