{"id":11478,"date":"2015-08-06T00:00:00","date_gmt":"2015-08-05T22:00:00","guid":{"rendered":"http:\/\/web-server-devel.mgc.es\/presumir-de-mutua\/"},"modified":"2019-11-22T12:43:27","modified_gmt":"2019-11-22T11:43:27","slug":"presumir-de-mutua","status":"publish","type":"post","link":"https:\/\/www.mgc.es\/ca\/blog\/presumir-de-mutua\/","title":{"rendered":"Presumir de m\u00fatua"},"content":{"rendered":"<p><span style=\"color: #808080;\">\u201cS&#8217;ens ha oblidat ser amables amb els altres.\u201d VICTOR K\u00dcPPERS<\/span><\/p>\n<h3><em>Editorial publicada al darrer n\u00famero de la revista per als mutualistes de la M\u00fatua General de Catalunya .<\/em><\/h3>\n<p><a href=\"https:\/\/oficinavirtual.mgc.es:7326\/ca\/index.php\"><img loading=\"lazy\" decoding=\"async\" class=\"alignleft size-full wp-image-2080\" src=\"https:\/\/www.mgc.es\/wp-content\/uploads\/2015\/08\/presumim-revista.png\" alt=\"presumim revista\" width=\"316\" height=\"443\" \/><\/a>La forma de relacionar-nos entre nosaltres, amb els nostres col\u00b7laboradors i amb els mutualistes \u00e9s el tret distintiu de la M\u00fatua General de Catalunya. La nostra actitud impulsa el creixement i ajuda a la innovaci\u00f3.<\/p>\n<p>\u201cPresumir\u201d de la M\u00fatua podria semblar falta d&#8217;humilitat, per\u00f2 en el sentit en que ho visc i ho voldria expressar s&#8217;ajusta m\u00e9s a un sentiment de satisfacci\u00f3 i a un sanissim i molt saludable orgull de pertinen\u00e7a. Honestament, crec que tenim molts arguments per presumir. <!--more--><\/p>\n<p>Som la segona asseguradora millor valorada pels metges segons el Col\u00b7legi Oficial de Metges de Barcelona. Tenim vigents i actius m\u00e9s de 100 acords amb col\u00b7legis professionals, mutualitats, associacions, clubs esportius i escoles, que ens han escollit per oferir les nostres assegurances als seus membres. S\u00f3n molts els col\u00b7lectius professionals de rellev\u00e0ncia que confien en nosaltres i, concretament, ho fan molts professionals de la salut (metges, infermers, farmac\u00e8utics&#8230;). Sens dubte, ha de ser per alguna ra\u00f3 de pes.<\/p>\n<p>Estem adoptant pol\u00edtiques innovadores pel que fa al la nostra manera d&#8217;interactuar amb els mutualistes i d&#8217;estar m\u00e9s aprop d&#8217;ells. Una proximitat real que es reflecteix en m\u00faltiples activitats als \u201cEspai M\u00fatua\u201d a les oficines de l&#8217;entitat. Son espais destinats a tots els assegurats i tamb\u00e9 a la ciutadania, amb els que hem aconseguit deixar enrere el concepte d&#8217;oficina tradicional per esdevenir llocs de trobada i de participaci\u00f3.<br \/>\nAquesta proximitat tamb\u00e9 es concreta en les visites que fem als mutualistes hospitalitzats per tal d&#8217;interessar-nos per ells i en fer-los costat fins l&#8217;extrem d&#8217;atendre les petites necessitats que tinguin en aquells moments.<\/p>\n<p>\u201c\u00c9s temps de re-inventar l&#8217;experi\u00e8ncia del client\u201d, que diria un guru del m\u00e0rqueting. A la qual cosa jo afegiria: \u201c\u00c9s temps d&#8217;aportar un valor afegit innegable, real i tangible, complementari a l&#8217;excel\u00b7lent oferta asseguradora de la M\u00fatua!\u201d<\/p>\n<p>En definitiva, per a nosaltres la manera de treballar \u00e9s una q\u00fcesti\u00f3 d&#8217;actitud especial davant el qu\u00e8 fem i el com ho fem. Una \u201cactitud M\u00fatua\u201d, en el sentit de pr\u00f2pia i molt nostra, resultat d&#8217;una filosofia i una cultura diferents. I tamb\u00e9 en el sentit de reciprocitat, ja que si ho fem b\u00e9, s&#8217;ens valora i se&#8217;ns agraeix; i quan s&#8217;ens reconeix el que fem, ens esforcem encara m\u00e9s per no defraudar la confian\u00e7a, tot tancant un cercle virtu\u00f3s.<br \/>\nEls convido a llegir la revista i \u201cpresumeixo\u201d -estic gaireb\u00e9 conven\u00e7ut- que gaudiran amb la seva lectura.<\/p>\n","protected":false},"excerpt":{"rendered":"<p>\u201cS&#8217;ens ha oblidat ser amables amb els altres.\u201d VICTOR K\u00dcPPERS Editorial publicada al darrer n\u00famero de la revista per als mutualistes de la M\u00fatua General de Catalunya . La forma de relacionar-nos entre nosaltres, amb els nostres col\u00b7laboradors i amb els mutualistes \u00e9s el tret distintiu de la M\u00fatua General de Catalunya. La nostra actitud [&hellip;]<\/p>\n","protected":false},"author":8,"featured_media":13808,"comment_status":"open","ping_status":"open","sticky":false,"template":"","format":"standard","meta":{"footnotes":""},"categories":[11,16],"tags":[],"class_list":["post-11478","post","type-post","status-publish","format-standard","has-post-thumbnail","hentry","category-actualitat","category-assegurances"],"featured_image_src":"https:\/\/www.mgc.es\/wp-content\/uploads\/2019\/11\/presumamaos.jpg","author_info":{"display_name":"Daniel Redondo","author_link":"https:\/\/www.mgc.es\/ca\/blog\/author\/dredondo\/"},"yoast_head":"<!-- This site is optimized with the Yoast SEO plugin v27.2 - https:\/\/yoast.com\/product\/yoast-seo-wordpress\/ -->\n<title>Presumir de m\u00fatua - MGC M\u00fatua<\/title>\n<meta name=\"robots\" content=\"index, follow, max-snippet:-1, max-image-preview:large, max-video-preview:-1\" \/>\n<link rel=\"canonical\" href=\"https:\/\/www.mgc.es\/ca\/blog\/presumir-de-mutua\/\" \/>\n<meta property=\"og:locale\" content=\"ca_ES\" \/>\n<meta property=\"og:type\" content=\"article\" \/>\n<meta property=\"og:title\" content=\"Presumir de m\u00fatua - MGC M\u00fatua\" \/>\n<meta property=\"og:description\" content=\"\u201cS&#8217;ens ha oblidat ser amables amb els altres.\u201d VICTOR K\u00dcPPERS Editorial publicada al darrer n\u00famero de la revista per als mutualistes de la M\u00fatua General de Catalunya . La forma de relacionar-nos entre nosaltres, amb els nostres col\u00b7laboradors i amb els mutualistes \u00e9s el tret distintiu de la M\u00fatua General de Catalunya. La nostra actitud [&hellip;]\" \/>\n<meta property=\"og:url\" content=\"https:\/\/www.mgc.es\/ca\/blog\/presumir-de-mutua\/\" \/>\n<meta property=\"og:site_name\" content=\"MGC M\u00fatua\" \/>\n<meta property=\"article:publisher\" content=\"https:\/\/www.facebook.com\/mgcmutua\" \/>\n<meta property=\"article:published_time\" content=\"2015-08-05T22:00:00+00:00\" \/>\n<meta property=\"article:modified_time\" content=\"2019-11-22T11:43:27+00:00\" \/>\n<meta property=\"og:image\" content=\"https:\/\/www.mgc.es\/wp-content\/uploads\/2019\/11\/presumamaos.jpg\" \/>\n\t<meta property=\"og:image:width\" content=\"738\" \/>\n\t<meta property=\"og:image:height\" content=\"1040\" \/>\n\t<meta property=\"og:image:type\" content=\"image\/jpeg\" \/>\n<meta name=\"author\" content=\"Daniel Redondo\" \/>\n<meta name=\"twitter:card\" content=\"summary_large_image\" \/>\n<meta name=\"twitter:creator\" content=\"@mgcmutua\" \/>\n<meta name=\"twitter:site\" content=\"@mgcmutua\" \/>\n<meta name=\"twitter:label1\" content=\"Escrit per\" \/>\n\t<meta name=\"twitter:data1\" content=\"Daniel Redondo\" \/>\n\t<meta name=\"twitter:label2\" content=\"Temps estimat de lectura\" \/>\n\t<meta name=\"twitter:data2\" content=\"2 minuts\" \/>\n<!-- \/ Yoast SEO plugin. -->","yoast_head_json":{"title":"Presumir de m\u00fatua - MGC M\u00fatua","robots":{"index":"index","follow":"follow","max-snippet":"max-snippet:-1","max-image-preview":"max-image-preview:large","max-video-preview":"max-video-preview:-1"},"canonical":"https:\/\/www.mgc.es\/ca\/blog\/presumir-de-mutua\/","og_locale":"ca_ES","og_type":"article","og_title":"Presumir de m\u00fatua - MGC M\u00fatua","og_description":"\u201cS&#8217;ens ha oblidat ser amables amb els altres.\u201d VICTOR K\u00dcPPERS Editorial publicada al darrer n\u00famero de la revista per als mutualistes de la M\u00fatua General de Catalunya . La forma de relacionar-nos entre nosaltres, amb els nostres col\u00b7laboradors i amb els mutualistes \u00e9s el tret distintiu de la M\u00fatua General de Catalunya. La nostra actitud [&hellip;]","og_url":"https:\/\/www.mgc.es\/ca\/blog\/presumir-de-mutua\/","og_site_name":"MGC M\u00fatua","article_publisher":"https:\/\/www.facebook.com\/mgcmutua","article_published_time":"2015-08-05T22:00:00+00:00","article_modified_time":"2019-11-22T11:43:27+00:00","og_image":[{"width":738,"height":1040,"url":"https:\/\/www.mgc.es\/wp-content\/uploads\/2019\/11\/presumamaos.jpg","type":"image\/jpeg"}],"author":"Daniel Redondo","twitter_card":"summary_large_image","twitter_creator":"@mgcmutua","twitter_site":"@mgcmutua","twitter_misc":{"Escrit per":"Daniel Redondo","Temps estimat de lectura":"2 minuts"},"schema":{"@context":"https:\/\/schema.org","@graph":[{"@type":["Article","BlogPosting"],"@id":"https:\/\/www.mgc.es\/ca\/blog\/presumir-de-mutua\/#article","isPartOf":{"@id":"https:\/\/www.mgc.es\/ca\/blog\/presumir-de-mutua\/"},"author":{"name":"Daniel Redondo","@id":"https:\/\/www.mgc.es\/#\/schema\/person\/f1ebb533484166c75c28e8e94a1e8ee9"},"headline":"Presumir de m\u00fatua","datePublished":"2015-08-05T22:00:00+00:00","dateModified":"2019-11-22T11:43:27+00:00","mainEntityOfPage":{"@id":"https:\/\/www.mgc.es\/ca\/blog\/presumir-de-mutua\/"},"wordCount":453,"commentCount":0,"publisher":{"@id":"https:\/\/www.mgc.es\/#organization"},"image":{"@id":"https:\/\/www.mgc.es\/ca\/blog\/presumir-de-mutua\/#primaryimage"},"thumbnailUrl":"https:\/\/www.mgc.es\/wp-content\/uploads\/2019\/11\/presumamaos.jpg","articleSection":["Actualitat M\u00fatua","Sector assegurances"],"inLanguage":"ca","potentialAction":[{"@type":"CommentAction","name":"Comment","target":["https:\/\/www.mgc.es\/ca\/blog\/presumir-de-mutua\/#respond"]}]},{"@type":["WebPage","ItemPage"],"@id":"https:\/\/www.mgc.es\/ca\/blog\/presumir-de-mutua\/","url":"https:\/\/www.mgc.es\/ca\/blog\/presumir-de-mutua\/","name":"Presumir de m\u00fatua - MGC M\u00fatua","isPartOf":{"@id":"https:\/\/www.mgc.es\/#website"},"primaryImageOfPage":{"@id":"https:\/\/www.mgc.es\/ca\/blog\/presumir-de-mutua\/#primaryimage"},"image":{"@id":"https:\/\/www.mgc.es\/ca\/blog\/presumir-de-mutua\/#primaryimage"},"thumbnailUrl":"https:\/\/www.mgc.es\/wp-content\/uploads\/2019\/11\/presumamaos.jpg","datePublished":"2015-08-05T22:00:00+00:00","dateModified":"2019-11-22T11:43:27+00:00","breadcrumb":{"@id":"https:\/\/www.mgc.es\/ca\/blog\/presumir-de-mutua\/#breadcrumb"},"inLanguage":"ca","potentialAction":[{"@type":"ReadAction","target":["https:\/\/www.mgc.es\/ca\/blog\/presumir-de-mutua\/"]}]},{"@type":"ImageObject","inLanguage":"ca","@id":"https:\/\/www.mgc.es\/ca\/blog\/presumir-de-mutua\/#primaryimage","url":"https:\/\/www.mgc.es\/wp-content\/uploads\/2019\/11\/presumamaos.jpg","contentUrl":"https:\/\/www.mgc.es\/wp-content\/uploads\/2019\/11\/presumamaos.jpg","width":738,"height":1040},{"@type":"BreadcrumbList","@id":"https:\/\/www.mgc.es\/ca\/blog\/presumir-de-mutua\/#breadcrumb","itemListElement":[{"@type":"ListItem","position":1,"name":"Home","item":"https:\/\/www.mgc.es\/ca\/"},{"@type":"ListItem","position":2,"name":"Presumir de m\u00fatua"}]},{"@type":"WebSite","@id":"https:\/\/www.mgc.es\/#website","url":"https:\/\/www.mgc.es\/","name":"MGC M\u00fatua","description":"MGC M\u00fatua \u00e9s una entitat asseguradora sense \u00e0nim de lucre constitu\u00efda al 1982 i especialitzada en assegurances de salut i assist\u00e8ncia.","publisher":{"@id":"https:\/\/www.mgc.es\/#organization"},"alternateName":"MGC","potentialAction":[{"@type":"SearchAction","target":{"@type":"EntryPoint","urlTemplate":"https:\/\/www.mgc.es\/?s={search_term_string}"},"query-input":{"@type":"PropertyValueSpecification","valueRequired":true,"valueName":"search_term_string"}}],"inLanguage":"ca"},{"@type":"Organization","@id":"https:\/\/www.mgc.es\/#organization","name":"MGC Mutua","alternateName":"MGC","url":"https:\/\/www.mgc.es\/","logo":{"@type":"ImageObject","inLanguage":"ca","@id":"https:\/\/www.mgc.es\/#\/schema\/logo\/image\/","url":"https:\/\/www.mgc.es\/wp-content\/uploads\/2020\/03\/mgcmutua_h2_2t_reduccions.png","contentUrl":"https:\/\/www.mgc.es\/wp-content\/uploads\/2020\/03\/mgcmutua_h2_2t_reduccions.png","width":303,"height":165,"caption":"MGC Mutua"},"image":{"@id":"https:\/\/www.mgc.es\/#\/schema\/logo\/image\/"},"sameAs":["https:\/\/www.facebook.com\/mgcmutua","https:\/\/x.com\/mgcmutua","https:\/\/www.youtube.com\/c\/MGCMutua"]},{"@type":"Person","@id":"https:\/\/www.mgc.es\/#\/schema\/person\/f1ebb533484166c75c28e8e94a1e8ee9","name":"Daniel Redondo","image":{"@type":"ImageObject","inLanguage":"ca","@id":"https:\/\/secure.gravatar.com\/avatar\/3ab9cd6279a4305ab32185897b6416065d3214733bd0d5e018544d07deb65871?s=96&d=mm&r=g","url":"https:\/\/secure.gravatar.com\/avatar\/3ab9cd6279a4305ab32185897b6416065d3214733bd0d5e018544d07deb65871?s=96&d=mm&r=g","contentUrl":"https:\/\/secure.gravatar.com\/avatar\/3ab9cd6279a4305ab32185897b6416065d3214733bd0d5e018544d07deb65871?s=96&d=mm&r=g","caption":"Daniel Redondo"}}]}},"_links":{"self":[{"href":"https:\/\/www.mgc.es\/ca\/wp-json\/wp\/v2\/posts\/11478","targetHints":{"allow":["GET"]}}],"collection":[{"href":"https:\/\/www.mgc.es\/ca\/wp-json\/wp\/v2\/posts"}],"about":[{"href":"https:\/\/www.mgc.es\/ca\/wp-json\/wp\/v2\/types\/post"}],"author":[{"embeddable":true,"href":"https:\/\/www.mgc.es\/ca\/wp-json\/wp\/v2\/users\/8"}],"replies":[{"embeddable":true,"href":"https:\/\/www.mgc.es\/ca\/wp-json\/wp\/v2\/comments?post=11478"}],"version-history":[{"count":1,"href":"https:\/\/www.mgc.es\/ca\/wp-json\/wp\/v2\/posts\/11478\/revisions"}],"predecessor-version":[{"id":14995,"href":"https:\/\/www.mgc.es\/ca\/wp-json\/wp\/v2\/posts\/11478\/revisions\/14995"}],"wp:featuredmedia":[{"embeddable":true,"href":"https:\/\/www.mgc.es\/ca\/wp-json\/wp\/v2\/media\/13808"}],"wp:attachment":[{"href":"https:\/\/www.mgc.es\/ca\/wp-json\/wp\/v2\/media?parent=11478"}],"wp:term":[{"taxonomy":"category","embeddable":true,"href":"https:\/\/www.mgc.es\/ca\/wp-json\/wp\/v2\/categories?post=11478"},{"taxonomy":"post_tag","embeddable":true,"href":"https:\/\/www.mgc.es\/ca\/wp-json\/wp\/v2\/tags?post=11478"}],"curies":[{"name":"wp","href":"https:\/\/api.w.org\/{rel}","templated":true}]}}