{"id":11465,"date":"2014-12-12T00:00:00","date_gmt":"2014-12-11T23:00:00","guid":{"rendered":"http:\/\/web-server-devel.mgc.es\/la-fundacio-mutua-general-de-catalunya-recull-mes-de-175-000-grues-de-paper-que-volaran-cap-a-la-marato-de-tv3\/"},"modified":"2021-03-11T10:24:13","modified_gmt":"2021-03-11T09:24:13","slug":"la-fundacio-mutua-general-de-catalunya-recull-mes-de-175-000-grues-de-paper-que-volaran-cap-a-la-marato-de-tv3","status":"publish","type":"post","link":"https:\/\/www.mgc.es\/ca\/blog\/la-fundacio-mutua-general-de-catalunya-recull-mes-de-175-000-grues-de-paper-que-volaran-cap-a-la-marato-de-tv3\/","title":{"rendered":"La Fundaci\u00f3 M\u00fatua General de Catalunya recull m\u00e9s de 175.000 grues de paper que volaran cap a \u201cLa Marat\u00f3\u201d de TV3"},"content":{"rendered":"<div id=\"ez-toc-container\" class=\"ez-toc-v2_0_82_1 counter-hierarchy ez-toc-counter ez-toc-custom ez-toc-container-direction\">\n<div class=\"ez-toc-title-container\"><p class=\"ez-toc-title\" style=\"cursor:inherit\">\u00cdndex de continguts<\/p>\n<\/div><nav><ul class='ez-toc-list ez-toc-list-level-1 ' ><li class='ez-toc-page-1 ez-toc-heading-level-2'><a class=\"ez-toc-link ez-toc-heading-1\" href=\"https:\/\/www.mgc.es\/ca\/blog\/la-fundacio-mutua-general-de-catalunya-recull-mes-de-175-000-grues-de-paper-que-volaran-cap-a-la-marato-de-tv3\/#Edicions_anteriors\" >Edicions anteriors<\/a><\/li><li class='ez-toc-page-1 ez-toc-heading-level-2'><a class=\"ez-toc-link ez-toc-heading-2\" href=\"https:\/\/www.mgc.es\/ca\/blog\/la-fundacio-mutua-general-de-catalunya-recull-mes-de-175-000-grues-de-paper-que-volaran-cap-a-la-marato-de-tv3\/#Una_historia_millenaria\" >Una hist\u00f2ria mil\u00b7len\u00e0ria<\/a><\/li><\/ul><\/nav><\/div>\n<p>Compartir un desig solidari amb tota la societat i donar fons per a tres causes solidaries ha estat l&#8217;objectiu de la tercera edici\u00f3 de la campanya solid\u00e0ria &#8216;<a href=\"http:\/\/www.1origami1euro.org\">1 origami 1 euro<\/a>&#8216;, impulsada per la <a href=\"http:\/\/www.mgc.es\/ca\/salut-i-prevencio\/fundacio-mgc\">Fundaci\u00f3 M\u00fatua General de Catalunya<\/a>. El projecte, que ha celebrat aquest aquest any la seva tercera edici\u00f3, ha traslladat la t\u00e8cnica mil\u00b7len\u00e0ria de l\u2019origami i els seus valors de salut, benestar i felicitat a un total de <strong>221 escoles i m\u00e9s de 76.000 nenes i nenes<\/strong> que han superat un cop m\u00e9s totes les expectatives realitzant un total de 288.506 origamis.<\/p>\n<p><img loading=\"lazy\" decoding=\"async\" class=\"aligncenter\" src=\"http:\/\/www.1origami1euro.org\/wp-content\/gallery\/escoles-2\/Ginesta_Moncada_02.jpg\" alt=\"Alumnes de l'Escola Ginesta, de Montcada i Reixach\" width=\"800\" height=\"563\"><!--more--><\/p>\n<p>Durant els darrers mesos les escoles inscrites han organitzat tallers on el professorat, alumnes i tamb\u00e9 familiars dels escolars han participat en l\u2019elaboraci\u00f3 de grues de paper, que finalment han entregat a la Fundaci\u00f3 M\u00fatua General de Catalunya fins el passat dia 11 de Desembre, data l\u00edmit per realitzar l\u2019entrega. Un cop finalitzat el termini la FMGC s\u2019ha encarregat de convertir-les en un donatiu de 50.000\u20ac per a les tres causes solid\u00e0ries escollides.<\/p>\n<p>Com a novetat respecte a les edicions anteriors, aquest any la FMGC ha ampliat la llista d\u2019entitats socials receptores, transformant els bons desitjos en donatius que han fet arribar a la <a href=\"http:\/\/www.fcarreras.org\/ca\/\">Fundaci\u00f3 Josep Carreras<\/a>, la <a href=\"http:\/\/www.fcsd.org\/ca\/\">Fundaci\u00f3 Catalana S\u00edndrome de Down<\/a>, i <a href=\"http:\/\/www.tv3.cat\/marato\/\">La Marat\u00f3 de TV3<\/a>, que va tenir lloc el passat dissabte dia 12 de Desembre i es va dedicar a les malalties que afecten al metabolisme. Cal destacar que han estat les pr\u00f2pies escoles adherides a la campanya les encarregades d\u2019escollir el projecte amb el que han volgut col\u00b7laborar, el 80% d\u2019elles han escollit La Marat\u00f3 de TV3, l\u201911\u20195% la Fundaci\u00f3 Josep Carreras i el 8,5% la Fundaci\u00f3 Catalana S\u00edndrome de Down.<\/p>\n<p>Tal i com s\u2019ha fet en les darreres edicions, aquesta any la campanya tamb\u00e9 tindr\u00e0 una continu\u00eftat en el temps, ja que despr\u00e9s de realitzar el donatiu econ\u00f2mic a aquestes tres entitats solid\u00e0ries la Fundaci\u00f3 M\u00fatua General de Catalunya confeccionar\u00e0 packs de 1.000 grues que entregar\u00e0 a hospitals i resid\u00e8ncies de tota Catalunya, per tal de desitjar salut i benestar a totes aquelles persones que ho necessiten.<\/p>\n<h2><span class=\"ez-toc-section\" id=\"Edicions_anteriors\"><\/span>Edicions anteriors<span class=\"ez-toc-section-end\"><\/span><\/h2>\n<p>Les edicions anteriors van aconseguir uns magn\u00edfics resultats:<\/p>\n<p><strong>Edici\u00f3 2013<\/strong>: La iniciativa va recollir un total de 49.869 origamis fets per milers de nens de tot Catalunya i la Fundaci\u00f3 M\u00fatua General de Catalunya va aconseguir el Premi a la millor campanya de RRPP a la \u201cIV Edici\u00f3n de los Premios de Marketing y Comunicaci\u00f3n en el sector asegurador\u201d.<\/p>\n<p><strong>Edici\u00f3 2014<\/strong>: Es van triplicar els resultats obtinguts en la primera edici\u00f3; 150 escoles es van unir a la causa, amb m\u00e9s de 56.000 nens participants i 176.934 origamis elaborats.<\/p>\n<h2><span class=\"ez-toc-section\" id=\"Una_historia_millenaria\"><\/span>Una hist\u00f2ria mil\u00b7len\u00e0ria<span class=\"ez-toc-section-end\"><\/span><\/h2>\n<p>&#8216;1 origami 1 euro&#8217; \u00e9s una idea basada en la <a href=\"http:\/\/www.1origami1euro.org\/una-historia-millenaria\/\">hist\u00f2ria de la Sadako Sasaki<\/a> (1943-1955), una nena japonesa que va desitjar curar-se de la seva malaltia, produ\u00efda per la radiaci\u00f3 de la bomba at\u00f2mica d&#8217;Hiroshima, fent 1.000 grues de paper. Va pensar que el seu desig no nom\u00e9s seria per curar-se, sin\u00f3 tamb\u00e9 per a que tothom pogu\u00e9s viure en pau i no hagu\u00e9s m\u00e9s guerres. Sadako no va poder superar la malaltia i no va acabar de fer totes les grues (va haver de parar en la 644), per\u00f2 els seus amics van arribar a fer les 1.000 grues, que d&#8217;aquesta manera es van convertir en un s\u00edmbol de pau a tot el m\u00f3n. Recollint l&#8217;esperit d&#8217;aquesta hist\u00f2ria, la Fundaci\u00f3 M\u00fatua General de Catalunya va decidir canalitzar la iniciativa &#8216;1 origami 1 euro&#8217; a trav\u00e9s del programa &#8216;La Marat\u00f3 de TV3&#8217;, l&#8217;objectiu del qual \u00e9s recaptar fons per a causes solid\u00e0ries.<\/p>\n<p>Amb &#8216;1 origami 1 euro&#8217;, la Fundaci\u00f3 M\u00fatua General de Catalunya ha aconseguit associar la seva imatge de marca amb els valors que representen les grues de paper: solidaritat, esfor\u00e7 i dedicaci\u00f3. I el m\u00e9s important, refermar la seva ra\u00f3 de ser: el foment de la salut i la prevenci\u00f3 de la malaltia en benefici de tota la societat.<\/p>\n","protected":false},"excerpt":{"rendered":"<p>Compartir un desig solidari amb tota la societat i donar fons per a tres causes solidaries ha estat l&#8217;objectiu de la tercera edici\u00f3 de la campanya solid\u00e0ria &#8216;1 origami 1 euro&#8216;, impulsada per la Fundaci\u00f3 M\u00fatua General de Catalunya. El projecte, que ha celebrat aquest aquest any la seva tercera edici\u00f3, ha traslladat la t\u00e8cnica [&hellip;]<\/p>\n","protected":false},"author":3,"featured_media":0,"comment_status":"open","ping_status":"open","sticky":false,"template":"","format":"standard","meta":{"footnotes":""},"categories":[11],"tags":[432],"class_list":["post-11465","post","type-post","status-publish","format-standard","hentry","category-actualitat","tag-fundacio-mutua-general-de-catalunya"],"featured_image_src":null,"author_info":{"display_name":"Revista Inter\u00e8s Mutu","author_link":"https:\/\/www.mgc.es\/ca\/blog\/author\/interesmutu\/"},"yoast_head":"<!-- This site is optimized with the Yoast SEO plugin v27.2 - https:\/\/yoast.com\/product\/yoast-seo-wordpress\/ -->\n<title>La Fundaci\u00f3 M\u00fatua General de Catalunya recull m\u00e9s de 175.000 grues de paper que volaran cap a \u201cLa Marat\u00f3\u201d de TV3 - MGC M\u00fatua<\/title>\n<meta name=\"robots\" content=\"index, follow, max-snippet:-1, max-image-preview:large, max-video-preview:-1\" \/>\n<link rel=\"canonical\" href=\"https:\/\/www.mgc.es\/ca\/blog\/la-fundacio-mutua-general-de-catalunya-recull-mes-de-175-000-grues-de-paper-que-volaran-cap-a-la-marato-de-tv3\/\" \/>\n<meta property=\"og:locale\" content=\"ca_ES\" \/>\n<meta property=\"og:type\" content=\"article\" \/>\n<meta property=\"og:title\" content=\"La Fundaci\u00f3 M\u00fatua General de Catalunya recull m\u00e9s de 175.000 grues de paper que volaran cap a \u201cLa Marat\u00f3\u201d de TV3 - MGC M\u00fatua\" \/>\n<meta property=\"og:description\" content=\"Compartir un desig solidari amb tota la societat i donar fons per a tres causes solidaries ha estat l&#8217;objectiu de la tercera edici\u00f3 de la campanya solid\u00e0ria &#8216;1 origami 1 euro&#8216;, impulsada per la Fundaci\u00f3 M\u00fatua General de Catalunya. El projecte, que ha celebrat aquest aquest any la seva tercera edici\u00f3, ha traslladat la t\u00e8cnica [&hellip;]\" \/>\n<meta property=\"og:url\" content=\"https:\/\/www.mgc.es\/ca\/blog\/la-fundacio-mutua-general-de-catalunya-recull-mes-de-175-000-grues-de-paper-que-volaran-cap-a-la-marato-de-tv3\/\" \/>\n<meta property=\"og:site_name\" content=\"MGC M\u00fatua\" \/>\n<meta property=\"article:publisher\" content=\"https:\/\/www.facebook.com\/mgcmutua\" \/>\n<meta property=\"article:published_time\" content=\"2014-12-11T23:00:00+00:00\" \/>\n<meta property=\"article:modified_time\" content=\"2021-03-11T09:24:13+00:00\" \/>\n<meta property=\"og:image\" content=\"http:\/\/www.1origami1euro.org\/wp-content\/gallery\/escoles-2\/Ginesta_Moncada_02.jpg\" \/>\n<meta name=\"author\" content=\"Revista Inter\u00e8s Mutu\" \/>\n<meta name=\"twitter:card\" content=\"summary_large_image\" \/>\n<meta name=\"twitter:creator\" content=\"@mgcmutua\" \/>\n<meta name=\"twitter:site\" content=\"@mgcmutua\" \/>\n<meta name=\"twitter:label1\" content=\"Escrit per\" \/>\n\t<meta name=\"twitter:data1\" content=\"Revista Inter\u00e8s Mutu\" \/>\n\t<meta name=\"twitter:label2\" content=\"Temps estimat de lectura\" \/>\n\t<meta name=\"twitter:data2\" content=\"3 minuts\" \/>\n<!-- \/ Yoast SEO plugin. -->","yoast_head_json":{"title":"La Fundaci\u00f3 M\u00fatua General de Catalunya recull m\u00e9s de 175.000 grues de paper que volaran cap a \u201cLa Marat\u00f3\u201d de TV3 - MGC M\u00fatua","robots":{"index":"index","follow":"follow","max-snippet":"max-snippet:-1","max-image-preview":"max-image-preview:large","max-video-preview":"max-video-preview:-1"},"canonical":"https:\/\/www.mgc.es\/ca\/blog\/la-fundacio-mutua-general-de-catalunya-recull-mes-de-175-000-grues-de-paper-que-volaran-cap-a-la-marato-de-tv3\/","og_locale":"ca_ES","og_type":"article","og_title":"La Fundaci\u00f3 M\u00fatua General de Catalunya recull m\u00e9s de 175.000 grues de paper que volaran cap a \u201cLa Marat\u00f3\u201d de TV3 - MGC M\u00fatua","og_description":"Compartir un desig solidari amb tota la societat i donar fons per a tres causes solidaries ha estat l&#8217;objectiu de la tercera edici\u00f3 de la campanya solid\u00e0ria &#8216;1 origami 1 euro&#8216;, impulsada per la Fundaci\u00f3 M\u00fatua General de Catalunya. El projecte, que ha celebrat aquest aquest any la seva tercera edici\u00f3, ha traslladat la t\u00e8cnica [&hellip;]","og_url":"https:\/\/www.mgc.es\/ca\/blog\/la-fundacio-mutua-general-de-catalunya-recull-mes-de-175-000-grues-de-paper-que-volaran-cap-a-la-marato-de-tv3\/","og_site_name":"MGC M\u00fatua","article_publisher":"https:\/\/www.facebook.com\/mgcmutua","article_published_time":"2014-12-11T23:00:00+00:00","article_modified_time":"2021-03-11T09:24:13+00:00","og_image":[{"url":"http:\/\/www.1origami1euro.org\/wp-content\/gallery\/escoles-2\/Ginesta_Moncada_02.jpg","type":"","width":"","height":""}],"author":"Revista Inter\u00e8s Mutu","twitter_card":"summary_large_image","twitter_creator":"@mgcmutua","twitter_site":"@mgcmutua","twitter_misc":{"Escrit per":"Revista Inter\u00e8s Mutu","Temps estimat de lectura":"3 minuts"},"schema":{"@context":"https:\/\/schema.org","@graph":[{"@type":["Article","BlogPosting"],"@id":"https:\/\/www.mgc.es\/ca\/blog\/la-fundacio-mutua-general-de-catalunya-recull-mes-de-175-000-grues-de-paper-que-volaran-cap-a-la-marato-de-tv3\/#article","isPartOf":{"@id":"https:\/\/www.mgc.es\/ca\/blog\/la-fundacio-mutua-general-de-catalunya-recull-mes-de-175-000-grues-de-paper-que-volaran-cap-a-la-marato-de-tv3\/"},"author":{"name":"Revista Inter\u00e8s Mutu","@id":"https:\/\/www.mgc.es\/#\/schema\/person\/010c961d9c9acf38f11187a02b646c16"},"headline":"La Fundaci\u00f3 M\u00fatua General de Catalunya recull m\u00e9s de 175.000 grues de paper que volaran cap a \u201cLa Marat\u00f3\u201d de TV3","datePublished":"2014-12-11T23:00:00+00:00","dateModified":"2021-03-11T09:24:13+00:00","mainEntityOfPage":{"@id":"https:\/\/www.mgc.es\/ca\/blog\/la-fundacio-mutua-general-de-catalunya-recull-mes-de-175-000-grues-de-paper-que-volaran-cap-a-la-marato-de-tv3\/"},"wordCount":706,"commentCount":0,"publisher":{"@id":"https:\/\/www.mgc.es\/#organization"},"image":{"@id":"https:\/\/www.mgc.es\/ca\/blog\/la-fundacio-mutua-general-de-catalunya-recull-mes-de-175-000-grues-de-paper-que-volaran-cap-a-la-marato-de-tv3\/#primaryimage"},"thumbnailUrl":"http:\/\/www.1origami1euro.org\/wp-content\/gallery\/escoles-2\/Ginesta_Moncada_02.jpg","keywords":["fundaci\u00f3 m\u00fatua general de catalunya"],"articleSection":["Actualitat M\u00fatua"],"inLanguage":"ca","potentialAction":[{"@type":"CommentAction","name":"Comment","target":["https:\/\/www.mgc.es\/ca\/blog\/la-fundacio-mutua-general-de-catalunya-recull-mes-de-175-000-grues-de-paper-que-volaran-cap-a-la-marato-de-tv3\/#respond"]}]},{"@type":["WebPage","ItemPage"],"@id":"https:\/\/www.mgc.es\/ca\/blog\/la-fundacio-mutua-general-de-catalunya-recull-mes-de-175-000-grues-de-paper-que-volaran-cap-a-la-marato-de-tv3\/","url":"https:\/\/www.mgc.es\/ca\/blog\/la-fundacio-mutua-general-de-catalunya-recull-mes-de-175-000-grues-de-paper-que-volaran-cap-a-la-marato-de-tv3\/","name":"La Fundaci\u00f3 M\u00fatua General de Catalunya recull m\u00e9s de 175.000 grues de paper que volaran cap a \u201cLa Marat\u00f3\u201d de TV3 - MGC M\u00fatua","isPartOf":{"@id":"https:\/\/www.mgc.es\/#website"},"primaryImageOfPage":{"@id":"https:\/\/www.mgc.es\/ca\/blog\/la-fundacio-mutua-general-de-catalunya-recull-mes-de-175-000-grues-de-paper-que-volaran-cap-a-la-marato-de-tv3\/#primaryimage"},"image":{"@id":"https:\/\/www.mgc.es\/ca\/blog\/la-fundacio-mutua-general-de-catalunya-recull-mes-de-175-000-grues-de-paper-que-volaran-cap-a-la-marato-de-tv3\/#primaryimage"},"thumbnailUrl":"http:\/\/www.1origami1euro.org\/wp-content\/gallery\/escoles-2\/Ginesta_Moncada_02.jpg","datePublished":"2014-12-11T23:00:00+00:00","dateModified":"2021-03-11T09:24:13+00:00","breadcrumb":{"@id":"https:\/\/www.mgc.es\/ca\/blog\/la-fundacio-mutua-general-de-catalunya-recull-mes-de-175-000-grues-de-paper-que-volaran-cap-a-la-marato-de-tv3\/#breadcrumb"},"inLanguage":"ca","potentialAction":[{"@type":"ReadAction","target":["https:\/\/www.mgc.es\/ca\/blog\/la-fundacio-mutua-general-de-catalunya-recull-mes-de-175-000-grues-de-paper-que-volaran-cap-a-la-marato-de-tv3\/"]}]},{"@type":"ImageObject","inLanguage":"ca","@id":"https:\/\/www.mgc.es\/ca\/blog\/la-fundacio-mutua-general-de-catalunya-recull-mes-de-175-000-grues-de-paper-que-volaran-cap-a-la-marato-de-tv3\/#primaryimage","url":"http:\/\/www.1origami1euro.org\/wp-content\/gallery\/escoles-2\/Ginesta_Moncada_02.jpg","contentUrl":"http:\/\/www.1origami1euro.org\/wp-content\/gallery\/escoles-2\/Ginesta_Moncada_02.jpg"},{"@type":"BreadcrumbList","@id":"https:\/\/www.mgc.es\/ca\/blog\/la-fundacio-mutua-general-de-catalunya-recull-mes-de-175-000-grues-de-paper-que-volaran-cap-a-la-marato-de-tv3\/#breadcrumb","itemListElement":[{"@type":"ListItem","position":1,"name":"Home","item":"https:\/\/www.mgc.es\/ca\/"},{"@type":"ListItem","position":2,"name":"La Fundaci\u00f3 M\u00fatua General de Catalunya recull m\u00e9s de 175.000 grues de paper que volaran cap a \u201cLa Marat\u00f3\u201d de TV3"}]},{"@type":"WebSite","@id":"https:\/\/www.mgc.es\/#website","url":"https:\/\/www.mgc.es\/","name":"MGC M\u00fatua","description":"MGC M\u00fatua \u00e9s una entitat asseguradora sense \u00e0nim de lucre constitu\u00efda al 1982 i especialitzada en assegurances de salut i assist\u00e8ncia.","publisher":{"@id":"https:\/\/www.mgc.es\/#organization"},"alternateName":"MGC","potentialAction":[{"@type":"SearchAction","target":{"@type":"EntryPoint","urlTemplate":"https:\/\/www.mgc.es\/?s={search_term_string}"},"query-input":{"@type":"PropertyValueSpecification","valueRequired":true,"valueName":"search_term_string"}}],"inLanguage":"ca"},{"@type":"Organization","@id":"https:\/\/www.mgc.es\/#organization","name":"MGC Mutua","alternateName":"MGC","url":"https:\/\/www.mgc.es\/","logo":{"@type":"ImageObject","inLanguage":"ca","@id":"https:\/\/www.mgc.es\/#\/schema\/logo\/image\/","url":"https:\/\/www.mgc.es\/wp-content\/uploads\/2020\/03\/mgcmutua_h2_2t_reduccions.png","contentUrl":"https:\/\/www.mgc.es\/wp-content\/uploads\/2020\/03\/mgcmutua_h2_2t_reduccions.png","width":303,"height":165,"caption":"MGC Mutua"},"image":{"@id":"https:\/\/www.mgc.es\/#\/schema\/logo\/image\/"},"sameAs":["https:\/\/www.facebook.com\/mgcmutua","https:\/\/x.com\/mgcmutua","https:\/\/www.youtube.com\/c\/MGCMutua"]},{"@type":"Person","@id":"https:\/\/www.mgc.es\/#\/schema\/person\/010c961d9c9acf38f11187a02b646c16","name":"Revista Inter\u00e8s Mutu","image":{"@type":"ImageObject","inLanguage":"ca","@id":"https:\/\/secure.gravatar.com\/avatar\/52302d684339b9d7bf5691e2ad00835d62ce3b4a435f21ca9f21fbe39c63cb1b?s=96&d=mm&r=g","url":"https:\/\/secure.gravatar.com\/avatar\/52302d684339b9d7bf5691e2ad00835d62ce3b4a435f21ca9f21fbe39c63cb1b?s=96&d=mm&r=g","contentUrl":"https:\/\/secure.gravatar.com\/avatar\/52302d684339b9d7bf5691e2ad00835d62ce3b4a435f21ca9f21fbe39c63cb1b?s=96&d=mm&r=g","caption":"Revista Inter\u00e8s Mutu"}}]}},"_links":{"self":[{"href":"https:\/\/www.mgc.es\/ca\/wp-json\/wp\/v2\/posts\/11465","targetHints":{"allow":["GET"]}}],"collection":[{"href":"https:\/\/www.mgc.es\/ca\/wp-json\/wp\/v2\/posts"}],"about":[{"href":"https:\/\/www.mgc.es\/ca\/wp-json\/wp\/v2\/types\/post"}],"author":[{"embeddable":true,"href":"https:\/\/www.mgc.es\/ca\/wp-json\/wp\/v2\/users\/3"}],"replies":[{"embeddable":true,"href":"https:\/\/www.mgc.es\/ca\/wp-json\/wp\/v2\/comments?post=11465"}],"version-history":[{"count":2,"href":"https:\/\/www.mgc.es\/ca\/wp-json\/wp\/v2\/posts\/11465\/revisions"}],"predecessor-version":[{"id":21086,"href":"https:\/\/www.mgc.es\/ca\/wp-json\/wp\/v2\/posts\/11465\/revisions\/21086"}],"wp:attachment":[{"href":"https:\/\/www.mgc.es\/ca\/wp-json\/wp\/v2\/media?parent=11465"}],"wp:term":[{"taxonomy":"category","embeddable":true,"href":"https:\/\/www.mgc.es\/ca\/wp-json\/wp\/v2\/categories?post=11465"},{"taxonomy":"post_tag","embeddable":true,"href":"https:\/\/www.mgc.es\/ca\/wp-json\/wp\/v2\/tags?post=11465"}],"curies":[{"name":"wp","href":"https:\/\/api.w.org\/{rel}","templated":true}]}}