{"id":11464,"date":"2014-11-12T00:00:00","date_gmt":"2014-11-11T23:00:00","guid":{"rendered":"http:\/\/web-server-devel.mgc.es\/jornada-de-portes-obertes-a-loficina-de-tarragona\/"},"modified":"2019-11-22T12:43:31","modified_gmt":"2019-11-22T11:43:31","slug":"jornada-de-portes-obertes-a-loficina-de-tarragona","status":"publish","type":"post","link":"https:\/\/www.mgc.es\/ca\/blog\/jornada-de-portes-obertes-a-loficina-de-tarragona\/","title":{"rendered":"Jornada de portes obertes a l&#8217;oficina de Tarragona"},"content":{"rendered":"<p><img loading=\"lazy\" decoding=\"async\" class=\"alignleft size-medium wp-image-1921\" src=\"https:\/\/www.mgc.es\/wp-content\/uploads\/2014\/11\/foto-1-300x224.jpg\" alt=\"foto 1\" width=\"300\" height=\"224\" \/>Presentaci\u00f3 del nou Espai M\u00fatua a la Jornada de Portes Obertes, on va assistir una bona representaci\u00f3 de la societat Tarragonina.<\/p>\n<p>M\u00fatua General de Catalunya va presentar el seu projecte a la ciutadania de Tarragona a la jornada de portes obertes, que va tenir lloc ahir a la nova oficina recentment inaugurada al carrer Pare Palau, 5. <!--more--><br \/>\nUn total de 57 persones, entre les que es trobaven representants d&#8217;entitats, associacions, clubs esportius, Ajuntament, escoles, aix\u00ed com mutualistes i ve\u00efns, van poder con\u00e8ixer de primera m\u00e0 les noves instal\u00b7lacions de la M\u00fatua General de Catalunya a Tarragona i el seu projecte Espai M\u00fatua, que el componen Espai M\u00fatua Estudi, Espai M\u00fatua Aniversaris, Espai M\u00fatua Negocis i Espai M\u00fatua Salut, tots ells dotats dels seus respectius serveis.<br \/>\n<img loading=\"lazy\" decoding=\"async\" class=\"alignright size-medium wp-image-1922\" src=\"https:\/\/www.mgc.es\/wp-content\/uploads\/2014\/11\/foto-5-300x224.jpg\" alt=\"foto 5\" width=\"300\" height=\"224\" \/><\/p>\n<p>El <strong>Sr. Guillermo Padrisa, sotsdirector general de la M\u00fatua General de Catalunya<\/strong> va explicar detalladament el nou concepte d&#8217;oficines de la M\u00fatua basat en aquest innovador servei: \u201cEls mutualistes tenen la possibilitat de fer \u00fas, sense cap cost per als mutualistes, d&#8217;una sala de reunions o una sala de confer\u00e8ncies per organitzar sessions de treball, xerrades, presentacions o qualsevol altra tasca relacionada amb la seva activitat professional a l&#8217;Espai M\u00fatua Negocis. Per altra banda, en col\u00b7laboraci\u00f3 amb ALOHA Mental Arithmetic, oferim tallers espec\u00edfics per als nens a l&#8217;Espai M\u00fatua Estudi, que els ajuden a millorar en matem\u00e0tiques, en particular, i a treure m\u00e9s partit a les seves capacitats intel\u00b7lectuals, en general. S\u00f3n tallers subvencionats al 100% per la M\u00fatua. En darrer terme -va afegir- els pares poden organitzar la festa d&#8217;aniversari dels seus fills a l&#8217;Espai M\u00fatua Aniversaris.\u201d<br \/>\n<img loading=\"lazy\" decoding=\"async\" class=\"alignleft size-medium wp-image-1924\" src=\"https:\/\/www.mgc.es\/wp-content\/uploads\/2014\/11\/foto-2-300x224.jpg\" alt=\"foto 2\" width=\"300\" height=\"224\" \/>L&#8217;acte va estar amenitzat amb l&#8217;actuaci\u00f3 musical del<strong> Conservatori de M\u00fasica de la Diputaci\u00f3 de Tarragona,<\/strong> a c\u00e0rrec dels alumnes <strong>Sergi Planas i Jan Schmitz<\/strong> (flauta travessera i viol\u00ed). La <strong>Sra. Silvia Gomis, cap de l&#8217;oficina de Tarragona<\/strong>, els va lliurar un diploma d\u2019agra\u00efment per a ells i pel Conservatori. La cloenda de l&#8217;acte va estar a c\u00e0rrec del<strong> Sr. Jordi Sierra, sotsdelegat de Govern Central,<\/strong> que va felicitar la M\u00fatua pel seu projecte i li va augurar \u00e8xits futurs a la ciutat.<\/p>\n","protected":false},"excerpt":{"rendered":"<p>Presentaci\u00f3 del nou Espai M\u00fatua a la Jornada de Portes Obertes, on va assistir una bona representaci\u00f3 de la societat Tarragonina. M\u00fatua General de Catalunya va presentar el seu projecte a la ciutadania de Tarragona a la jornada de portes obertes, que va tenir lloc ahir a la nova oficina recentment inaugurada al carrer Pare [&hellip;]<\/p>\n","protected":false},"author":3,"featured_media":13764,"comment_status":"open","ping_status":"open","sticky":false,"template":"","format":"standard","meta":{"footnotes":""},"categories":[11],"tags":[],"class_list":["post-11464","post","type-post","status-publish","format-standard","has-post-thumbnail","hentry","category-actualitat"],"featured_image_src":"https:\/\/www.mgc.es\/wp-content\/uploads\/2019\/11\/foto-1-300x224.jpg","author_info":{"display_name":"Revista Inter\u00e8s Mutu","author_link":"https:\/\/www.mgc.es\/ca\/blog\/author\/interesmutu\/"},"yoast_head":"<!-- This site is optimized with the Yoast SEO plugin v27.2 - https:\/\/yoast.com\/product\/yoast-seo-wordpress\/ -->\n<title>Jornada de portes obertes a l&#039;oficina de Tarragona - MGC M\u00fatua<\/title>\n<meta name=\"robots\" content=\"index, follow, max-snippet:-1, max-image-preview:large, max-video-preview:-1\" \/>\n<link rel=\"canonical\" href=\"https:\/\/www.mgc.es\/ca\/blog\/jornada-de-portes-obertes-a-loficina-de-tarragona\/\" \/>\n<meta property=\"og:locale\" content=\"ca_ES\" \/>\n<meta property=\"og:type\" content=\"article\" \/>\n<meta property=\"og:title\" content=\"Jornada de portes obertes a l&#039;oficina de Tarragona - MGC M\u00fatua\" \/>\n<meta property=\"og:description\" content=\"Presentaci\u00f3 del nou Espai M\u00fatua a la Jornada de Portes Obertes, on va assistir una bona representaci\u00f3 de la societat Tarragonina. M\u00fatua General de Catalunya va presentar el seu projecte a la ciutadania de Tarragona a la jornada de portes obertes, que va tenir lloc ahir a la nova oficina recentment inaugurada al carrer Pare [&hellip;]\" \/>\n<meta property=\"og:url\" content=\"https:\/\/www.mgc.es\/ca\/blog\/jornada-de-portes-obertes-a-loficina-de-tarragona\/\" \/>\n<meta property=\"og:site_name\" content=\"MGC M\u00fatua\" \/>\n<meta property=\"article:publisher\" content=\"https:\/\/www.facebook.com\/mgcmutua\" \/>\n<meta property=\"article:published_time\" content=\"2014-11-11T23:00:00+00:00\" \/>\n<meta property=\"article:modified_time\" content=\"2019-11-22T11:43:31+00:00\" \/>\n<meta property=\"og:image\" content=\"https:\/\/www.mgc.es\/wp-content\/uploads\/2019\/11\/foto-1-300x224.jpg\" \/>\n\t<meta property=\"og:image:width\" content=\"300\" \/>\n\t<meta property=\"og:image:height\" content=\"224\" \/>\n\t<meta property=\"og:image:type\" content=\"image\/jpeg\" \/>\n<meta name=\"author\" content=\"Revista Inter\u00e8s Mutu\" \/>\n<meta name=\"twitter:card\" content=\"summary_large_image\" \/>\n<meta name=\"twitter:creator\" content=\"@mgcmutua\" \/>\n<meta name=\"twitter:site\" content=\"@mgcmutua\" \/>\n<meta name=\"twitter:label1\" content=\"Escrit per\" \/>\n\t<meta name=\"twitter:data1\" content=\"Revista Inter\u00e8s Mutu\" \/>\n\t<meta name=\"twitter:label2\" content=\"Temps estimat de lectura\" \/>\n\t<meta name=\"twitter:data2\" content=\"2 minuts\" \/>\n<!-- \/ Yoast SEO plugin. -->","yoast_head_json":{"title":"Jornada de portes obertes a l'oficina de Tarragona - MGC M\u00fatua","robots":{"index":"index","follow":"follow","max-snippet":"max-snippet:-1","max-image-preview":"max-image-preview:large","max-video-preview":"max-video-preview:-1"},"canonical":"https:\/\/www.mgc.es\/ca\/blog\/jornada-de-portes-obertes-a-loficina-de-tarragona\/","og_locale":"ca_ES","og_type":"article","og_title":"Jornada de portes obertes a l'oficina de Tarragona - MGC M\u00fatua","og_description":"Presentaci\u00f3 del nou Espai M\u00fatua a la Jornada de Portes Obertes, on va assistir una bona representaci\u00f3 de la societat Tarragonina. M\u00fatua General de Catalunya va presentar el seu projecte a la ciutadania de Tarragona a la jornada de portes obertes, que va tenir lloc ahir a la nova oficina recentment inaugurada al carrer Pare [&hellip;]","og_url":"https:\/\/www.mgc.es\/ca\/blog\/jornada-de-portes-obertes-a-loficina-de-tarragona\/","og_site_name":"MGC M\u00fatua","article_publisher":"https:\/\/www.facebook.com\/mgcmutua","article_published_time":"2014-11-11T23:00:00+00:00","article_modified_time":"2019-11-22T11:43:31+00:00","og_image":[{"width":300,"height":224,"url":"https:\/\/www.mgc.es\/wp-content\/uploads\/2019\/11\/foto-1-300x224.jpg","type":"image\/jpeg"}],"author":"Revista Inter\u00e8s Mutu","twitter_card":"summary_large_image","twitter_creator":"@mgcmutua","twitter_site":"@mgcmutua","twitter_misc":{"Escrit per":"Revista Inter\u00e8s Mutu","Temps estimat de lectura":"2 minuts"},"schema":{"@context":"https:\/\/schema.org","@graph":[{"@type":["Article","BlogPosting"],"@id":"https:\/\/www.mgc.es\/ca\/blog\/jornada-de-portes-obertes-a-loficina-de-tarragona\/#article","isPartOf":{"@id":"https:\/\/www.mgc.es\/ca\/blog\/jornada-de-portes-obertes-a-loficina-de-tarragona\/"},"author":{"name":"Revista Inter\u00e8s Mutu","@id":"https:\/\/www.mgc.es\/#\/schema\/person\/010c961d9c9acf38f11187a02b646c16"},"headline":"Jornada de portes obertes a l&#8217;oficina de Tarragona","datePublished":"2014-11-11T23:00:00+00:00","dateModified":"2019-11-22T11:43:31+00:00","mainEntityOfPage":{"@id":"https:\/\/www.mgc.es\/ca\/blog\/jornada-de-portes-obertes-a-loficina-de-tarragona\/"},"wordCount":381,"commentCount":0,"publisher":{"@id":"https:\/\/www.mgc.es\/#organization"},"image":{"@id":"https:\/\/www.mgc.es\/ca\/blog\/jornada-de-portes-obertes-a-loficina-de-tarragona\/#primaryimage"},"thumbnailUrl":"https:\/\/www.mgc.es\/wp-content\/uploads\/2019\/11\/foto-1-300x224.jpg","articleSection":["Actualitat M\u00fatua"],"inLanguage":"ca","potentialAction":[{"@type":"CommentAction","name":"Comment","target":["https:\/\/www.mgc.es\/ca\/blog\/jornada-de-portes-obertes-a-loficina-de-tarragona\/#respond"]}]},{"@type":["WebPage","ItemPage"],"@id":"https:\/\/www.mgc.es\/ca\/blog\/jornada-de-portes-obertes-a-loficina-de-tarragona\/","url":"https:\/\/www.mgc.es\/ca\/blog\/jornada-de-portes-obertes-a-loficina-de-tarragona\/","name":"Jornada de portes obertes a l'oficina de Tarragona - MGC M\u00fatua","isPartOf":{"@id":"https:\/\/www.mgc.es\/#website"},"primaryImageOfPage":{"@id":"https:\/\/www.mgc.es\/ca\/blog\/jornada-de-portes-obertes-a-loficina-de-tarragona\/#primaryimage"},"image":{"@id":"https:\/\/www.mgc.es\/ca\/blog\/jornada-de-portes-obertes-a-loficina-de-tarragona\/#primaryimage"},"thumbnailUrl":"https:\/\/www.mgc.es\/wp-content\/uploads\/2019\/11\/foto-1-300x224.jpg","datePublished":"2014-11-11T23:00:00+00:00","dateModified":"2019-11-22T11:43:31+00:00","breadcrumb":{"@id":"https:\/\/www.mgc.es\/ca\/blog\/jornada-de-portes-obertes-a-loficina-de-tarragona\/#breadcrumb"},"inLanguage":"ca","potentialAction":[{"@type":"ReadAction","target":["https:\/\/www.mgc.es\/ca\/blog\/jornada-de-portes-obertes-a-loficina-de-tarragona\/"]}]},{"@type":"ImageObject","inLanguage":"ca","@id":"https:\/\/www.mgc.es\/ca\/blog\/jornada-de-portes-obertes-a-loficina-de-tarragona\/#primaryimage","url":"https:\/\/www.mgc.es\/wp-content\/uploads\/2019\/11\/foto-1-300x224.jpg","contentUrl":"https:\/\/www.mgc.es\/wp-content\/uploads\/2019\/11\/foto-1-300x224.jpg","width":300,"height":224},{"@type":"BreadcrumbList","@id":"https:\/\/www.mgc.es\/ca\/blog\/jornada-de-portes-obertes-a-loficina-de-tarragona\/#breadcrumb","itemListElement":[{"@type":"ListItem","position":1,"name":"Home","item":"https:\/\/www.mgc.es\/ca\/"},{"@type":"ListItem","position":2,"name":"Jornada de portes obertes a l&#8217;oficina de Tarragona"}]},{"@type":"WebSite","@id":"https:\/\/www.mgc.es\/#website","url":"https:\/\/www.mgc.es\/","name":"MGC M\u00fatua","description":"MGC M\u00fatua \u00e9s una entitat asseguradora sense \u00e0nim de lucre constitu\u00efda al 1982 i especialitzada en assegurances de salut i assist\u00e8ncia.","publisher":{"@id":"https:\/\/www.mgc.es\/#organization"},"alternateName":"MGC","potentialAction":[{"@type":"SearchAction","target":{"@type":"EntryPoint","urlTemplate":"https:\/\/www.mgc.es\/?s={search_term_string}"},"query-input":{"@type":"PropertyValueSpecification","valueRequired":true,"valueName":"search_term_string"}}],"inLanguage":"ca"},{"@type":"Organization","@id":"https:\/\/www.mgc.es\/#organization","name":"MGC Mutua","alternateName":"MGC","url":"https:\/\/www.mgc.es\/","logo":{"@type":"ImageObject","inLanguage":"ca","@id":"https:\/\/www.mgc.es\/#\/schema\/logo\/image\/","url":"https:\/\/www.mgc.es\/wp-content\/uploads\/2020\/03\/mgcmutua_h2_2t_reduccions.png","contentUrl":"https:\/\/www.mgc.es\/wp-content\/uploads\/2020\/03\/mgcmutua_h2_2t_reduccions.png","width":303,"height":165,"caption":"MGC Mutua"},"image":{"@id":"https:\/\/www.mgc.es\/#\/schema\/logo\/image\/"},"sameAs":["https:\/\/www.facebook.com\/mgcmutua","https:\/\/x.com\/mgcmutua","https:\/\/www.youtube.com\/c\/MGCMutua"]},{"@type":"Person","@id":"https:\/\/www.mgc.es\/#\/schema\/person\/010c961d9c9acf38f11187a02b646c16","name":"Revista Inter\u00e8s Mutu","image":{"@type":"ImageObject","inLanguage":"ca","@id":"https:\/\/secure.gravatar.com\/avatar\/52302d684339b9d7bf5691e2ad00835d62ce3b4a435f21ca9f21fbe39c63cb1b?s=96&d=mm&r=g","url":"https:\/\/secure.gravatar.com\/avatar\/52302d684339b9d7bf5691e2ad00835d62ce3b4a435f21ca9f21fbe39c63cb1b?s=96&d=mm&r=g","contentUrl":"https:\/\/secure.gravatar.com\/avatar\/52302d684339b9d7bf5691e2ad00835d62ce3b4a435f21ca9f21fbe39c63cb1b?s=96&d=mm&r=g","caption":"Revista Inter\u00e8s Mutu"}}]}},"_links":{"self":[{"href":"https:\/\/www.mgc.es\/ca\/wp-json\/wp\/v2\/posts\/11464","targetHints":{"allow":["GET"]}}],"collection":[{"href":"https:\/\/www.mgc.es\/ca\/wp-json\/wp\/v2\/posts"}],"about":[{"href":"https:\/\/www.mgc.es\/ca\/wp-json\/wp\/v2\/types\/post"}],"author":[{"embeddable":true,"href":"https:\/\/www.mgc.es\/ca\/wp-json\/wp\/v2\/users\/3"}],"replies":[{"embeddable":true,"href":"https:\/\/www.mgc.es\/ca\/wp-json\/wp\/v2\/comments?post=11464"}],"version-history":[{"count":1,"href":"https:\/\/www.mgc.es\/ca\/wp-json\/wp\/v2\/posts\/11464\/revisions"}],"predecessor-version":[{"id":14981,"href":"https:\/\/www.mgc.es\/ca\/wp-json\/wp\/v2\/posts\/11464\/revisions\/14981"}],"wp:featuredmedia":[{"embeddable":true,"href":"https:\/\/www.mgc.es\/ca\/wp-json\/wp\/v2\/media\/13764"}],"wp:attachment":[{"href":"https:\/\/www.mgc.es\/ca\/wp-json\/wp\/v2\/media?parent=11464"}],"wp:term":[{"taxonomy":"category","embeddable":true,"href":"https:\/\/www.mgc.es\/ca\/wp-json\/wp\/v2\/categories?post=11464"},{"taxonomy":"post_tag","embeddable":true,"href":"https:\/\/www.mgc.es\/ca\/wp-json\/wp\/v2\/tags?post=11464"}],"curies":[{"name":"wp","href":"https:\/\/api.w.org\/{rel}","templated":true}]}}