{"id":11460,"date":"2014-10-02T00:00:00","date_gmt":"2014-10-01T22:00:00","guid":{"rendered":"http:\/\/web-server-devel.mgc.es\/fotorejoveniment-facial-i-depilacio-laser\/"},"modified":"2021-03-11T09:51:39","modified_gmt":"2021-03-11T08:51:39","slug":"fotorejoveniment-facial-i-depilacio-laser","status":"publish","type":"post","link":"https:\/\/www.mgc.es\/ca\/blog\/fotorejoveniment-facial-i-depilacio-laser\/","title":{"rendered":"Fotorejoveniment facial i depilaci\u00f3 l\u00e0ser"},"content":{"rendered":"<p><img loading=\"lazy\" decoding=\"async\" class=\"alignleft size-full wp-image-1867\" src=\"https:\/\/www.mgc.es\/wp-content\/uploads\/2014\/10\/facial1.jpg\" alt=\"facial1\" width=\"562\" height=\"731\">El Fotorejoveniment IPL Facial \u00e9s un tractament no invasiu d&#8217;aplicaci\u00f3 a tota la cara, tot i que tamb\u00e9 al coll, escot i dors de les mans, en els que s&#8217;utilitzen una Font de Llum Pulsada (IPL) de banda ampla, que permet la resoluci\u00f3 efectiva de l&#8217;eritema i flushing facials, aix\u00ed com la consecuci\u00f3 d&#8217;una millora visible de la pell amb signes de fotoenvelliment.<\/p>\n<p>Aquesta aplicaci\u00f3 no invasiva de l&#8217;IPL sense convalesc\u00e8ncia, tracta l&#8217;enrogiment de tota la cara, les lesions produ\u00efdes per exposici\u00f3 solar (canvis pigmentaris) i, alhora, s&#8217;obt\u00e9 un est\u00edmul a nivell col\u00b7lagen i teixit connectiu.<!--more--><\/p>\n<p>Per norma general i per tal d&#8217;aconseguir uns resultats optimitzats, es realitza una s\u00e8rie de 4-6 tractaments a intervals de tres setmanes, apreciant-se una millora important sense per\u00edode de convalesc\u00e8ncia o recuperaci\u00f3 del pacient. Es tracta, per tant, d&#8217;una t\u00e8cnica segura amb efectes adverses molt limitats.<\/p>\n<p>Per tal de millorar l&#8217;aspecte de la pell tractada mitjan\u00e7ant l&#8217;IPL per obtenir un efecte de rejoveniment facial ens centrem en els seg\u00fcents aspectes:<\/p>\n<p><strong>Fotoenvelliment o dany solar a la pell:<\/strong><br \/>\nLa pell a la que s&#8217;aprecien arrugues fines, peques o pigmentaci\u00f3 irregular degut a una exposici\u00f3 solar cr\u00f2nica, millora visiblement despr\u00e9s d&#8217;una s\u00e8rie de tractaments IPL Facial. En arrugues fines s&#8217;aconsegueix una millora despr\u00e9s d&#8217;un cicle complet de sis tractaments.<\/p>\n<p><strong>Per als problemes de pigmentaci\u00f3:<\/strong><br \/>\nCom per exemple les taques marrons de l&#8217;edat. Nom\u00e9s s\u00f3n necess\u00e0ries una o dues sesions.<\/p>\n<p><strong>Pell desgastada o amb aspecte aspre i porus grans:<\/strong><br \/>\nEn els pacients amb aquest tipus de pell s&#8217;aconsegueix generalment una major suavitat de la pell amb una reducci\u00f3 visible dels porus despr\u00e9s d&#8217;aplicar els tractaments de fotorejoveniment IPL Facial. La mida dels porus millora per terme mig un 50%.<\/p>\n<p><strong>Flushing:<\/strong><br \/>\nA data d&#8217;avui no ha existit cap tractament veritablement efectiu per tractar el flushing (l&#8217;enrogiment) facial, del coll i del pit. Els tractaments de Fotorejoveniment IPL Facial han demsotrat ser molt efectius per reduir el grau de flushing en tots els pacients tractats. La major part dels pacients informen d&#8217;una millora del 75% o superior del flushing.<\/p>\n<p><strong>Ros\u00e0cia:<\/strong><br \/>\nEls pacients amb ros\u00e0cia inflamat\u00f2ria activa generalment experimenten una millora considerable als s\u00edmptomes despr\u00e9s d&#8217;una s\u00e8rie de tractaments de Fotorejoveniment IPL Facial. La major part dels pacients poden reduir o suspendre els tractaments que rebien per la ros\u00e0cia, si b\u00e9 els s\u00edmptomes de la ros\u00e0cia poden recidivar-se (tornar) despr\u00e9s del tractament. La major part dels pacients constaten una millora del 50% o superior de la ros\u00e0cia.<\/p>\n<p><strong>Les cicatrius de l&#8217;acne:<\/strong><br \/>\nEls tractaments de Fotorejoveniment IPL Facial s\u00f3n molt \u00fatils per reduir l&#8217;eritema i la hiperpigmentaci\u00f3 postinflamat\u00f2ria de les cicatrius de l&#8217;acne.<\/p>\n<p><strong>Fotodepilaci\u00f3 l\u00e1ser:<\/strong><br \/>\nEls aven\u00e7os tecnol\u00f2gics han perm\u00e8s una r\u00e0pida evoluci\u00f3 dels m\u00e8todes emprats per a l\u2019eliminaci\u00f3 del p\u00e8l. Al nostre centre comptem amb els sistemes de fotodepilaci\u00f3 i depilaci\u00f3 l\u00e0ser, que tenen com a finalitat la completa destrucci\u00f3 dels fol\u00b7licles pilosos per a combatre el creixement anormal del pel o, simplement, per aconseguir la comoditat de no tornar a preocupar-se de la depilaci\u00f3. El tractament es personalitza depenent del pacient, les seves caracter\u00edstiques f\u00edsiques i la zona a tractar, i \u00e9s llavors quan es determina quina t\u00e8cnica emprar. Les sessions per a tots dos sistemes s\u00f3n r\u00e0pides i senzilles i la perman\u00e8ncia dels resultats \u00e9s realment efectiva.<\/p>\n<p class=\"western\" lang=\"es-ES\" style=\"margin-bottom: 0cm; font-style: normal;\"><span style=\"font-family: Arial,sans-serif;\"><span style=\"font-size: small;\"><span style=\"font-weight: normal;\">Dra. Nat\u00e0lia Closas Estal |<\/span>Unitat de Fototer\u00e0pia dermoest\u00e8tica Centre M\u00e8dic M\u00fatua General de Catalunya<br \/>\n<\/span><\/span><\/p>\n","protected":false},"excerpt":{"rendered":"<p>El Fotorejoveniment IPL Facial \u00e9s un tractament no invasiu d&#8217;aplicaci\u00f3 a tota la cara, tot i que tamb\u00e9 al coll, escot i dors de les mans, en els que s&#8217;utilitzen una Font de Llum Pulsada (IPL) de banda ampla, que permet la resoluci\u00f3 efectiva de l&#8217;eritema i flushing facials, aix\u00ed com la consecuci\u00f3 d&#8217;una millora [&hellip;]<\/p>\n","protected":false},"author":3,"featured_media":13752,"comment_status":"open","ping_status":"open","sticky":false,"template":"","format":"standard","meta":{"footnotes":""},"categories":[995,15],"tags":[402,481],"class_list":["post-11460","post","type-post","status-publish","format-standard","has-post-thumbnail","hentry","category-estetica","category-salut","tag-centre-medic","tag-prevencio"],"featured_image_src":"https:\/\/www.mgc.es\/wp-content\/uploads\/2019\/11\/facial1.jpg","author_info":{"display_name":"Revista Inter\u00e8s Mutu","author_link":"https:\/\/www.mgc.es\/ca\/blog\/author\/interesmutu\/"},"yoast_head":"<!-- This site is optimized with the Yoast SEO plugin v27.2 - https:\/\/yoast.com\/product\/yoast-seo-wordpress\/ -->\n<title>Fotorejoveniment facial i depilaci\u00f3 l\u00e0ser - MGC M\u00fatua<\/title>\n<meta name=\"robots\" content=\"index, follow, max-snippet:-1, max-image-preview:large, max-video-preview:-1\" \/>\n<link rel=\"canonical\" href=\"https:\/\/www.mgc.es\/ca\/blog\/fotorejoveniment-facial-i-depilacio-laser\/\" \/>\n<meta property=\"og:locale\" content=\"ca_ES\" \/>\n<meta property=\"og:type\" content=\"article\" \/>\n<meta property=\"og:title\" content=\"Fotorejoveniment facial i depilaci\u00f3 l\u00e0ser - MGC M\u00fatua\" \/>\n<meta property=\"og:description\" content=\"El Fotorejoveniment IPL Facial \u00e9s un tractament no invasiu d&#8217;aplicaci\u00f3 a tota la cara, tot i que tamb\u00e9 al coll, escot i dors de les mans, en els que s&#8217;utilitzen una Font de Llum Pulsada (IPL) de banda ampla, que permet la resoluci\u00f3 efectiva de l&#8217;eritema i flushing facials, aix\u00ed com la consecuci\u00f3 d&#8217;una millora [&hellip;]\" \/>\n<meta property=\"og:url\" content=\"https:\/\/www.mgc.es\/ca\/blog\/fotorejoveniment-facial-i-depilacio-laser\/\" \/>\n<meta property=\"og:site_name\" content=\"MGC M\u00fatua\" \/>\n<meta property=\"article:publisher\" content=\"https:\/\/www.facebook.com\/mgcmutua\" \/>\n<meta property=\"article:published_time\" content=\"2014-10-01T22:00:00+00:00\" \/>\n<meta property=\"article:modified_time\" content=\"2021-03-11T08:51:39+00:00\" \/>\n<meta property=\"og:image\" content=\"https:\/\/www.mgc.es\/wp-content\/uploads\/2019\/11\/facial1.jpg\" \/>\n\t<meta property=\"og:image:width\" content=\"562\" \/>\n\t<meta property=\"og:image:height\" content=\"731\" \/>\n\t<meta property=\"og:image:type\" content=\"image\/jpeg\" \/>\n<meta name=\"author\" content=\"Revista Inter\u00e8s Mutu\" \/>\n<meta name=\"twitter:card\" content=\"summary_large_image\" \/>\n<meta name=\"twitter:creator\" content=\"@mgcmutua\" \/>\n<meta name=\"twitter:site\" content=\"@mgcmutua\" \/>\n<meta name=\"twitter:label1\" content=\"Escrit per\" \/>\n\t<meta name=\"twitter:data1\" content=\"Revista Inter\u00e8s Mutu\" \/>\n\t<meta name=\"twitter:label2\" content=\"Temps estimat de lectura\" \/>\n\t<meta name=\"twitter:data2\" content=\"3 minuts\" \/>\n<!-- \/ Yoast SEO plugin. -->","yoast_head_json":{"title":"Fotorejoveniment facial i depilaci\u00f3 l\u00e0ser - MGC M\u00fatua","robots":{"index":"index","follow":"follow","max-snippet":"max-snippet:-1","max-image-preview":"max-image-preview:large","max-video-preview":"max-video-preview:-1"},"canonical":"https:\/\/www.mgc.es\/ca\/blog\/fotorejoveniment-facial-i-depilacio-laser\/","og_locale":"ca_ES","og_type":"article","og_title":"Fotorejoveniment facial i depilaci\u00f3 l\u00e0ser - MGC M\u00fatua","og_description":"El Fotorejoveniment IPL Facial \u00e9s un tractament no invasiu d&#8217;aplicaci\u00f3 a tota la cara, tot i que tamb\u00e9 al coll, escot i dors de les mans, en els que s&#8217;utilitzen una Font de Llum Pulsada (IPL) de banda ampla, que permet la resoluci\u00f3 efectiva de l&#8217;eritema i flushing facials, aix\u00ed com la consecuci\u00f3 d&#8217;una millora [&hellip;]","og_url":"https:\/\/www.mgc.es\/ca\/blog\/fotorejoveniment-facial-i-depilacio-laser\/","og_site_name":"MGC M\u00fatua","article_publisher":"https:\/\/www.facebook.com\/mgcmutua","article_published_time":"2014-10-01T22:00:00+00:00","article_modified_time":"2021-03-11T08:51:39+00:00","og_image":[{"width":562,"height":731,"url":"https:\/\/www.mgc.es\/wp-content\/uploads\/2019\/11\/facial1.jpg","type":"image\/jpeg"}],"author":"Revista Inter\u00e8s Mutu","twitter_card":"summary_large_image","twitter_creator":"@mgcmutua","twitter_site":"@mgcmutua","twitter_misc":{"Escrit per":"Revista Inter\u00e8s Mutu","Temps estimat de lectura":"3 minuts"},"schema":{"@context":"https:\/\/schema.org","@graph":[{"@type":["Article","BlogPosting"],"@id":"https:\/\/www.mgc.es\/ca\/blog\/fotorejoveniment-facial-i-depilacio-laser\/#article","isPartOf":{"@id":"https:\/\/www.mgc.es\/ca\/blog\/fotorejoveniment-facial-i-depilacio-laser\/"},"author":{"name":"Revista Inter\u00e8s Mutu","@id":"https:\/\/www.mgc.es\/#\/schema\/person\/010c961d9c9acf38f11187a02b646c16"},"headline":"Fotorejoveniment facial i depilaci\u00f3 l\u00e0ser","datePublished":"2014-10-01T22:00:00+00:00","dateModified":"2021-03-11T08:51:39+00:00","mainEntityOfPage":{"@id":"https:\/\/www.mgc.es\/ca\/blog\/fotorejoveniment-facial-i-depilacio-laser\/"},"wordCount":608,"commentCount":0,"publisher":{"@id":"https:\/\/www.mgc.es\/#organization"},"image":{"@id":"https:\/\/www.mgc.es\/ca\/blog\/fotorejoveniment-facial-i-depilacio-laser\/#primaryimage"},"thumbnailUrl":"https:\/\/www.mgc.es\/wp-content\/uploads\/2019\/11\/facial1.jpg","keywords":["centre m\u00e8dic","prevenci\u00f3"],"articleSection":["Est\u00e8tica","Salut i medicina"],"inLanguage":"ca","potentialAction":[{"@type":"CommentAction","name":"Comment","target":["https:\/\/www.mgc.es\/ca\/blog\/fotorejoveniment-facial-i-depilacio-laser\/#respond"]}]},{"@type":["WebPage","ItemPage"],"@id":"https:\/\/www.mgc.es\/ca\/blog\/fotorejoveniment-facial-i-depilacio-laser\/","url":"https:\/\/www.mgc.es\/ca\/blog\/fotorejoveniment-facial-i-depilacio-laser\/","name":"Fotorejoveniment facial i depilaci\u00f3 l\u00e0ser - MGC M\u00fatua","isPartOf":{"@id":"https:\/\/www.mgc.es\/#website"},"primaryImageOfPage":{"@id":"https:\/\/www.mgc.es\/ca\/blog\/fotorejoveniment-facial-i-depilacio-laser\/#primaryimage"},"image":{"@id":"https:\/\/www.mgc.es\/ca\/blog\/fotorejoveniment-facial-i-depilacio-laser\/#primaryimage"},"thumbnailUrl":"https:\/\/www.mgc.es\/wp-content\/uploads\/2019\/11\/facial1.jpg","datePublished":"2014-10-01T22:00:00+00:00","dateModified":"2021-03-11T08:51:39+00:00","breadcrumb":{"@id":"https:\/\/www.mgc.es\/ca\/blog\/fotorejoveniment-facial-i-depilacio-laser\/#breadcrumb"},"inLanguage":"ca","potentialAction":[{"@type":"ReadAction","target":["https:\/\/www.mgc.es\/ca\/blog\/fotorejoveniment-facial-i-depilacio-laser\/"]}]},{"@type":"ImageObject","inLanguage":"ca","@id":"https:\/\/www.mgc.es\/ca\/blog\/fotorejoveniment-facial-i-depilacio-laser\/#primaryimage","url":"https:\/\/www.mgc.es\/wp-content\/uploads\/2019\/11\/facial1.jpg","contentUrl":"https:\/\/www.mgc.es\/wp-content\/uploads\/2019\/11\/facial1.jpg","width":562,"height":731},{"@type":"BreadcrumbList","@id":"https:\/\/www.mgc.es\/ca\/blog\/fotorejoveniment-facial-i-depilacio-laser\/#breadcrumb","itemListElement":[{"@type":"ListItem","position":1,"name":"Home","item":"https:\/\/www.mgc.es\/ca\/"},{"@type":"ListItem","position":2,"name":"Fotorejoveniment facial i depilaci\u00f3 l\u00e0ser"}]},{"@type":"WebSite","@id":"https:\/\/www.mgc.es\/#website","url":"https:\/\/www.mgc.es\/","name":"MGC M\u00fatua","description":"MGC M\u00fatua \u00e9s una entitat asseguradora sense \u00e0nim de lucre constitu\u00efda al 1982 i especialitzada en assegurances de salut i assist\u00e8ncia.","publisher":{"@id":"https:\/\/www.mgc.es\/#organization"},"alternateName":"MGC","potentialAction":[{"@type":"SearchAction","target":{"@type":"EntryPoint","urlTemplate":"https:\/\/www.mgc.es\/?s={search_term_string}"},"query-input":{"@type":"PropertyValueSpecification","valueRequired":true,"valueName":"search_term_string"}}],"inLanguage":"ca"},{"@type":"Organization","@id":"https:\/\/www.mgc.es\/#organization","name":"MGC Mutua","alternateName":"MGC","url":"https:\/\/www.mgc.es\/","logo":{"@type":"ImageObject","inLanguage":"ca","@id":"https:\/\/www.mgc.es\/#\/schema\/logo\/image\/","url":"https:\/\/www.mgc.es\/wp-content\/uploads\/2020\/03\/mgcmutua_h2_2t_reduccions.png","contentUrl":"https:\/\/www.mgc.es\/wp-content\/uploads\/2020\/03\/mgcmutua_h2_2t_reduccions.png","width":303,"height":165,"caption":"MGC Mutua"},"image":{"@id":"https:\/\/www.mgc.es\/#\/schema\/logo\/image\/"},"sameAs":["https:\/\/www.facebook.com\/mgcmutua","https:\/\/x.com\/mgcmutua","https:\/\/www.youtube.com\/c\/MGCMutua"]},{"@type":"Person","@id":"https:\/\/www.mgc.es\/#\/schema\/person\/010c961d9c9acf38f11187a02b646c16","name":"Revista Inter\u00e8s Mutu","image":{"@type":"ImageObject","inLanguage":"ca","@id":"https:\/\/secure.gravatar.com\/avatar\/52302d684339b9d7bf5691e2ad00835d62ce3b4a435f21ca9f21fbe39c63cb1b?s=96&d=mm&r=g","url":"https:\/\/secure.gravatar.com\/avatar\/52302d684339b9d7bf5691e2ad00835d62ce3b4a435f21ca9f21fbe39c63cb1b?s=96&d=mm&r=g","contentUrl":"https:\/\/secure.gravatar.com\/avatar\/52302d684339b9d7bf5691e2ad00835d62ce3b4a435f21ca9f21fbe39c63cb1b?s=96&d=mm&r=g","caption":"Revista Inter\u00e8s Mutu"}}]}},"_links":{"self":[{"href":"https:\/\/www.mgc.es\/ca\/wp-json\/wp\/v2\/posts\/11460","targetHints":{"allow":["GET"]}}],"collection":[{"href":"https:\/\/www.mgc.es\/ca\/wp-json\/wp\/v2\/posts"}],"about":[{"href":"https:\/\/www.mgc.es\/ca\/wp-json\/wp\/v2\/types\/post"}],"author":[{"embeddable":true,"href":"https:\/\/www.mgc.es\/ca\/wp-json\/wp\/v2\/users\/3"}],"replies":[{"embeddable":true,"href":"https:\/\/www.mgc.es\/ca\/wp-json\/wp\/v2\/comments?post=11460"}],"version-history":[{"count":2,"href":"https:\/\/www.mgc.es\/ca\/wp-json\/wp\/v2\/posts\/11460\/revisions"}],"predecessor-version":[{"id":21160,"href":"https:\/\/www.mgc.es\/ca\/wp-json\/wp\/v2\/posts\/11460\/revisions\/21160"}],"wp:featuredmedia":[{"embeddable":true,"href":"https:\/\/www.mgc.es\/ca\/wp-json\/wp\/v2\/media\/13752"}],"wp:attachment":[{"href":"https:\/\/www.mgc.es\/ca\/wp-json\/wp\/v2\/media?parent=11460"}],"wp:term":[{"taxonomy":"category","embeddable":true,"href":"https:\/\/www.mgc.es\/ca\/wp-json\/wp\/v2\/categories?post=11460"},{"taxonomy":"post_tag","embeddable":true,"href":"https:\/\/www.mgc.es\/ca\/wp-json\/wp\/v2\/tags?post=11460"}],"curies":[{"name":"wp","href":"https:\/\/api.w.org\/{rel}","templated":true}]}}