{"id":11452,"date":"2014-06-30T00:00:00","date_gmt":"2014-06-29T22:00:00","guid":{"rendered":"http:\/\/web-server-devel.mgc.es\/a-la-mutua-general-de-catalunya-donem-sang\/"},"modified":"2019-12-02T12:35:45","modified_gmt":"2019-12-02T11:35:45","slug":"a-la-mutua-general-de-catalunya-donem-sang","status":"publish","type":"post","link":"https:\/\/www.mgc.es\/ca\/blog\/a-la-mutua-general-de-catalunya-donem-sang\/","title":{"rendered":"A la M\u00fatua General de Catalunya donem sang"},"content":{"rendered":"<p><img loading=\"lazy\" decoding=\"async\" class=\"alignleft size-medium wp-image-1714\" src=\"https:\/\/www.mgc.es\/wp-content\/uploads\/2014\/06\/Donacio-sang-300x227.jpg\" alt=\"Donacio sang\" width=\"300\" height=\"227\" \/>La M\u00fatua, en col\u00b7laboraci\u00f3 amb el Banc de sang, torna a fer\u00a0 campanya de donaci\u00f3 de sang. Tothom que ho desitgi pot ser donant. <strong>L\u2019extracci\u00f3 es far\u00e0, igual que l&#8217;any passat, al Centre M\u00e8dic\u00a0 M\u00fatua General de Catalunya, al carrer Tuset 5-11 de Barcelona, el proper 18 de juliol, des de les 9h fins a les 13h.<\/strong><\/p>\n<p>Cada dia es necessiten a Catalunya 1.000 donacions de sang. Tot i els aven\u00e7os cient\u00edfics, la sang no es pot fabricar, per aix\u00f2 la donaci\u00f3 continua sent l\u2019\u00fanica manera per cobrir les necessitats dels malalts. Com que les necessitats s\u00f3n constants, tamb\u00e9 ho han de ser les donacions, ja que la sang no es pot emmagatzemar durant molts dies perqu\u00e8 caduca.<\/p>\n<p><!--more--><br \/>\n<iframe loading=\"lazy\" src=\"\/\/www.youtube.com\/embed\/6r_8oaoT3QQ\" width=\"640\" height=\"360\" frameborder=\"0\" allowfullscreen=\"allowfullscreen\"><\/iframe><\/p>\n<p>A Catalunya hi ha un \u00fanic Banc de Sang que s\u2019encarrega de garantir l\u2019abastament i el bon \u00fas de la sang. Es tracta d\u2019una empresa p\u00fablica que t\u00e9 centres fixos de donaci\u00f3 als principals hospitals del pa\u00eds. A m\u00e9s organitza una seixantena de campanyes setmanals per tot el territori. L\u2019objectiu \u00e9s que la donaci\u00f3 sigui el m\u00e9s f\u00e0cil i c\u00f2moda possible perqu\u00e8 el m\u00e0xim n\u00famero de persones pugui donar sang. L\u2019any 2012, a Catalunya, van donar sang m\u00e9s de 200.000 persones que van realitzar un total de 275.000 donacions. D\u2019elles, 40.000 van donar sang per primer cop.<\/p>\n","protected":false},"excerpt":{"rendered":"<p>La M\u00fatua, en col\u00b7laboraci\u00f3 amb el Banc de sang, torna a fer\u00a0 campanya de donaci\u00f3 de sang. Tothom que ho desitgi pot ser donant. L\u2019extracci\u00f3 es far\u00e0, igual que l&#8217;any passat, al Centre M\u00e8dic\u00a0 M\u00fatua General de Catalunya, al carrer Tuset 5-11 de Barcelona, el proper 18 de juliol, des de les 9h fins a [&hellip;]<\/p>\n","protected":false},"author":3,"featured_media":13728,"comment_status":"open","ping_status":"open","sticky":false,"template":"","format":"standard","meta":{"footnotes":""},"categories":[11,15],"tags":[402],"class_list":["post-11452","post","type-post","status-publish","format-standard","has-post-thumbnail","hentry","category-actualitat","category-salut","tag-centre-medic"],"featured_image_src":"https:\/\/www.mgc.es\/wp-content\/uploads\/2019\/11\/Donacio-sang-300x227.jpg","author_info":{"display_name":"Revista Inter\u00e8s Mutu","author_link":"https:\/\/www.mgc.es\/ca\/blog\/author\/interesmutu\/"},"yoast_head":"<!-- This site is optimized with the Yoast SEO plugin v27.2 - https:\/\/yoast.com\/product\/yoast-seo-wordpress\/ -->\n<title>A la M\u00fatua General de Catalunya donem sang - MGC M\u00fatua<\/title>\n<meta name=\"robots\" content=\"index, follow, max-snippet:-1, max-image-preview:large, max-video-preview:-1\" \/>\n<link rel=\"canonical\" href=\"https:\/\/www.mgc.es\/ca\/blog\/a-la-mutua-general-de-catalunya-donem-sang\/\" \/>\n<meta property=\"og:locale\" content=\"ca_ES\" \/>\n<meta property=\"og:type\" content=\"article\" \/>\n<meta property=\"og:title\" content=\"A la M\u00fatua General de Catalunya donem sang - MGC M\u00fatua\" \/>\n<meta property=\"og:description\" content=\"La M\u00fatua, en col\u00b7laboraci\u00f3 amb el Banc de sang, torna a fer\u00a0 campanya de donaci\u00f3 de sang. Tothom que ho desitgi pot ser donant. L\u2019extracci\u00f3 es far\u00e0, igual que l&#8217;any passat, al Centre M\u00e8dic\u00a0 M\u00fatua General de Catalunya, al carrer Tuset 5-11 de Barcelona, el proper 18 de juliol, des de les 9h fins a [&hellip;]\" \/>\n<meta property=\"og:url\" content=\"https:\/\/www.mgc.es\/ca\/blog\/a-la-mutua-general-de-catalunya-donem-sang\/\" \/>\n<meta property=\"og:site_name\" content=\"MGC M\u00fatua\" \/>\n<meta property=\"article:publisher\" content=\"https:\/\/www.facebook.com\/mgcmutua\" \/>\n<meta property=\"article:published_time\" content=\"2014-06-29T22:00:00+00:00\" \/>\n<meta property=\"article:modified_time\" content=\"2019-12-02T11:35:45+00:00\" \/>\n<meta property=\"og:image\" content=\"https:\/\/www.mgc.es\/wp-content\/uploads\/2019\/11\/Donacio-sang-300x227.jpg\" \/>\n\t<meta property=\"og:image:width\" content=\"300\" \/>\n\t<meta property=\"og:image:height\" content=\"227\" \/>\n\t<meta property=\"og:image:type\" content=\"image\/jpeg\" \/>\n<meta name=\"author\" content=\"Revista Inter\u00e8s Mutu\" \/>\n<meta name=\"twitter:card\" content=\"summary_large_image\" \/>\n<meta name=\"twitter:creator\" content=\"@mgcmutua\" \/>\n<meta name=\"twitter:site\" content=\"@mgcmutua\" \/>\n<meta name=\"twitter:label1\" content=\"Escrit per\" \/>\n\t<meta name=\"twitter:data1\" content=\"Revista Inter\u00e8s Mutu\" \/>\n\t<meta name=\"twitter:label2\" content=\"Temps estimat de lectura\" \/>\n\t<meta name=\"twitter:data2\" content=\"1 minut\" \/>\n<!-- \/ Yoast SEO plugin. -->","yoast_head_json":{"title":"A la M\u00fatua General de Catalunya donem sang - MGC M\u00fatua","robots":{"index":"index","follow":"follow","max-snippet":"max-snippet:-1","max-image-preview":"max-image-preview:large","max-video-preview":"max-video-preview:-1"},"canonical":"https:\/\/www.mgc.es\/ca\/blog\/a-la-mutua-general-de-catalunya-donem-sang\/","og_locale":"ca_ES","og_type":"article","og_title":"A la M\u00fatua General de Catalunya donem sang - MGC M\u00fatua","og_description":"La M\u00fatua, en col\u00b7laboraci\u00f3 amb el Banc de sang, torna a fer\u00a0 campanya de donaci\u00f3 de sang. Tothom que ho desitgi pot ser donant. L\u2019extracci\u00f3 es far\u00e0, igual que l&#8217;any passat, al Centre M\u00e8dic\u00a0 M\u00fatua General de Catalunya, al carrer Tuset 5-11 de Barcelona, el proper 18 de juliol, des de les 9h fins a [&hellip;]","og_url":"https:\/\/www.mgc.es\/ca\/blog\/a-la-mutua-general-de-catalunya-donem-sang\/","og_site_name":"MGC M\u00fatua","article_publisher":"https:\/\/www.facebook.com\/mgcmutua","article_published_time":"2014-06-29T22:00:00+00:00","article_modified_time":"2019-12-02T11:35:45+00:00","og_image":[{"width":300,"height":227,"url":"https:\/\/www.mgc.es\/wp-content\/uploads\/2019\/11\/Donacio-sang-300x227.jpg","type":"image\/jpeg"}],"author":"Revista Inter\u00e8s Mutu","twitter_card":"summary_large_image","twitter_creator":"@mgcmutua","twitter_site":"@mgcmutua","twitter_misc":{"Escrit per":"Revista Inter\u00e8s Mutu","Temps estimat de lectura":"1 minut"},"schema":{"@context":"https:\/\/schema.org","@graph":[{"@type":["Article","BlogPosting"],"@id":"https:\/\/www.mgc.es\/ca\/blog\/a-la-mutua-general-de-catalunya-donem-sang\/#article","isPartOf":{"@id":"https:\/\/www.mgc.es\/ca\/blog\/a-la-mutua-general-de-catalunya-donem-sang\/"},"author":{"name":"Revista Inter\u00e8s Mutu","@id":"https:\/\/www.mgc.es\/#\/schema\/person\/010c961d9c9acf38f11187a02b646c16"},"headline":"A la M\u00fatua General de Catalunya donem sang","datePublished":"2014-06-29T22:00:00+00:00","dateModified":"2019-12-02T11:35:45+00:00","mainEntityOfPage":{"@id":"https:\/\/www.mgc.es\/ca\/blog\/a-la-mutua-general-de-catalunya-donem-sang\/"},"wordCount":242,"commentCount":0,"publisher":{"@id":"https:\/\/www.mgc.es\/#organization"},"image":{"@id":"https:\/\/www.mgc.es\/ca\/blog\/a-la-mutua-general-de-catalunya-donem-sang\/#primaryimage"},"thumbnailUrl":"https:\/\/www.mgc.es\/wp-content\/uploads\/2019\/11\/Donacio-sang-300x227.jpg","keywords":["centre m\u00e8dic"],"articleSection":["Actualitat M\u00fatua","Salut i medicina"],"inLanguage":"ca","potentialAction":[{"@type":"CommentAction","name":"Comment","target":["https:\/\/www.mgc.es\/ca\/blog\/a-la-mutua-general-de-catalunya-donem-sang\/#respond"]}]},{"@type":["WebPage","ItemPage"],"@id":"https:\/\/www.mgc.es\/ca\/blog\/a-la-mutua-general-de-catalunya-donem-sang\/","url":"https:\/\/www.mgc.es\/ca\/blog\/a-la-mutua-general-de-catalunya-donem-sang\/","name":"A la M\u00fatua General de Catalunya donem sang - MGC M\u00fatua","isPartOf":{"@id":"https:\/\/www.mgc.es\/#website"},"primaryImageOfPage":{"@id":"https:\/\/www.mgc.es\/ca\/blog\/a-la-mutua-general-de-catalunya-donem-sang\/#primaryimage"},"image":{"@id":"https:\/\/www.mgc.es\/ca\/blog\/a-la-mutua-general-de-catalunya-donem-sang\/#primaryimage"},"thumbnailUrl":"https:\/\/www.mgc.es\/wp-content\/uploads\/2019\/11\/Donacio-sang-300x227.jpg","datePublished":"2014-06-29T22:00:00+00:00","dateModified":"2019-12-02T11:35:45+00:00","breadcrumb":{"@id":"https:\/\/www.mgc.es\/ca\/blog\/a-la-mutua-general-de-catalunya-donem-sang\/#breadcrumb"},"inLanguage":"ca","potentialAction":[{"@type":"ReadAction","target":["https:\/\/www.mgc.es\/ca\/blog\/a-la-mutua-general-de-catalunya-donem-sang\/"]}]},{"@type":"ImageObject","inLanguage":"ca","@id":"https:\/\/www.mgc.es\/ca\/blog\/a-la-mutua-general-de-catalunya-donem-sang\/#primaryimage","url":"https:\/\/www.mgc.es\/wp-content\/uploads\/2019\/11\/Donacio-sang-300x227.jpg","contentUrl":"https:\/\/www.mgc.es\/wp-content\/uploads\/2019\/11\/Donacio-sang-300x227.jpg","width":300,"height":227},{"@type":"BreadcrumbList","@id":"https:\/\/www.mgc.es\/ca\/blog\/a-la-mutua-general-de-catalunya-donem-sang\/#breadcrumb","itemListElement":[{"@type":"ListItem","position":1,"name":"Home","item":"https:\/\/www.mgc.es\/ca\/"},{"@type":"ListItem","position":2,"name":"A la M\u00fatua General de Catalunya donem sang"}]},{"@type":"WebSite","@id":"https:\/\/www.mgc.es\/#website","url":"https:\/\/www.mgc.es\/","name":"MGC M\u00fatua","description":"MGC M\u00fatua \u00e9s una entitat asseguradora sense \u00e0nim de lucre constitu\u00efda al 1982 i especialitzada en assegurances de salut i assist\u00e8ncia.","publisher":{"@id":"https:\/\/www.mgc.es\/#organization"},"alternateName":"MGC","potentialAction":[{"@type":"SearchAction","target":{"@type":"EntryPoint","urlTemplate":"https:\/\/www.mgc.es\/?s={search_term_string}"},"query-input":{"@type":"PropertyValueSpecification","valueRequired":true,"valueName":"search_term_string"}}],"inLanguage":"ca"},{"@type":"Organization","@id":"https:\/\/www.mgc.es\/#organization","name":"MGC Mutua","alternateName":"MGC","url":"https:\/\/www.mgc.es\/","logo":{"@type":"ImageObject","inLanguage":"ca","@id":"https:\/\/www.mgc.es\/#\/schema\/logo\/image\/","url":"https:\/\/www.mgc.es\/wp-content\/uploads\/2020\/03\/mgcmutua_h2_2t_reduccions.png","contentUrl":"https:\/\/www.mgc.es\/wp-content\/uploads\/2020\/03\/mgcmutua_h2_2t_reduccions.png","width":303,"height":165,"caption":"MGC Mutua"},"image":{"@id":"https:\/\/www.mgc.es\/#\/schema\/logo\/image\/"},"sameAs":["https:\/\/www.facebook.com\/mgcmutua","https:\/\/x.com\/mgcmutua","https:\/\/www.youtube.com\/c\/MGCMutua"]},{"@type":"Person","@id":"https:\/\/www.mgc.es\/#\/schema\/person\/010c961d9c9acf38f11187a02b646c16","name":"Revista Inter\u00e8s Mutu","image":{"@type":"ImageObject","inLanguage":"ca","@id":"https:\/\/secure.gravatar.com\/avatar\/52302d684339b9d7bf5691e2ad00835d62ce3b4a435f21ca9f21fbe39c63cb1b?s=96&d=mm&r=g","url":"https:\/\/secure.gravatar.com\/avatar\/52302d684339b9d7bf5691e2ad00835d62ce3b4a435f21ca9f21fbe39c63cb1b?s=96&d=mm&r=g","contentUrl":"https:\/\/secure.gravatar.com\/avatar\/52302d684339b9d7bf5691e2ad00835d62ce3b4a435f21ca9f21fbe39c63cb1b?s=96&d=mm&r=g","caption":"Revista Inter\u00e8s Mutu"}}]}},"_links":{"self":[{"href":"https:\/\/www.mgc.es\/ca\/wp-json\/wp\/v2\/posts\/11452","targetHints":{"allow":["GET"]}}],"collection":[{"href":"https:\/\/www.mgc.es\/ca\/wp-json\/wp\/v2\/posts"}],"about":[{"href":"https:\/\/www.mgc.es\/ca\/wp-json\/wp\/v2\/types\/post"}],"author":[{"embeddable":true,"href":"https:\/\/www.mgc.es\/ca\/wp-json\/wp\/v2\/users\/3"}],"replies":[{"embeddable":true,"href":"https:\/\/www.mgc.es\/ca\/wp-json\/wp\/v2\/comments?post=11452"}],"version-history":[{"count":1,"href":"https:\/\/www.mgc.es\/ca\/wp-json\/wp\/v2\/posts\/11452\/revisions"}],"predecessor-version":[{"id":14969,"href":"https:\/\/www.mgc.es\/ca\/wp-json\/wp\/v2\/posts\/11452\/revisions\/14969"}],"wp:featuredmedia":[{"embeddable":true,"href":"https:\/\/www.mgc.es\/ca\/wp-json\/wp\/v2\/media\/13728"}],"wp:attachment":[{"href":"https:\/\/www.mgc.es\/ca\/wp-json\/wp\/v2\/media?parent=11452"}],"wp:term":[{"taxonomy":"category","embeddable":true,"href":"https:\/\/www.mgc.es\/ca\/wp-json\/wp\/v2\/categories?post=11452"},{"taxonomy":"post_tag","embeddable":true,"href":"https:\/\/www.mgc.es\/ca\/wp-json\/wp\/v2\/tags?post=11452"}],"curies":[{"name":"wp","href":"https:\/\/api.w.org\/{rel}","templated":true}]}}