{"id":11451,"date":"2014-06-23T00:00:00","date_gmt":"2014-06-22T22:00:00","guid":{"rendered":"http:\/\/web-server-devel.mgc.es\/la-xerrada-sobre-el-tda-h-reuneix-34-persones-a-lespai-mutua-a-sant-cugat\/"},"modified":"2019-12-02T12:35:58","modified_gmt":"2019-12-02T11:35:58","slug":"la-xerrada-sobre-el-tda-h-reuneix-34-persones-a-lespai-mutua-a-sant-cugat","status":"publish","type":"post","link":"https:\/\/www.mgc.es\/ca\/blog\/la-xerrada-sobre-el-tda-h-reuneix-34-persones-a-lespai-mutua-a-sant-cugat\/","title":{"rendered":"La Xerrada sobre el TDA\/H reuneix 34 persones a l\u2019Espai M\u00fatua a Sant Cugat"},"content":{"rendered":"<p><a href=\"https:\/\/www.mgc.es\/wp-content\/uploads\/2014\/06\/TDAH5.jpg\"><img loading=\"lazy\" decoding=\"async\" class=\"alignleft size-medium wp-image-1703\" src=\"https:\/\/www.mgc.es\/wp-content\/uploads\/2014\/06\/TDAH5-300x224.jpg\" alt=\"TDAH5\" width=\"300\" height=\"224\" \/><\/a>El passat 10 de juny, l&#8217;oficina de la M\u00fatua General de Catalunya a Sant Cugat van reunir 34 persones, familiars, professors i professionals del sector sanitari que van voler escoltar, de primera m\u00e0, les explicacions de la Dra. Escofet, neuropediatra del Centre Sanitari Can Mora, sobre aquest trastorn, predominant a psicologia i psiquiatria infantil, que tant preocupa i afecta al dia a dia dels infants i les seves fam\u00edlies.<!--more--><br \/>\nAquesta \u00e9s la setena confer\u00e8ncia del cicle \u201cXerrades Saludables\u201d que s\u2019organitzen tots els dijous, cada quinze dies, a l\u2019oficina de Sant Cugat amb l\u2019objectiu d\u2019apropar els mutualistes i usuaris dels centres de salut a les nostres oficines, per tal de donar-los una informaci\u00f3 d\u2019utilitat que serveixin per a compartir els valors i els objectius de la Ciutat , a l\u2019hora de promoure una h\u00e0bits de vida m\u00e9s saludables per a la poblaci\u00f3, com a valor afegit a la tasca que desenvolupem di\u00e0riament des de la M\u00fatua.<\/p>\n<p><img loading=\"lazy\" decoding=\"async\" class=\"alignright size-medium wp-image-1705\" src=\"https:\/\/www.mgc.es\/wp-content\/uploads\/2014\/06\/TDAH4-300x224.jpg\" alt=\"TDAH4\" width=\"300\" height=\"224\" \/>Aquest primer cicle de Xerrades, organitzades per M\u00fatua General de Catalunya, amb la col\u00b7laboraci\u00f3 del Centre Sanitari Can Mora i del Pol\u00b7l\u00ednic Sant Cugat, estan generant molt d\u2019inter\u00e8s entre la societat civil santcugatenca. De fet, la Xerrada va omplir de gom a gom l\u2019Espai M\u00fatua i, al final de l\u2019exposici\u00f3, es va generar un debat molt interessant entre les persones que van assistir-hi.<\/p>\n<p>Les Xerrades, previstes fins al mes de juliol, amb possibilitat de perllongar-se fins al desembre, estan obertes a la col\u00b7laboraci\u00f3 de centres m\u00e8dics que hi tinguin inter\u00e8s en participar.<\/p>\n","protected":false},"excerpt":{"rendered":"<p>El passat 10 de juny, l&#8217;oficina de la M\u00fatua General de Catalunya a Sant Cugat van reunir 34 persones, familiars, professors i professionals del sector sanitari que van voler escoltar, de primera m\u00e0, les explicacions de la Dra. Escofet, neuropediatra del Centre Sanitari Can Mora, sobre aquest trastorn, predominant a psicologia i psiquiatria infantil, que [&hellip;]<\/p>\n","protected":false},"author":3,"featured_media":13725,"comment_status":"open","ping_status":"open","sticky":false,"template":"","format":"standard","meta":{"footnotes":""},"categories":[11,568],"tags":[463],"class_list":["post-11451","post","type-post","status-publish","format-standard","has-post-thumbnail","hentry","category-actualitat","category-fundacio-mgc","tag-nens"],"featured_image_src":"https:\/\/www.mgc.es\/wp-content\/uploads\/2019\/11\/TDAH5-300x224.jpg","author_info":{"display_name":"Revista Inter\u00e8s Mutu","author_link":"https:\/\/www.mgc.es\/ca\/blog\/author\/interesmutu\/"},"yoast_head":"<!-- This site is optimized with the Yoast SEO plugin v27.2 - https:\/\/yoast.com\/product\/yoast-seo-wordpress\/ -->\n<title>La Xerrada sobre el TDA\/H reuneix 34 persones a l\u2019Espai M\u00fatua a Sant Cugat - MGC M\u00fatua<\/title>\n<meta name=\"robots\" content=\"index, follow, max-snippet:-1, max-image-preview:large, max-video-preview:-1\" \/>\n<link rel=\"canonical\" href=\"https:\/\/www.mgc.es\/ca\/blog\/la-xerrada-sobre-el-tda-h-reuneix-34-persones-a-lespai-mutua-a-sant-cugat\/\" \/>\n<meta property=\"og:locale\" content=\"ca_ES\" \/>\n<meta property=\"og:type\" content=\"article\" \/>\n<meta property=\"og:title\" content=\"La Xerrada sobre el TDA\/H reuneix 34 persones a l\u2019Espai M\u00fatua a Sant Cugat - MGC M\u00fatua\" \/>\n<meta property=\"og:description\" content=\"El passat 10 de juny, l&#8217;oficina de la M\u00fatua General de Catalunya a Sant Cugat van reunir 34 persones, familiars, professors i professionals del sector sanitari que van voler escoltar, de primera m\u00e0, les explicacions de la Dra. Escofet, neuropediatra del Centre Sanitari Can Mora, sobre aquest trastorn, predominant a psicologia i psiquiatria infantil, que [&hellip;]\" \/>\n<meta property=\"og:url\" content=\"https:\/\/www.mgc.es\/ca\/blog\/la-xerrada-sobre-el-tda-h-reuneix-34-persones-a-lespai-mutua-a-sant-cugat\/\" \/>\n<meta property=\"og:site_name\" content=\"MGC M\u00fatua\" \/>\n<meta property=\"article:publisher\" content=\"https:\/\/www.facebook.com\/mgcmutua\" \/>\n<meta property=\"article:published_time\" content=\"2014-06-22T22:00:00+00:00\" \/>\n<meta property=\"article:modified_time\" content=\"2019-12-02T11:35:58+00:00\" \/>\n<meta property=\"og:image\" content=\"https:\/\/www.mgc.es\/wp-content\/uploads\/2019\/11\/TDAH5-300x224.jpg\" \/>\n\t<meta property=\"og:image:width\" content=\"300\" \/>\n\t<meta property=\"og:image:height\" content=\"224\" \/>\n\t<meta property=\"og:image:type\" content=\"image\/jpeg\" \/>\n<meta name=\"author\" content=\"Revista Inter\u00e8s Mutu\" \/>\n<meta name=\"twitter:card\" content=\"summary_large_image\" \/>\n<meta name=\"twitter:creator\" content=\"@mgcmutua\" \/>\n<meta name=\"twitter:site\" content=\"@mgcmutua\" \/>\n<meta name=\"twitter:label1\" content=\"Escrit per\" \/>\n\t<meta name=\"twitter:data1\" content=\"Revista Inter\u00e8s Mutu\" \/>\n\t<meta name=\"twitter:label2\" content=\"Temps estimat de lectura\" \/>\n\t<meta name=\"twitter:data2\" content=\"1 minut\" \/>\n<!-- \/ Yoast SEO plugin. -->","yoast_head_json":{"title":"La Xerrada sobre el TDA\/H reuneix 34 persones a l\u2019Espai M\u00fatua a Sant Cugat - MGC M\u00fatua","robots":{"index":"index","follow":"follow","max-snippet":"max-snippet:-1","max-image-preview":"max-image-preview:large","max-video-preview":"max-video-preview:-1"},"canonical":"https:\/\/www.mgc.es\/ca\/blog\/la-xerrada-sobre-el-tda-h-reuneix-34-persones-a-lespai-mutua-a-sant-cugat\/","og_locale":"ca_ES","og_type":"article","og_title":"La Xerrada sobre el TDA\/H reuneix 34 persones a l\u2019Espai M\u00fatua a Sant Cugat - MGC M\u00fatua","og_description":"El passat 10 de juny, l&#8217;oficina de la M\u00fatua General de Catalunya a Sant Cugat van reunir 34 persones, familiars, professors i professionals del sector sanitari que van voler escoltar, de primera m\u00e0, les explicacions de la Dra. Escofet, neuropediatra del Centre Sanitari Can Mora, sobre aquest trastorn, predominant a psicologia i psiquiatria infantil, que [&hellip;]","og_url":"https:\/\/www.mgc.es\/ca\/blog\/la-xerrada-sobre-el-tda-h-reuneix-34-persones-a-lespai-mutua-a-sant-cugat\/","og_site_name":"MGC M\u00fatua","article_publisher":"https:\/\/www.facebook.com\/mgcmutua","article_published_time":"2014-06-22T22:00:00+00:00","article_modified_time":"2019-12-02T11:35:58+00:00","og_image":[{"width":300,"height":224,"url":"https:\/\/www.mgc.es\/wp-content\/uploads\/2019\/11\/TDAH5-300x224.jpg","type":"image\/jpeg"}],"author":"Revista Inter\u00e8s Mutu","twitter_card":"summary_large_image","twitter_creator":"@mgcmutua","twitter_site":"@mgcmutua","twitter_misc":{"Escrit per":"Revista Inter\u00e8s Mutu","Temps estimat de lectura":"1 minut"},"schema":{"@context":"https:\/\/schema.org","@graph":[{"@type":["Article","BlogPosting"],"@id":"https:\/\/www.mgc.es\/ca\/blog\/la-xerrada-sobre-el-tda-h-reuneix-34-persones-a-lespai-mutua-a-sant-cugat\/#article","isPartOf":{"@id":"https:\/\/www.mgc.es\/ca\/blog\/la-xerrada-sobre-el-tda-h-reuneix-34-persones-a-lespai-mutua-a-sant-cugat\/"},"author":{"name":"Revista Inter\u00e8s Mutu","@id":"https:\/\/www.mgc.es\/#\/schema\/person\/010c961d9c9acf38f11187a02b646c16"},"headline":"La Xerrada sobre el TDA\/H reuneix 34 persones a l\u2019Espai M\u00fatua a Sant Cugat","datePublished":"2014-06-22T22:00:00+00:00","dateModified":"2019-12-02T11:35:58+00:00","mainEntityOfPage":{"@id":"https:\/\/www.mgc.es\/ca\/blog\/la-xerrada-sobre-el-tda-h-reuneix-34-persones-a-lespai-mutua-a-sant-cugat\/"},"wordCount":285,"commentCount":0,"publisher":{"@id":"https:\/\/www.mgc.es\/#organization"},"image":{"@id":"https:\/\/www.mgc.es\/ca\/blog\/la-xerrada-sobre-el-tda-h-reuneix-34-persones-a-lespai-mutua-a-sant-cugat\/#primaryimage"},"thumbnailUrl":"https:\/\/www.mgc.es\/wp-content\/uploads\/2019\/11\/TDAH5-300x224.jpg","keywords":["nens"],"articleSection":["Actualitat M\u00fatua","Fundaci\u00f3 MGC"],"inLanguage":"ca","potentialAction":[{"@type":"CommentAction","name":"Comment","target":["https:\/\/www.mgc.es\/ca\/blog\/la-xerrada-sobre-el-tda-h-reuneix-34-persones-a-lespai-mutua-a-sant-cugat\/#respond"]}]},{"@type":["WebPage","ItemPage"],"@id":"https:\/\/www.mgc.es\/ca\/blog\/la-xerrada-sobre-el-tda-h-reuneix-34-persones-a-lespai-mutua-a-sant-cugat\/","url":"https:\/\/www.mgc.es\/ca\/blog\/la-xerrada-sobre-el-tda-h-reuneix-34-persones-a-lespai-mutua-a-sant-cugat\/","name":"La Xerrada sobre el TDA\/H reuneix 34 persones a l\u2019Espai M\u00fatua a Sant Cugat - MGC M\u00fatua","isPartOf":{"@id":"https:\/\/www.mgc.es\/#website"},"primaryImageOfPage":{"@id":"https:\/\/www.mgc.es\/ca\/blog\/la-xerrada-sobre-el-tda-h-reuneix-34-persones-a-lespai-mutua-a-sant-cugat\/#primaryimage"},"image":{"@id":"https:\/\/www.mgc.es\/ca\/blog\/la-xerrada-sobre-el-tda-h-reuneix-34-persones-a-lespai-mutua-a-sant-cugat\/#primaryimage"},"thumbnailUrl":"https:\/\/www.mgc.es\/wp-content\/uploads\/2019\/11\/TDAH5-300x224.jpg","datePublished":"2014-06-22T22:00:00+00:00","dateModified":"2019-12-02T11:35:58+00:00","breadcrumb":{"@id":"https:\/\/www.mgc.es\/ca\/blog\/la-xerrada-sobre-el-tda-h-reuneix-34-persones-a-lespai-mutua-a-sant-cugat\/#breadcrumb"},"inLanguage":"ca","potentialAction":[{"@type":"ReadAction","target":["https:\/\/www.mgc.es\/ca\/blog\/la-xerrada-sobre-el-tda-h-reuneix-34-persones-a-lespai-mutua-a-sant-cugat\/"]}]},{"@type":"ImageObject","inLanguage":"ca","@id":"https:\/\/www.mgc.es\/ca\/blog\/la-xerrada-sobre-el-tda-h-reuneix-34-persones-a-lespai-mutua-a-sant-cugat\/#primaryimage","url":"https:\/\/www.mgc.es\/wp-content\/uploads\/2019\/11\/TDAH5-300x224.jpg","contentUrl":"https:\/\/www.mgc.es\/wp-content\/uploads\/2019\/11\/TDAH5-300x224.jpg","width":300,"height":224},{"@type":"BreadcrumbList","@id":"https:\/\/www.mgc.es\/ca\/blog\/la-xerrada-sobre-el-tda-h-reuneix-34-persones-a-lespai-mutua-a-sant-cugat\/#breadcrumb","itemListElement":[{"@type":"ListItem","position":1,"name":"Home","item":"https:\/\/www.mgc.es\/ca\/"},{"@type":"ListItem","position":2,"name":"La Xerrada sobre el TDA\/H reuneix 34 persones a l\u2019Espai M\u00fatua a Sant Cugat"}]},{"@type":"WebSite","@id":"https:\/\/www.mgc.es\/#website","url":"https:\/\/www.mgc.es\/","name":"MGC M\u00fatua","description":"MGC M\u00fatua \u00e9s una entitat asseguradora sense \u00e0nim de lucre constitu\u00efda al 1982 i especialitzada en assegurances de salut i assist\u00e8ncia.","publisher":{"@id":"https:\/\/www.mgc.es\/#organization"},"alternateName":"MGC","potentialAction":[{"@type":"SearchAction","target":{"@type":"EntryPoint","urlTemplate":"https:\/\/www.mgc.es\/?s={search_term_string}"},"query-input":{"@type":"PropertyValueSpecification","valueRequired":true,"valueName":"search_term_string"}}],"inLanguage":"ca"},{"@type":"Organization","@id":"https:\/\/www.mgc.es\/#organization","name":"MGC Mutua","alternateName":"MGC","url":"https:\/\/www.mgc.es\/","logo":{"@type":"ImageObject","inLanguage":"ca","@id":"https:\/\/www.mgc.es\/#\/schema\/logo\/image\/","url":"https:\/\/www.mgc.es\/wp-content\/uploads\/2020\/03\/mgcmutua_h2_2t_reduccions.png","contentUrl":"https:\/\/www.mgc.es\/wp-content\/uploads\/2020\/03\/mgcmutua_h2_2t_reduccions.png","width":303,"height":165,"caption":"MGC Mutua"},"image":{"@id":"https:\/\/www.mgc.es\/#\/schema\/logo\/image\/"},"sameAs":["https:\/\/www.facebook.com\/mgcmutua","https:\/\/x.com\/mgcmutua","https:\/\/www.youtube.com\/c\/MGCMutua"]},{"@type":"Person","@id":"https:\/\/www.mgc.es\/#\/schema\/person\/010c961d9c9acf38f11187a02b646c16","name":"Revista Inter\u00e8s Mutu","image":{"@type":"ImageObject","inLanguage":"ca","@id":"https:\/\/secure.gravatar.com\/avatar\/52302d684339b9d7bf5691e2ad00835d62ce3b4a435f21ca9f21fbe39c63cb1b?s=96&d=mm&r=g","url":"https:\/\/secure.gravatar.com\/avatar\/52302d684339b9d7bf5691e2ad00835d62ce3b4a435f21ca9f21fbe39c63cb1b?s=96&d=mm&r=g","contentUrl":"https:\/\/secure.gravatar.com\/avatar\/52302d684339b9d7bf5691e2ad00835d62ce3b4a435f21ca9f21fbe39c63cb1b?s=96&d=mm&r=g","caption":"Revista Inter\u00e8s Mutu"}}]}},"_links":{"self":[{"href":"https:\/\/www.mgc.es\/ca\/wp-json\/wp\/v2\/posts\/11451","targetHints":{"allow":["GET"]}}],"collection":[{"href":"https:\/\/www.mgc.es\/ca\/wp-json\/wp\/v2\/posts"}],"about":[{"href":"https:\/\/www.mgc.es\/ca\/wp-json\/wp\/v2\/types\/post"}],"author":[{"embeddable":true,"href":"https:\/\/www.mgc.es\/ca\/wp-json\/wp\/v2\/users\/3"}],"replies":[{"embeddable":true,"href":"https:\/\/www.mgc.es\/ca\/wp-json\/wp\/v2\/comments?post=11451"}],"version-history":[{"count":1,"href":"https:\/\/www.mgc.es\/ca\/wp-json\/wp\/v2\/posts\/11451\/revisions"}],"predecessor-version":[{"id":14968,"href":"https:\/\/www.mgc.es\/ca\/wp-json\/wp\/v2\/posts\/11451\/revisions\/14968"}],"wp:featuredmedia":[{"embeddable":true,"href":"https:\/\/www.mgc.es\/ca\/wp-json\/wp\/v2\/media\/13725"}],"wp:attachment":[{"href":"https:\/\/www.mgc.es\/ca\/wp-json\/wp\/v2\/media?parent=11451"}],"wp:term":[{"taxonomy":"category","embeddable":true,"href":"https:\/\/www.mgc.es\/ca\/wp-json\/wp\/v2\/categories?post=11451"},{"taxonomy":"post_tag","embeddable":true,"href":"https:\/\/www.mgc.es\/ca\/wp-json\/wp\/v2\/tags?post=11451"}],"curies":[{"name":"wp","href":"https:\/\/api.w.org\/{rel}","templated":true}]}}