{"id":11435,"date":"2013-11-05T00:00:00","date_gmt":"2013-11-04T23:00:00","guid":{"rendered":"http:\/\/web-server-devel.mgc.es\/inaugurat-lespai-mutua-a-sabadell\/"},"modified":"2019-11-22T12:43:39","modified_gmt":"2019-11-22T11:43:39","slug":"inaugurat-lespai-mutua-a-sabadell","status":"publish","type":"post","link":"https:\/\/www.mgc.es\/ca\/blog\/inaugurat-lespai-mutua-a-sabadell\/","title":{"rendered":"Inaugurat l&#8217;Espai M\u00fatua a Sabadell"},"content":{"rendered":"<p><img loading=\"lazy\" decoding=\"async\" class=\"size-medium wp-image-1461 alignleft\" alt=\"IMG_6230\" src=\"https:\/\/www.mgc.es\/wp-content\/uploads\/2013\/11\/IMG_6230-300x225.jpg\" width=\"300\" height=\"225\" \/>L&#8217;oficina de Sabadell ja compta amb el servei Espai M\u00fatua. Ahir a la tarda, ja van comen\u00e7ar els tallers d&#8217;Aloha Mental Arithmetic, i , per altra banda, ja estem tancant dates per celebrar diversos aniversaris de nens i nenes mutualistes.<\/p>\n<p>Amb Espai Estudi els nens entre 5 i 13 anys, poden accedir a un m\u00e8tode d&#8217;aprenentatge que estimula la seva creativitat, mem\u00f2ria, capacitat d&#8217;an\u00e0lisi, d&#8217;atenci\u00f3 i de concentraci\u00f3, sense cap cost per als seus pares. Ofereix als nens tallers espec\u00edfics que els ajuden a millorar en matem\u00e0tiques i a treure m\u00e9s partit de les seves capacitats intel\u00b7lectuals.<!--more--><\/p>\n<p>Espai M\u00fatua Aniversaris ofereix als pares la possibilitat d\u2019organitzar sense cap cost per a ells una festa d\u2019aniversari inoblidable i plena de sorpreses. Animaci\u00f3, espectacle de m\u00e0gia i moltes m\u00e9s sorpreses.<\/p>\n<p><img loading=\"lazy\" decoding=\"async\" class=\"alignright size-medium wp-image-1463\" alt=\"fa\u00e7ana Sabadell\" src=\"https:\/\/www.mgc.es\/wp-content\/uploads\/2013\/11\/IMG_6249-300x223.jpg\" width=\"300\" height=\"223\" \/>Amb Espai M\u00fatua, una iniciativa diferent i allunyada del que se li pressuposa a una entitat asseguradora especialitzada en salut, es pret\u00e9n donar un tracte preferencial i exclusiu als mutualistes, estar al seu costat i oferir-los quelcom \u00fatil i pr\u00e0ctic per al seu dia a dia en un entorn agradable.<\/p>\n","protected":false},"excerpt":{"rendered":"<p>L&#8217;oficina de Sabadell ja compta amb el servei Espai M\u00fatua. Ahir a la tarda, ja van comen\u00e7ar els tallers d&#8217;Aloha Mental Arithmetic, i , per altra banda, ja estem tancant dates per celebrar diversos aniversaris de nens i nenes mutualistes. Amb Espai Estudi els nens entre 5 i 13 anys, poden accedir a un m\u00e8tode [&hellip;]<\/p>\n","protected":false},"author":3,"featured_media":13675,"comment_status":"open","ping_status":"open","sticky":false,"template":"","format":"standard","meta":{"footnotes":""},"categories":[11],"tags":[],"class_list":["post-11435","post","type-post","status-publish","format-standard","has-post-thumbnail","hentry","category-actualitat"],"featured_image_src":"https:\/\/www.mgc.es\/wp-content\/uploads\/2019\/11\/IMG_6230-300x225.jpg","author_info":{"display_name":"Revista Inter\u00e8s Mutu","author_link":"https:\/\/www.mgc.es\/ca\/blog\/author\/interesmutu\/"},"yoast_head":"<!-- This site is optimized with the Yoast SEO plugin v27.2 - https:\/\/yoast.com\/product\/yoast-seo-wordpress\/ -->\n<title>Inaugurat l&#039;Espai M\u00fatua a Sabadell - MGC M\u00fatua<\/title>\n<meta name=\"robots\" content=\"index, follow, max-snippet:-1, max-image-preview:large, max-video-preview:-1\" \/>\n<link rel=\"canonical\" href=\"https:\/\/www.mgc.es\/ca\/blog\/inaugurat-lespai-mutua-a-sabadell\/\" \/>\n<meta property=\"og:locale\" content=\"ca_ES\" \/>\n<meta property=\"og:type\" content=\"article\" \/>\n<meta property=\"og:title\" content=\"Inaugurat l&#039;Espai M\u00fatua a Sabadell - MGC M\u00fatua\" \/>\n<meta property=\"og:description\" content=\"L&#8217;oficina de Sabadell ja compta amb el servei Espai M\u00fatua. Ahir a la tarda, ja van comen\u00e7ar els tallers d&#8217;Aloha Mental Arithmetic, i , per altra banda, ja estem tancant dates per celebrar diversos aniversaris de nens i nenes mutualistes. Amb Espai Estudi els nens entre 5 i 13 anys, poden accedir a un m\u00e8tode [&hellip;]\" \/>\n<meta property=\"og:url\" content=\"https:\/\/www.mgc.es\/ca\/blog\/inaugurat-lespai-mutua-a-sabadell\/\" \/>\n<meta property=\"og:site_name\" content=\"MGC M\u00fatua\" \/>\n<meta property=\"article:publisher\" content=\"https:\/\/www.facebook.com\/mgcmutua\" \/>\n<meta property=\"article:published_time\" content=\"2013-11-04T23:00:00+00:00\" \/>\n<meta property=\"article:modified_time\" content=\"2019-11-22T11:43:39+00:00\" \/>\n<meta property=\"og:image\" content=\"https:\/\/www.mgc.es\/wp-content\/uploads\/2019\/11\/IMG_6230-300x225.jpg\" \/>\n\t<meta property=\"og:image:width\" content=\"300\" \/>\n\t<meta property=\"og:image:height\" content=\"225\" \/>\n\t<meta property=\"og:image:type\" content=\"image\/jpeg\" \/>\n<meta name=\"author\" content=\"Revista Inter\u00e8s Mutu\" \/>\n<meta name=\"twitter:card\" content=\"summary_large_image\" \/>\n<meta name=\"twitter:creator\" content=\"@mgcmutua\" \/>\n<meta name=\"twitter:site\" content=\"@mgcmutua\" \/>\n<meta name=\"twitter:label1\" content=\"Escrit per\" \/>\n\t<meta name=\"twitter:data1\" content=\"Revista Inter\u00e8s Mutu\" \/>\n\t<meta name=\"twitter:label2\" content=\"Temps estimat de lectura\" \/>\n\t<meta name=\"twitter:data2\" content=\"1 minut\" \/>\n<!-- \/ Yoast SEO plugin. -->","yoast_head_json":{"title":"Inaugurat l'Espai M\u00fatua a Sabadell - MGC M\u00fatua","robots":{"index":"index","follow":"follow","max-snippet":"max-snippet:-1","max-image-preview":"max-image-preview:large","max-video-preview":"max-video-preview:-1"},"canonical":"https:\/\/www.mgc.es\/ca\/blog\/inaugurat-lespai-mutua-a-sabadell\/","og_locale":"ca_ES","og_type":"article","og_title":"Inaugurat l'Espai M\u00fatua a Sabadell - MGC M\u00fatua","og_description":"L&#8217;oficina de Sabadell ja compta amb el servei Espai M\u00fatua. Ahir a la tarda, ja van comen\u00e7ar els tallers d&#8217;Aloha Mental Arithmetic, i , per altra banda, ja estem tancant dates per celebrar diversos aniversaris de nens i nenes mutualistes. Amb Espai Estudi els nens entre 5 i 13 anys, poden accedir a un m\u00e8tode [&hellip;]","og_url":"https:\/\/www.mgc.es\/ca\/blog\/inaugurat-lespai-mutua-a-sabadell\/","og_site_name":"MGC M\u00fatua","article_publisher":"https:\/\/www.facebook.com\/mgcmutua","article_published_time":"2013-11-04T23:00:00+00:00","article_modified_time":"2019-11-22T11:43:39+00:00","og_image":[{"width":300,"height":225,"url":"https:\/\/www.mgc.es\/wp-content\/uploads\/2019\/11\/IMG_6230-300x225.jpg","type":"image\/jpeg"}],"author":"Revista Inter\u00e8s Mutu","twitter_card":"summary_large_image","twitter_creator":"@mgcmutua","twitter_site":"@mgcmutua","twitter_misc":{"Escrit per":"Revista Inter\u00e8s Mutu","Temps estimat de lectura":"1 minut"},"schema":{"@context":"https:\/\/schema.org","@graph":[{"@type":["Article","BlogPosting"],"@id":"https:\/\/www.mgc.es\/ca\/blog\/inaugurat-lespai-mutua-a-sabadell\/#article","isPartOf":{"@id":"https:\/\/www.mgc.es\/ca\/blog\/inaugurat-lespai-mutua-a-sabadell\/"},"author":{"name":"Revista Inter\u00e8s Mutu","@id":"https:\/\/www.mgc.es\/#\/schema\/person\/010c961d9c9acf38f11187a02b646c16"},"headline":"Inaugurat l&#8217;Espai M\u00fatua a Sabadell","datePublished":"2013-11-04T23:00:00+00:00","dateModified":"2019-11-22T11:43:39+00:00","mainEntityOfPage":{"@id":"https:\/\/www.mgc.es\/ca\/blog\/inaugurat-lespai-mutua-a-sabadell\/"},"wordCount":198,"commentCount":0,"publisher":{"@id":"https:\/\/www.mgc.es\/#organization"},"image":{"@id":"https:\/\/www.mgc.es\/ca\/blog\/inaugurat-lespai-mutua-a-sabadell\/#primaryimage"},"thumbnailUrl":"https:\/\/www.mgc.es\/wp-content\/uploads\/2019\/11\/IMG_6230-300x225.jpg","articleSection":["Actualitat M\u00fatua"],"inLanguage":"ca","potentialAction":[{"@type":"CommentAction","name":"Comment","target":["https:\/\/www.mgc.es\/ca\/blog\/inaugurat-lespai-mutua-a-sabadell\/#respond"]}]},{"@type":["WebPage","ItemPage"],"@id":"https:\/\/www.mgc.es\/ca\/blog\/inaugurat-lespai-mutua-a-sabadell\/","url":"https:\/\/www.mgc.es\/ca\/blog\/inaugurat-lespai-mutua-a-sabadell\/","name":"Inaugurat l'Espai M\u00fatua a Sabadell - MGC M\u00fatua","isPartOf":{"@id":"https:\/\/www.mgc.es\/#website"},"primaryImageOfPage":{"@id":"https:\/\/www.mgc.es\/ca\/blog\/inaugurat-lespai-mutua-a-sabadell\/#primaryimage"},"image":{"@id":"https:\/\/www.mgc.es\/ca\/blog\/inaugurat-lespai-mutua-a-sabadell\/#primaryimage"},"thumbnailUrl":"https:\/\/www.mgc.es\/wp-content\/uploads\/2019\/11\/IMG_6230-300x225.jpg","datePublished":"2013-11-04T23:00:00+00:00","dateModified":"2019-11-22T11:43:39+00:00","breadcrumb":{"@id":"https:\/\/www.mgc.es\/ca\/blog\/inaugurat-lespai-mutua-a-sabadell\/#breadcrumb"},"inLanguage":"ca","potentialAction":[{"@type":"ReadAction","target":["https:\/\/www.mgc.es\/ca\/blog\/inaugurat-lespai-mutua-a-sabadell\/"]}]},{"@type":"ImageObject","inLanguage":"ca","@id":"https:\/\/www.mgc.es\/ca\/blog\/inaugurat-lespai-mutua-a-sabadell\/#primaryimage","url":"https:\/\/www.mgc.es\/wp-content\/uploads\/2019\/11\/IMG_6230-300x225.jpg","contentUrl":"https:\/\/www.mgc.es\/wp-content\/uploads\/2019\/11\/IMG_6230-300x225.jpg","width":300,"height":225},{"@type":"BreadcrumbList","@id":"https:\/\/www.mgc.es\/ca\/blog\/inaugurat-lespai-mutua-a-sabadell\/#breadcrumb","itemListElement":[{"@type":"ListItem","position":1,"name":"Home","item":"https:\/\/www.mgc.es\/ca\/"},{"@type":"ListItem","position":2,"name":"Inaugurat l&#8217;Espai M\u00fatua a Sabadell"}]},{"@type":"WebSite","@id":"https:\/\/www.mgc.es\/#website","url":"https:\/\/www.mgc.es\/","name":"MGC M\u00fatua","description":"MGC M\u00fatua \u00e9s una entitat asseguradora sense \u00e0nim de lucre constitu\u00efda al 1982 i especialitzada en assegurances de salut i assist\u00e8ncia.","publisher":{"@id":"https:\/\/www.mgc.es\/#organization"},"alternateName":"MGC","potentialAction":[{"@type":"SearchAction","target":{"@type":"EntryPoint","urlTemplate":"https:\/\/www.mgc.es\/?s={search_term_string}"},"query-input":{"@type":"PropertyValueSpecification","valueRequired":true,"valueName":"search_term_string"}}],"inLanguage":"ca"},{"@type":"Organization","@id":"https:\/\/www.mgc.es\/#organization","name":"MGC Mutua","alternateName":"MGC","url":"https:\/\/www.mgc.es\/","logo":{"@type":"ImageObject","inLanguage":"ca","@id":"https:\/\/www.mgc.es\/#\/schema\/logo\/image\/","url":"https:\/\/www.mgc.es\/wp-content\/uploads\/2020\/03\/mgcmutua_h2_2t_reduccions.png","contentUrl":"https:\/\/www.mgc.es\/wp-content\/uploads\/2020\/03\/mgcmutua_h2_2t_reduccions.png","width":303,"height":165,"caption":"MGC Mutua"},"image":{"@id":"https:\/\/www.mgc.es\/#\/schema\/logo\/image\/"},"sameAs":["https:\/\/www.facebook.com\/mgcmutua","https:\/\/x.com\/mgcmutua","https:\/\/www.youtube.com\/c\/MGCMutua"]},{"@type":"Person","@id":"https:\/\/www.mgc.es\/#\/schema\/person\/010c961d9c9acf38f11187a02b646c16","name":"Revista Inter\u00e8s Mutu","image":{"@type":"ImageObject","inLanguage":"ca","@id":"https:\/\/secure.gravatar.com\/avatar\/52302d684339b9d7bf5691e2ad00835d62ce3b4a435f21ca9f21fbe39c63cb1b?s=96&d=mm&r=g","url":"https:\/\/secure.gravatar.com\/avatar\/52302d684339b9d7bf5691e2ad00835d62ce3b4a435f21ca9f21fbe39c63cb1b?s=96&d=mm&r=g","contentUrl":"https:\/\/secure.gravatar.com\/avatar\/52302d684339b9d7bf5691e2ad00835d62ce3b4a435f21ca9f21fbe39c63cb1b?s=96&d=mm&r=g","caption":"Revista Inter\u00e8s Mutu"}}]}},"_links":{"self":[{"href":"https:\/\/www.mgc.es\/ca\/wp-json\/wp\/v2\/posts\/11435","targetHints":{"allow":["GET"]}}],"collection":[{"href":"https:\/\/www.mgc.es\/ca\/wp-json\/wp\/v2\/posts"}],"about":[{"href":"https:\/\/www.mgc.es\/ca\/wp-json\/wp\/v2\/types\/post"}],"author":[{"embeddable":true,"href":"https:\/\/www.mgc.es\/ca\/wp-json\/wp\/v2\/users\/3"}],"replies":[{"embeddable":true,"href":"https:\/\/www.mgc.es\/ca\/wp-json\/wp\/v2\/comments?post=11435"}],"version-history":[{"count":1,"href":"https:\/\/www.mgc.es\/ca\/wp-json\/wp\/v2\/posts\/11435\/revisions"}],"predecessor-version":[{"id":14952,"href":"https:\/\/www.mgc.es\/ca\/wp-json\/wp\/v2\/posts\/11435\/revisions\/14952"}],"wp:featuredmedia":[{"embeddable":true,"href":"https:\/\/www.mgc.es\/ca\/wp-json\/wp\/v2\/media\/13675"}],"wp:attachment":[{"href":"https:\/\/www.mgc.es\/ca\/wp-json\/wp\/v2\/media?parent=11435"}],"wp:term":[{"taxonomy":"category","embeddable":true,"href":"https:\/\/www.mgc.es\/ca\/wp-json\/wp\/v2\/categories?post=11435"},{"taxonomy":"post_tag","embeddable":true,"href":"https:\/\/www.mgc.es\/ca\/wp-json\/wp\/v2\/tags?post=11435"}],"curies":[{"name":"wp","href":"https:\/\/api.w.org\/{rel}","templated":true}]}}