{"id":11433,"date":"2013-10-17T00:00:00","date_gmt":"2013-10-16T22:00:00","guid":{"rendered":"http:\/\/web-server-devel.mgc.es\/dia-contra-el-cancer-de-mama\/"},"modified":"2019-12-02T12:37:15","modified_gmt":"2019-12-02T11:37:15","slug":"dia-contra-el-cancer-de-mama","status":"publish","type":"post","link":"https:\/\/www.mgc.es\/ca\/blog\/dia-contra-el-cancer-de-mama\/","title":{"rendered":"Dia Contra el C\u00e0ncer de Mama"},"content":{"rendered":"<p>&nbsp;<\/p>\n<p><img loading=\"lazy\" decoding=\"async\" class=\"size-medium wp-image-1425 alignleft\" alt=\"IMG-20131017-WA0001\" src=\"https:\/\/www.mgc.es\/wp-content\/uploads\/2013\/10\/IMG-20131017-WA0001-300x225.jpg\" width=\"300\" height=\"225\" \/><\/p>\n<p>El 19 d&#8217;octubre \u00e9s el dia Internacional del C\u00e0ncer de Mama. A la M\u00fatua ens volem sumar a les campanyes de conscienciaci\u00f3 d&#8217;una malaltia que afecta a 20.000 dones a Espanya cada any. Segons l&#8217;<a href=\"http:\/\/www.aecc.es\">Associaci\u00f3 Espanyola Contra el C\u00e0ncer<\/a>, una de cada 8 dones desenvolupar\u00e0 un c\u00e0ncer de mama al llarg de la seva vida. No obstant, la superviv\u00e8ncia ha millorat notablement els darrers anys. Les mamograf\u00edes peri\u00f2diques i l&#8217;aven\u00e7 dels tractaments permeten taxes de curaci\u00f3 del 90%. Les mesures necess\u00e0ries i ineludibles per detectar a temps la seva aparici\u00f3 o, en el seu defecte, el tractament preco\u00e7, s\u00f3n visitar regularment el ginec\u00f2leg i l<a href=\"https:\/\/www.mgc.es\/2012\/10\/autoexploracio-mamaria-i-visitar-regularment-al-ginecoleg-claus-per-a-la-deteccio-precoc-del-cancer-de-mama\/\">&#8216;autoexamen mamar<\/a>i.<!--more--><\/p>\n<p><a href=\"http:\/\/www.aecc.es\"><img loading=\"lazy\" decoding=\"async\" class=\"size-medium wp-image-1414 alignright\" alt=\"cancer mama\" src=\"https:\/\/www.mgc.es\/wp-content\/uploads\/2013\/10\/cancer-mama-203x300.jpeg\" width=\"203\" height=\"300\" \/><\/a>L&#8217;Associaci\u00f3 Espanyola Contra el C\u00e0ncer, amb motiu del Dia Contra el C\u00e0ncer de Mama, posa en marxa una campanya de sensibilitzaci\u00f3 i informaci\u00f3 sobre aquesta malatia. Aquest any, l&#8217;objectiu \u00e9s informar les dones de m\u00e9s de 40 anys sobre els spectes m\u00e9s rellevants del c\u00e0ncer de mama. La campanya est\u00e0 protagonitzada per una d\u00f3na supervivent del c\u00e0ncer de mama que llen\u00e7a un missatge positiu a la resta de dones sobre la superaci\u00f3 de la malaltia: &#8220;Jo he superat un c\u00e0ncer de mama&#8221;.<\/p>\n","protected":false},"excerpt":{"rendered":"<p>&nbsp; El 19 d&#8217;octubre \u00e9s el dia Internacional del C\u00e0ncer de Mama. A la M\u00fatua ens volem sumar a les campanyes de conscienciaci\u00f3 d&#8217;una malaltia que afecta a 20.000 dones a Espanya cada any. Segons l&#8217;Associaci\u00f3 Espanyola Contra el C\u00e0ncer, una de cada 8 dones desenvolupar\u00e0 un c\u00e0ncer de mama al llarg de la seva [&hellip;]<\/p>\n","protected":false},"author":3,"featured_media":13669,"comment_status":"open","ping_status":"open","sticky":false,"template":"","format":"standard","meta":{"footnotes":""},"categories":[15],"tags":[481,580],"class_list":["post-11433","post","type-post","status-publish","format-standard","has-post-thumbnail","hentry","category-salut","tag-prevencio","tag-salut"],"featured_image_src":"https:\/\/www.mgc.es\/wp-content\/uploads\/2019\/11\/IMG-20131017-WA0001-300x225.jpg","author_info":{"display_name":"Revista Inter\u00e8s Mutu","author_link":"https:\/\/www.mgc.es\/ca\/blog\/author\/interesmutu\/"},"yoast_head":"<!-- This site is optimized with the Yoast SEO plugin v27.2 - https:\/\/yoast.com\/product\/yoast-seo-wordpress\/ -->\n<title>Dia Contra el C\u00e0ncer de Mama - MGC M\u00fatua<\/title>\n<meta name=\"robots\" content=\"index, follow, max-snippet:-1, max-image-preview:large, max-video-preview:-1\" \/>\n<link rel=\"canonical\" href=\"https:\/\/www.mgc.es\/ca\/blog\/dia-contra-el-cancer-de-mama\/\" \/>\n<meta property=\"og:locale\" content=\"ca_ES\" \/>\n<meta property=\"og:type\" content=\"article\" \/>\n<meta property=\"og:title\" content=\"Dia Contra el C\u00e0ncer de Mama - MGC M\u00fatua\" \/>\n<meta property=\"og:description\" content=\"&nbsp; El 19 d&#8217;octubre \u00e9s el dia Internacional del C\u00e0ncer de Mama. A la M\u00fatua ens volem sumar a les campanyes de conscienciaci\u00f3 d&#8217;una malaltia que afecta a 20.000 dones a Espanya cada any. Segons l&#8217;Associaci\u00f3 Espanyola Contra el C\u00e0ncer, una de cada 8 dones desenvolupar\u00e0 un c\u00e0ncer de mama al llarg de la seva [&hellip;]\" \/>\n<meta property=\"og:url\" content=\"https:\/\/www.mgc.es\/ca\/blog\/dia-contra-el-cancer-de-mama\/\" \/>\n<meta property=\"og:site_name\" content=\"MGC M\u00fatua\" \/>\n<meta property=\"article:publisher\" content=\"https:\/\/www.facebook.com\/mgcmutua\" \/>\n<meta property=\"article:published_time\" content=\"2013-10-16T22:00:00+00:00\" \/>\n<meta property=\"article:modified_time\" content=\"2019-12-02T11:37:15+00:00\" \/>\n<meta property=\"og:image\" content=\"https:\/\/www.mgc.es\/wp-content\/uploads\/2019\/11\/IMG-20131017-WA0001-300x225.jpg\" \/>\n\t<meta property=\"og:image:width\" content=\"300\" \/>\n\t<meta property=\"og:image:height\" content=\"225\" \/>\n\t<meta property=\"og:image:type\" content=\"image\/jpeg\" \/>\n<meta name=\"author\" content=\"Revista Inter\u00e8s Mutu\" \/>\n<meta name=\"twitter:card\" content=\"summary_large_image\" \/>\n<meta name=\"twitter:creator\" content=\"@mgcmutua\" \/>\n<meta name=\"twitter:site\" content=\"@mgcmutua\" \/>\n<meta name=\"twitter:label1\" content=\"Escrit per\" \/>\n\t<meta name=\"twitter:data1\" content=\"Revista Inter\u00e8s Mutu\" \/>\n\t<meta name=\"twitter:label2\" content=\"Temps estimat de lectura\" \/>\n\t<meta name=\"twitter:data2\" content=\"1 minut\" \/>\n<!-- \/ Yoast SEO plugin. -->","yoast_head_json":{"title":"Dia Contra el C\u00e0ncer de Mama - MGC M\u00fatua","robots":{"index":"index","follow":"follow","max-snippet":"max-snippet:-1","max-image-preview":"max-image-preview:large","max-video-preview":"max-video-preview:-1"},"canonical":"https:\/\/www.mgc.es\/ca\/blog\/dia-contra-el-cancer-de-mama\/","og_locale":"ca_ES","og_type":"article","og_title":"Dia Contra el C\u00e0ncer de Mama - MGC M\u00fatua","og_description":"&nbsp; El 19 d&#8217;octubre \u00e9s el dia Internacional del C\u00e0ncer de Mama. A la M\u00fatua ens volem sumar a les campanyes de conscienciaci\u00f3 d&#8217;una malaltia que afecta a 20.000 dones a Espanya cada any. Segons l&#8217;Associaci\u00f3 Espanyola Contra el C\u00e0ncer, una de cada 8 dones desenvolupar\u00e0 un c\u00e0ncer de mama al llarg de la seva [&hellip;]","og_url":"https:\/\/www.mgc.es\/ca\/blog\/dia-contra-el-cancer-de-mama\/","og_site_name":"MGC M\u00fatua","article_publisher":"https:\/\/www.facebook.com\/mgcmutua","article_published_time":"2013-10-16T22:00:00+00:00","article_modified_time":"2019-12-02T11:37:15+00:00","og_image":[{"width":300,"height":225,"url":"https:\/\/www.mgc.es\/wp-content\/uploads\/2019\/11\/IMG-20131017-WA0001-300x225.jpg","type":"image\/jpeg"}],"author":"Revista Inter\u00e8s Mutu","twitter_card":"summary_large_image","twitter_creator":"@mgcmutua","twitter_site":"@mgcmutua","twitter_misc":{"Escrit per":"Revista Inter\u00e8s Mutu","Temps estimat de lectura":"1 minut"},"schema":{"@context":"https:\/\/schema.org","@graph":[{"@type":["Article","BlogPosting"],"@id":"https:\/\/www.mgc.es\/ca\/blog\/dia-contra-el-cancer-de-mama\/#article","isPartOf":{"@id":"https:\/\/www.mgc.es\/ca\/blog\/dia-contra-el-cancer-de-mama\/"},"author":{"name":"Revista Inter\u00e8s Mutu","@id":"https:\/\/www.mgc.es\/#\/schema\/person\/010c961d9c9acf38f11187a02b646c16"},"headline":"Dia Contra el C\u00e0ncer de Mama","datePublished":"2013-10-16T22:00:00+00:00","dateModified":"2019-12-02T11:37:15+00:00","mainEntityOfPage":{"@id":"https:\/\/www.mgc.es\/ca\/blog\/dia-contra-el-cancer-de-mama\/"},"wordCount":210,"commentCount":0,"publisher":{"@id":"https:\/\/www.mgc.es\/#organization"},"image":{"@id":"https:\/\/www.mgc.es\/ca\/blog\/dia-contra-el-cancer-de-mama\/#primaryimage"},"thumbnailUrl":"https:\/\/www.mgc.es\/wp-content\/uploads\/2019\/11\/IMG-20131017-WA0001-300x225.jpg","keywords":["prevenci\u00f3","salut"],"articleSection":["Salut i medicina"],"inLanguage":"ca","potentialAction":[{"@type":"CommentAction","name":"Comment","target":["https:\/\/www.mgc.es\/ca\/blog\/dia-contra-el-cancer-de-mama\/#respond"]}]},{"@type":["WebPage","ItemPage"],"@id":"https:\/\/www.mgc.es\/ca\/blog\/dia-contra-el-cancer-de-mama\/","url":"https:\/\/www.mgc.es\/ca\/blog\/dia-contra-el-cancer-de-mama\/","name":"Dia Contra el C\u00e0ncer de Mama - MGC M\u00fatua","isPartOf":{"@id":"https:\/\/www.mgc.es\/#website"},"primaryImageOfPage":{"@id":"https:\/\/www.mgc.es\/ca\/blog\/dia-contra-el-cancer-de-mama\/#primaryimage"},"image":{"@id":"https:\/\/www.mgc.es\/ca\/blog\/dia-contra-el-cancer-de-mama\/#primaryimage"},"thumbnailUrl":"https:\/\/www.mgc.es\/wp-content\/uploads\/2019\/11\/IMG-20131017-WA0001-300x225.jpg","datePublished":"2013-10-16T22:00:00+00:00","dateModified":"2019-12-02T11:37:15+00:00","breadcrumb":{"@id":"https:\/\/www.mgc.es\/ca\/blog\/dia-contra-el-cancer-de-mama\/#breadcrumb"},"inLanguage":"ca","potentialAction":[{"@type":"ReadAction","target":["https:\/\/www.mgc.es\/ca\/blog\/dia-contra-el-cancer-de-mama\/"]}]},{"@type":"ImageObject","inLanguage":"ca","@id":"https:\/\/www.mgc.es\/ca\/blog\/dia-contra-el-cancer-de-mama\/#primaryimage","url":"https:\/\/www.mgc.es\/wp-content\/uploads\/2019\/11\/IMG-20131017-WA0001-300x225.jpg","contentUrl":"https:\/\/www.mgc.es\/wp-content\/uploads\/2019\/11\/IMG-20131017-WA0001-300x225.jpg","width":300,"height":225},{"@type":"BreadcrumbList","@id":"https:\/\/www.mgc.es\/ca\/blog\/dia-contra-el-cancer-de-mama\/#breadcrumb","itemListElement":[{"@type":"ListItem","position":1,"name":"Home","item":"https:\/\/www.mgc.es\/ca\/"},{"@type":"ListItem","position":2,"name":"Dia Contra el C\u00e0ncer de Mama"}]},{"@type":"WebSite","@id":"https:\/\/www.mgc.es\/#website","url":"https:\/\/www.mgc.es\/","name":"MGC M\u00fatua","description":"MGC M\u00fatua \u00e9s una entitat asseguradora sense \u00e0nim de lucre constitu\u00efda al 1982 i especialitzada en assegurances de salut i assist\u00e8ncia.","publisher":{"@id":"https:\/\/www.mgc.es\/#organization"},"alternateName":"MGC","potentialAction":[{"@type":"SearchAction","target":{"@type":"EntryPoint","urlTemplate":"https:\/\/www.mgc.es\/?s={search_term_string}"},"query-input":{"@type":"PropertyValueSpecification","valueRequired":true,"valueName":"search_term_string"}}],"inLanguage":"ca"},{"@type":"Organization","@id":"https:\/\/www.mgc.es\/#organization","name":"MGC Mutua","alternateName":"MGC","url":"https:\/\/www.mgc.es\/","logo":{"@type":"ImageObject","inLanguage":"ca","@id":"https:\/\/www.mgc.es\/#\/schema\/logo\/image\/","url":"https:\/\/www.mgc.es\/wp-content\/uploads\/2020\/03\/mgcmutua_h2_2t_reduccions.png","contentUrl":"https:\/\/www.mgc.es\/wp-content\/uploads\/2020\/03\/mgcmutua_h2_2t_reduccions.png","width":303,"height":165,"caption":"MGC Mutua"},"image":{"@id":"https:\/\/www.mgc.es\/#\/schema\/logo\/image\/"},"sameAs":["https:\/\/www.facebook.com\/mgcmutua","https:\/\/x.com\/mgcmutua","https:\/\/www.youtube.com\/c\/MGCMutua"]},{"@type":"Person","@id":"https:\/\/www.mgc.es\/#\/schema\/person\/010c961d9c9acf38f11187a02b646c16","name":"Revista Inter\u00e8s Mutu","image":{"@type":"ImageObject","inLanguage":"ca","@id":"https:\/\/secure.gravatar.com\/avatar\/52302d684339b9d7bf5691e2ad00835d62ce3b4a435f21ca9f21fbe39c63cb1b?s=96&d=mm&r=g","url":"https:\/\/secure.gravatar.com\/avatar\/52302d684339b9d7bf5691e2ad00835d62ce3b4a435f21ca9f21fbe39c63cb1b?s=96&d=mm&r=g","contentUrl":"https:\/\/secure.gravatar.com\/avatar\/52302d684339b9d7bf5691e2ad00835d62ce3b4a435f21ca9f21fbe39c63cb1b?s=96&d=mm&r=g","caption":"Revista Inter\u00e8s Mutu"}}]}},"_links":{"self":[{"href":"https:\/\/www.mgc.es\/ca\/wp-json\/wp\/v2\/posts\/11433","targetHints":{"allow":["GET"]}}],"collection":[{"href":"https:\/\/www.mgc.es\/ca\/wp-json\/wp\/v2\/posts"}],"about":[{"href":"https:\/\/www.mgc.es\/ca\/wp-json\/wp\/v2\/types\/post"}],"author":[{"embeddable":true,"href":"https:\/\/www.mgc.es\/ca\/wp-json\/wp\/v2\/users\/3"}],"replies":[{"embeddable":true,"href":"https:\/\/www.mgc.es\/ca\/wp-json\/wp\/v2\/comments?post=11433"}],"version-history":[{"count":1,"href":"https:\/\/www.mgc.es\/ca\/wp-json\/wp\/v2\/posts\/11433\/revisions"}],"predecessor-version":[{"id":14950,"href":"https:\/\/www.mgc.es\/ca\/wp-json\/wp\/v2\/posts\/11433\/revisions\/14950"}],"wp:featuredmedia":[{"embeddable":true,"href":"https:\/\/www.mgc.es\/ca\/wp-json\/wp\/v2\/media\/13669"}],"wp:attachment":[{"href":"https:\/\/www.mgc.es\/ca\/wp-json\/wp\/v2\/media?parent=11433"}],"wp:term":[{"taxonomy":"category","embeddable":true,"href":"https:\/\/www.mgc.es\/ca\/wp-json\/wp\/v2\/categories?post=11433"},{"taxonomy":"post_tag","embeddable":true,"href":"https:\/\/www.mgc.es\/ca\/wp-json\/wp\/v2\/tags?post=11433"}],"curies":[{"name":"wp","href":"https:\/\/api.w.org\/{rel}","templated":true}]}}