{"id":11430,"date":"2013-10-14T00:00:00","date_gmt":"2013-10-13T22:00:00","guid":{"rendered":"http:\/\/web-server-devel.mgc.es\/els-nens-milloren-les-seves-capacitats-intel%c2%b7lectuals-amb-mutua-general-de-catalunya\/"},"modified":"2020-01-14T13:48:14","modified_gmt":"2020-01-14T12:48:14","slug":"els-nens-milloren-les-seves-capacitats-intel%c2%b7lectuals-amb-mutua-general-de-catalunya","status":"publish","type":"post","link":"https:\/\/www.mgc.es\/ca\/blog\/els-nens-milloren-les-seves-capacitats-intel%c2%b7lectuals-amb-mutua-general-de-catalunya\/","title":{"rendered":"Els nens milloren les seves capacitats intel\u00b7lectuals amb M\u00fatua General de Catalunya"},"content":{"rendered":"<h3>El passat 12 d&#8217;octubre, el <em>Diari de Girona<\/em> va publicar un article sobre l&#8217;Espai M\u00fatua del qual, a continuaci\u00f3, en reprodu\u00efm un extracte:<\/h3>\n<p>&#8220;Amb Espai M\u00fatua, un nou concepte de servei de la M\u00fatua que abra\u00e7a m\u00faltiples activitats, els nens entre 5 i 13 anys, poden accedir a un m\u00e8tode d&#8217;aprenentatge que estimula la seva creativitat, mem\u00f2ria, capacitat d&#8217;an\u00e0lisi, d&#8217;atenci\u00f3 i de concentraci\u00f3, sense cap cost per als seus pares. [&#8230;]<\/p>\n<p><a href=\"https:\/\/www.mgc.es\/wp-content\/uploads\/2013\/10\/131014_dins.jpg\"><img loading=\"lazy\" decoding=\"async\" class=\"aligncenter size-full wp-image-1342\" alt=\"Diari de Girona\" src=\"https:\/\/www.mgc.es\/wp-content\/uploads\/2013\/10\/131014_dins.jpg\" width=\"640\" height=\"438\" \/><\/a><\/p>\n<p><!--more--><\/p>\n<p>&#8220;Espai M\u00fatua, en funcionament des del mes de febrer a Girona, \u00e9s m\u00e9s que un simple espai f\u00edsic, \u00e9s un concepte innovador i molt ampli de servei per als mutualistes que abra\u00e7a m\u00faltiples activitats (Espai M\u00fatua Negocis, Espai M\u00fatua Estudi i Espai M\u00fatua Aniversaris)&#8221;. [&#8230;]<\/p>\n<p><strong>&#8220;Espai M\u00fatua Negocis<\/strong> ofereix la possibilitat als mutualistes d&#8217;organitzar reunions de treball, xerrades, presentacions, din\u00e0miques de grup o qualsevol altra tasca relacionada amb la seva activitat professional.<\/p>\n<p><strong>Espai M\u00fatua Aniversaris<\/strong> ofereix als pares la possibilitat d\u2019organitzar sense cap cost per a ells una festa d\u2019aniversari inoblidable i plena de sorpreses. Espai M\u00fatua s\u2019habilita com a <strong>Espai M\u00fatua Estudi<\/strong> per oferir als nens, en col\u00b7laboraci\u00f3 amb ALOHA Mental Arithmetic, tallers espec\u00edfics que els ajudaran a treure m\u00e9s partit a les seves capacitats intel\u00b7lectuals i que tindran lloc al llarg de tot l\u2019any a les nostres instal\u00b7lacions.&#8221; [&#8230;]<\/p>\n<h2>Sobre la M\u00fatua<\/h2>\n<p>&#8220;La delegaci\u00f3 de la M\u00fatua de Girona, inaugurada el 1999 pels aleshores conseller de Salut de la Generalitat i alcalde de la ciutat, ha mostrat al llarg dels seus 14 anys d&#8217;exist\u00e8ncia un creixement constant i sostingut en el nombre de mutualistes. El Sr. Manel Aran, fundador i primer president de la M\u00fatua, va considerar l\u2019obertura de la nova oficina com una reafirmaci\u00f3 de l\u2019objectiu de l\u2019entitat d\u2019oferir la millor atenci\u00f3 al mutualista i \u201csota la filosofia de descentralitzar la gesti\u00f3 de la nostra entitat, apropar-la al mutualista, dotant, per aix\u00f2, a cada oficina de l&#8217;autonomia i responsabilitats adients\u201d. La pres\u00e8ncia destacada de la M\u00fatua a Girona avui dia, el seu \u00e8xit i acceptaci\u00f3 se sustenten exclusivament en la confian\u00e7a atorgada pels mutualistes.&#8221;<\/p>\n","protected":false},"excerpt":{"rendered":"<p>Amb Espai M\u00fatua, un nou concepte de servei de la M\u00fatua que abra\u00e7a m\u00faltiples activitats, els nens entre 5 i 13 anys, poden accedir a un m\u00e8tode d&#8217;aprenentatge que estimula la seva creativitat, mem\u00f2ria, capacitat d&#8217;an\u00e0lisi, d&#8217;atenci\u00f3 i de concentraci\u00f3, sense cap cost per als seus pares.<\/p>\n","protected":false},"author":3,"featured_media":13658,"comment_status":"open","ping_status":"open","sticky":false,"template":"","format":"standard","meta":{"footnotes":""},"categories":[11],"tags":[426,427,510],"class_list":["post-11430","post","type-post","status-publish","format-standard","has-post-thumbnail","hentry","category-actualitat","tag-espai-mutua-ca","tag-espaimutua-ca","tag-serveis"],"featured_image_src":"https:\/\/www.mgc.es\/wp-content\/uploads\/2019\/11\/131014_dins.jpg","author_info":{"display_name":"Revista Inter\u00e8s Mutu","author_link":"https:\/\/www.mgc.es\/ca\/blog\/author\/interesmutu\/"},"yoast_head":"<!-- This site is optimized with the Yoast SEO plugin v27.2 - https:\/\/yoast.com\/product\/yoast-seo-wordpress\/ -->\n<title>Els nens milloren les seves capacitats intel\u00b7lectuals amb M\u00fatua General de Catalunya - MGC M\u00fatua<\/title>\n<meta name=\"robots\" content=\"index, follow, max-snippet:-1, max-image-preview:large, max-video-preview:-1\" \/>\n<link rel=\"canonical\" href=\"https:\/\/www.mgc.es\/ca\/blog\/els-nens-milloren-les-seves-capacitats-intel\u00b7lectuals-amb-mutua-general-de-catalunya\/\" \/>\n<meta property=\"og:locale\" content=\"ca_ES\" \/>\n<meta property=\"og:type\" content=\"article\" \/>\n<meta property=\"og:title\" content=\"Els nens milloren les seves capacitats intel\u00b7lectuals amb M\u00fatua General de Catalunya - MGC M\u00fatua\" \/>\n<meta property=\"og:description\" content=\"Amb Espai M\u00fatua, un nou concepte de servei de la M\u00fatua que abra\u00e7a m\u00faltiples activitats, els nens entre 5 i 13 anys, poden accedir a un m\u00e8tode d&#039;aprenentatge que estimula la seva creativitat, mem\u00f2ria, capacitat d&#039;an\u00e0lisi, d&#039;atenci\u00f3 i de concentraci\u00f3, sense cap cost per als seus pares.\" \/>\n<meta property=\"og:url\" content=\"https:\/\/www.mgc.es\/ca\/blog\/els-nens-milloren-les-seves-capacitats-intel\u00b7lectuals-amb-mutua-general-de-catalunya\/\" \/>\n<meta property=\"og:site_name\" content=\"MGC M\u00fatua\" \/>\n<meta property=\"article:publisher\" content=\"https:\/\/www.facebook.com\/mgcmutua\" \/>\n<meta property=\"article:published_time\" content=\"2013-10-13T22:00:00+00:00\" \/>\n<meta property=\"article:modified_time\" content=\"2020-01-14T12:48:14+00:00\" \/>\n<meta property=\"og:image\" content=\"https:\/\/www.mgc.es\/wp-content\/uploads\/2019\/11\/131014_dins.jpg\" \/>\n\t<meta property=\"og:image:width\" content=\"640\" \/>\n\t<meta property=\"og:image:height\" content=\"438\" \/>\n\t<meta property=\"og:image:type\" content=\"image\/jpeg\" \/>\n<meta name=\"author\" content=\"Revista Inter\u00e8s Mutu\" \/>\n<meta name=\"twitter:card\" content=\"summary_large_image\" \/>\n<meta name=\"twitter:creator\" content=\"@mgcmutua\" \/>\n<meta name=\"twitter:site\" content=\"@mgcmutua\" \/>\n<meta name=\"twitter:label1\" content=\"Escrit per\" \/>\n\t<meta name=\"twitter:data1\" content=\"Revista Inter\u00e8s Mutu\" \/>\n\t<meta name=\"twitter:label2\" content=\"Temps estimat de lectura\" \/>\n\t<meta name=\"twitter:data2\" content=\"2 minuts\" \/>\n<!-- \/ Yoast SEO plugin. -->","yoast_head_json":{"title":"Els nens milloren les seves capacitats intel\u00b7lectuals amb M\u00fatua General de Catalunya - MGC M\u00fatua","robots":{"index":"index","follow":"follow","max-snippet":"max-snippet:-1","max-image-preview":"max-image-preview:large","max-video-preview":"max-video-preview:-1"},"canonical":"https:\/\/www.mgc.es\/ca\/blog\/els-nens-milloren-les-seves-capacitats-intel\u00b7lectuals-amb-mutua-general-de-catalunya\/","og_locale":"ca_ES","og_type":"article","og_title":"Els nens milloren les seves capacitats intel\u00b7lectuals amb M\u00fatua General de Catalunya - MGC M\u00fatua","og_description":"Amb Espai M\u00fatua, un nou concepte de servei de la M\u00fatua que abra\u00e7a m\u00faltiples activitats, els nens entre 5 i 13 anys, poden accedir a un m\u00e8tode d'aprenentatge que estimula la seva creativitat, mem\u00f2ria, capacitat d'an\u00e0lisi, d'atenci\u00f3 i de concentraci\u00f3, sense cap cost per als seus pares.","og_url":"https:\/\/www.mgc.es\/ca\/blog\/els-nens-milloren-les-seves-capacitats-intel\u00b7lectuals-amb-mutua-general-de-catalunya\/","og_site_name":"MGC M\u00fatua","article_publisher":"https:\/\/www.facebook.com\/mgcmutua","article_published_time":"2013-10-13T22:00:00+00:00","article_modified_time":"2020-01-14T12:48:14+00:00","og_image":[{"width":640,"height":438,"url":"https:\/\/www.mgc.es\/wp-content\/uploads\/2019\/11\/131014_dins.jpg","type":"image\/jpeg"}],"author":"Revista Inter\u00e8s Mutu","twitter_card":"summary_large_image","twitter_creator":"@mgcmutua","twitter_site":"@mgcmutua","twitter_misc":{"Escrit per":"Revista Inter\u00e8s Mutu","Temps estimat de lectura":"2 minuts"},"schema":{"@context":"https:\/\/schema.org","@graph":[{"@type":["Article","BlogPosting"],"@id":"https:\/\/www.mgc.es\/ca\/blog\/els-nens-milloren-les-seves-capacitats-intel%c2%b7lectuals-amb-mutua-general-de-catalunya\/#article","isPartOf":{"@id":"https:\/\/www.mgc.es\/ca\/blog\/els-nens-milloren-les-seves-capacitats-intel%c2%b7lectuals-amb-mutua-general-de-catalunya\/"},"author":{"name":"Revista Inter\u00e8s Mutu","@id":"https:\/\/www.mgc.es\/#\/schema\/person\/010c961d9c9acf38f11187a02b646c16"},"headline":"Els nens milloren les seves capacitats intel\u00b7lectuals amb M\u00fatua General de Catalunya","datePublished":"2013-10-13T22:00:00+00:00","dateModified":"2020-01-14T12:48:14+00:00","mainEntityOfPage":{"@id":"https:\/\/www.mgc.es\/ca\/blog\/els-nens-milloren-les-seves-capacitats-intel%c2%b7lectuals-amb-mutua-general-de-catalunya\/"},"wordCount":386,"commentCount":0,"publisher":{"@id":"https:\/\/www.mgc.es\/#organization"},"image":{"@id":"https:\/\/www.mgc.es\/ca\/blog\/els-nens-milloren-les-seves-capacitats-intel%c2%b7lectuals-amb-mutua-general-de-catalunya\/#primaryimage"},"thumbnailUrl":"https:\/\/www.mgc.es\/wp-content\/uploads\/2019\/11\/131014_dins.jpg","keywords":["espai mutua","espaimutua","serveis"],"articleSection":["Actualitat M\u00fatua"],"inLanguage":"ca","potentialAction":[{"@type":"CommentAction","name":"Comment","target":["https:\/\/www.mgc.es\/ca\/blog\/els-nens-milloren-les-seves-capacitats-intel%c2%b7lectuals-amb-mutua-general-de-catalunya\/#respond"]}]},{"@type":["WebPage","ItemPage"],"@id":"https:\/\/www.mgc.es\/ca\/blog\/els-nens-milloren-les-seves-capacitats-intel%c2%b7lectuals-amb-mutua-general-de-catalunya\/","url":"https:\/\/www.mgc.es\/ca\/blog\/els-nens-milloren-les-seves-capacitats-intel%c2%b7lectuals-amb-mutua-general-de-catalunya\/","name":"Els nens milloren les seves capacitats intel\u00b7lectuals amb M\u00fatua General de Catalunya - MGC M\u00fatua","isPartOf":{"@id":"https:\/\/www.mgc.es\/#website"},"primaryImageOfPage":{"@id":"https:\/\/www.mgc.es\/ca\/blog\/els-nens-milloren-les-seves-capacitats-intel%c2%b7lectuals-amb-mutua-general-de-catalunya\/#primaryimage"},"image":{"@id":"https:\/\/www.mgc.es\/ca\/blog\/els-nens-milloren-les-seves-capacitats-intel%c2%b7lectuals-amb-mutua-general-de-catalunya\/#primaryimage"},"thumbnailUrl":"https:\/\/www.mgc.es\/wp-content\/uploads\/2019\/11\/131014_dins.jpg","datePublished":"2013-10-13T22:00:00+00:00","dateModified":"2020-01-14T12:48:14+00:00","breadcrumb":{"@id":"https:\/\/www.mgc.es\/ca\/blog\/els-nens-milloren-les-seves-capacitats-intel%c2%b7lectuals-amb-mutua-general-de-catalunya\/#breadcrumb"},"inLanguage":"ca","potentialAction":[{"@type":"ReadAction","target":["https:\/\/www.mgc.es\/ca\/blog\/els-nens-milloren-les-seves-capacitats-intel%c2%b7lectuals-amb-mutua-general-de-catalunya\/"]}]},{"@type":"ImageObject","inLanguage":"ca","@id":"https:\/\/www.mgc.es\/ca\/blog\/els-nens-milloren-les-seves-capacitats-intel%c2%b7lectuals-amb-mutua-general-de-catalunya\/#primaryimage","url":"https:\/\/www.mgc.es\/wp-content\/uploads\/2019\/11\/131014_dins.jpg","contentUrl":"https:\/\/www.mgc.es\/wp-content\/uploads\/2019\/11\/131014_dins.jpg","width":640,"height":438},{"@type":"BreadcrumbList","@id":"https:\/\/www.mgc.es\/ca\/blog\/els-nens-milloren-les-seves-capacitats-intel%c2%b7lectuals-amb-mutua-general-de-catalunya\/#breadcrumb","itemListElement":[{"@type":"ListItem","position":1,"name":"Home","item":"https:\/\/www.mgc.es\/ca\/"},{"@type":"ListItem","position":2,"name":"Els nens milloren les seves capacitats intel\u00b7lectuals amb M\u00fatua General de Catalunya"}]},{"@type":"WebSite","@id":"https:\/\/www.mgc.es\/#website","url":"https:\/\/www.mgc.es\/","name":"MGC M\u00fatua","description":"MGC M\u00fatua \u00e9s una entitat asseguradora sense \u00e0nim de lucre constitu\u00efda al 1982 i especialitzada en assegurances de salut i assist\u00e8ncia.","publisher":{"@id":"https:\/\/www.mgc.es\/#organization"},"alternateName":"MGC","potentialAction":[{"@type":"SearchAction","target":{"@type":"EntryPoint","urlTemplate":"https:\/\/www.mgc.es\/?s={search_term_string}"},"query-input":{"@type":"PropertyValueSpecification","valueRequired":true,"valueName":"search_term_string"}}],"inLanguage":"ca"},{"@type":"Organization","@id":"https:\/\/www.mgc.es\/#organization","name":"MGC Mutua","alternateName":"MGC","url":"https:\/\/www.mgc.es\/","logo":{"@type":"ImageObject","inLanguage":"ca","@id":"https:\/\/www.mgc.es\/#\/schema\/logo\/image\/","url":"https:\/\/www.mgc.es\/wp-content\/uploads\/2020\/03\/mgcmutua_h2_2t_reduccions.png","contentUrl":"https:\/\/www.mgc.es\/wp-content\/uploads\/2020\/03\/mgcmutua_h2_2t_reduccions.png","width":303,"height":165,"caption":"MGC Mutua"},"image":{"@id":"https:\/\/www.mgc.es\/#\/schema\/logo\/image\/"},"sameAs":["https:\/\/www.facebook.com\/mgcmutua","https:\/\/x.com\/mgcmutua","https:\/\/www.youtube.com\/c\/MGCMutua"]},{"@type":"Person","@id":"https:\/\/www.mgc.es\/#\/schema\/person\/010c961d9c9acf38f11187a02b646c16","name":"Revista Inter\u00e8s Mutu","image":{"@type":"ImageObject","inLanguage":"ca","@id":"https:\/\/secure.gravatar.com\/avatar\/52302d684339b9d7bf5691e2ad00835d62ce3b4a435f21ca9f21fbe39c63cb1b?s=96&d=mm&r=g","url":"https:\/\/secure.gravatar.com\/avatar\/52302d684339b9d7bf5691e2ad00835d62ce3b4a435f21ca9f21fbe39c63cb1b?s=96&d=mm&r=g","contentUrl":"https:\/\/secure.gravatar.com\/avatar\/52302d684339b9d7bf5691e2ad00835d62ce3b4a435f21ca9f21fbe39c63cb1b?s=96&d=mm&r=g","caption":"Revista Inter\u00e8s Mutu"}}]}},"_links":{"self":[{"href":"https:\/\/www.mgc.es\/ca\/wp-json\/wp\/v2\/posts\/11430","targetHints":{"allow":["GET"]}}],"collection":[{"href":"https:\/\/www.mgc.es\/ca\/wp-json\/wp\/v2\/posts"}],"about":[{"href":"https:\/\/www.mgc.es\/ca\/wp-json\/wp\/v2\/types\/post"}],"author":[{"embeddable":true,"href":"https:\/\/www.mgc.es\/ca\/wp-json\/wp\/v2\/users\/3"}],"replies":[{"embeddable":true,"href":"https:\/\/www.mgc.es\/ca\/wp-json\/wp\/v2\/comments?post=11430"}],"version-history":[{"count":1,"href":"https:\/\/www.mgc.es\/ca\/wp-json\/wp\/v2\/posts\/11430\/revisions"}],"predecessor-version":[{"id":14947,"href":"https:\/\/www.mgc.es\/ca\/wp-json\/wp\/v2\/posts\/11430\/revisions\/14947"}],"wp:featuredmedia":[{"embeddable":true,"href":"https:\/\/www.mgc.es\/ca\/wp-json\/wp\/v2\/media\/13658"}],"wp:attachment":[{"href":"https:\/\/www.mgc.es\/ca\/wp-json\/wp\/v2\/media?parent=11430"}],"wp:term":[{"taxonomy":"category","embeddable":true,"href":"https:\/\/www.mgc.es\/ca\/wp-json\/wp\/v2\/categories?post=11430"},{"taxonomy":"post_tag","embeddable":true,"href":"https:\/\/www.mgc.es\/ca\/wp-json\/wp\/v2\/tags?post=11430"}],"curies":[{"name":"wp","href":"https:\/\/api.w.org\/{rel}","templated":true}]}}