{"id":11429,"date":"2013-10-11T00:00:00","date_gmt":"2013-10-10T22:00:00","guid":{"rendered":"http:\/\/web-server-devel.mgc.es\/inaugurem-lespai-mutua-a-igualada\/"},"modified":"2019-12-02T12:37:39","modified_gmt":"2019-12-02T11:37:39","slug":"inaugurem-lespai-mutua-a-igualada","status":"publish","type":"post","link":"https:\/\/www.mgc.es\/ca\/blog\/inaugurem-lespai-mutua-a-igualada\/","title":{"rendered":"Inaugurem l&#8217;Espai M\u00fatua a Igualada"},"content":{"rendered":"<p>Ja est\u00e0 funcionant a ple rendiment l&#8217;Espai M\u00fatua a la nova oficina d&#8217;igualada, a la carretera de Manresa, 131, a la seu de la Uni\u00f3 Empresarial de l&#8217;Anoia (UEA).<\/p>\n<p class=\"western\"><a href=\"https:\/\/www.mgc.es\/wp-content\/uploads\/2013\/10\/Igualada-2-_30set2013-.jpg\"><img loading=\"lazy\" decoding=\"async\" class=\"aligncenter size-full wp-image-1331\" alt=\"Igualada \" src=\"https:\/\/www.mgc.es\/wp-content\/uploads\/2013\/10\/Igualada-2-_30set2013-.jpg\" width=\"800\" height=\"600\" \/><\/a>Amb Espai M\u00fatua, una iniciativa diferent i allunyada del que se li pressuposa a una entitat asseguradora especialitzada en salut, es pret\u00e9n donar un tracte preferencial i exclusiu als mutualistes, estar al seu costat i oferir-los quelcom \u00fatil i pr\u00e0ctic per al seu dia a dia en un entorn agradable.<\/p>\n","protected":false},"excerpt":{"rendered":"<p>Ja est\u00e0 funcionant a ple rendiment l&#8217;Espai M\u00fatua a la nova oficina d&#8217;igualada, a la carretera de Manresa, 131, a la seu de la Uni\u00f3 Empresarial de l&#8217;Anoia (UEA).<\/p>\n","protected":false},"author":3,"featured_media":13655,"comment_status":"open","ping_status":"open","sticky":false,"template":"","format":"standard","meta":{"footnotes":""},"categories":[11],"tags":[427,468,510],"class_list":["post-11429","post","type-post","status-publish","format-standard","has-post-thumbnail","hentry","category-actualitat","tag-espaimutua-ca","tag-oficina-ca","tag-serveis"],"featured_image_src":"https:\/\/www.mgc.es\/wp-content\/uploads\/2019\/11\/Igualada-2-_30set2013.jpg","author_info":{"display_name":"Revista Inter\u00e8s Mutu","author_link":"https:\/\/www.mgc.es\/ca\/blog\/author\/interesmutu\/"},"yoast_head":"<!-- This site is optimized with the Yoast SEO plugin v27.2 - https:\/\/yoast.com\/product\/yoast-seo-wordpress\/ -->\n<title>Inaugurem l&#039;Espai M\u00fatua a Igualada - MGC M\u00fatua<\/title>\n<meta name=\"robots\" content=\"index, follow, max-snippet:-1, max-image-preview:large, max-video-preview:-1\" \/>\n<link rel=\"canonical\" href=\"https:\/\/www.mgc.es\/ca\/blog\/inaugurem-lespai-mutua-a-igualada\/\" \/>\n<meta property=\"og:locale\" content=\"ca_ES\" \/>\n<meta property=\"og:type\" content=\"article\" \/>\n<meta property=\"og:title\" content=\"Inaugurem l&#039;Espai M\u00fatua a Igualada - MGC M\u00fatua\" \/>\n<meta property=\"og:description\" content=\"Ja est\u00e0 funcionant a ple rendiment l&#039;Espai M\u00fatua a la nova oficina d&#039;igualada, a la carretera de Manresa, 131, a la seu de la Uni\u00f3 Empresarial de l&#039;Anoia (UEA).\" \/>\n<meta property=\"og:url\" content=\"https:\/\/www.mgc.es\/ca\/blog\/inaugurem-lespai-mutua-a-igualada\/\" \/>\n<meta property=\"og:site_name\" content=\"MGC M\u00fatua\" \/>\n<meta property=\"article:publisher\" content=\"https:\/\/www.facebook.com\/mgcmutua\" \/>\n<meta property=\"article:published_time\" content=\"2013-10-10T22:00:00+00:00\" \/>\n<meta property=\"article:modified_time\" content=\"2019-12-02T11:37:39+00:00\" \/>\n<meta property=\"og:image\" content=\"https:\/\/www.mgc.es\/wp-content\/uploads\/2019\/11\/Igualada-2-_30set2013.jpg\" \/>\n\t<meta property=\"og:image:width\" content=\"800\" \/>\n\t<meta property=\"og:image:height\" content=\"600\" \/>\n\t<meta property=\"og:image:type\" content=\"image\/jpeg\" \/>\n<meta name=\"author\" content=\"Revista Inter\u00e8s Mutu\" \/>\n<meta name=\"twitter:card\" content=\"summary_large_image\" \/>\n<meta name=\"twitter:creator\" content=\"@mgcmutua\" \/>\n<meta name=\"twitter:site\" content=\"@mgcmutua\" \/>\n<meta name=\"twitter:label1\" content=\"Escrit per\" \/>\n\t<meta name=\"twitter:data1\" content=\"Revista Inter\u00e8s Mutu\" \/>\n<!-- \/ Yoast SEO plugin. -->","yoast_head_json":{"title":"Inaugurem l'Espai M\u00fatua a Igualada - MGC M\u00fatua","robots":{"index":"index","follow":"follow","max-snippet":"max-snippet:-1","max-image-preview":"max-image-preview:large","max-video-preview":"max-video-preview:-1"},"canonical":"https:\/\/www.mgc.es\/ca\/blog\/inaugurem-lespai-mutua-a-igualada\/","og_locale":"ca_ES","og_type":"article","og_title":"Inaugurem l'Espai M\u00fatua a Igualada - MGC M\u00fatua","og_description":"Ja est\u00e0 funcionant a ple rendiment l'Espai M\u00fatua a la nova oficina d'igualada, a la carretera de Manresa, 131, a la seu de la Uni\u00f3 Empresarial de l'Anoia (UEA).","og_url":"https:\/\/www.mgc.es\/ca\/blog\/inaugurem-lespai-mutua-a-igualada\/","og_site_name":"MGC M\u00fatua","article_publisher":"https:\/\/www.facebook.com\/mgcmutua","article_published_time":"2013-10-10T22:00:00+00:00","article_modified_time":"2019-12-02T11:37:39+00:00","og_image":[{"width":800,"height":600,"url":"https:\/\/www.mgc.es\/wp-content\/uploads\/2019\/11\/Igualada-2-_30set2013.jpg","type":"image\/jpeg"}],"author":"Revista Inter\u00e8s Mutu","twitter_card":"summary_large_image","twitter_creator":"@mgcmutua","twitter_site":"@mgcmutua","twitter_misc":{"Escrit per":"Revista Inter\u00e8s Mutu"},"schema":{"@context":"https:\/\/schema.org","@graph":[{"@type":["Article","BlogPosting"],"@id":"https:\/\/www.mgc.es\/ca\/blog\/inaugurem-lespai-mutua-a-igualada\/#article","isPartOf":{"@id":"https:\/\/www.mgc.es\/ca\/blog\/inaugurem-lespai-mutua-a-igualada\/"},"author":{"name":"Revista Inter\u00e8s Mutu","@id":"https:\/\/www.mgc.es\/#\/schema\/person\/010c961d9c9acf38f11187a02b646c16"},"headline":"Inaugurem l&#8217;Espai M\u00fatua a Igualada","datePublished":"2013-10-10T22:00:00+00:00","dateModified":"2019-12-02T11:37:39+00:00","mainEntityOfPage":{"@id":"https:\/\/www.mgc.es\/ca\/blog\/inaugurem-lespai-mutua-a-igualada\/"},"wordCount":88,"commentCount":0,"publisher":{"@id":"https:\/\/www.mgc.es\/#organization"},"image":{"@id":"https:\/\/www.mgc.es\/ca\/blog\/inaugurem-lespai-mutua-a-igualada\/#primaryimage"},"thumbnailUrl":"https:\/\/www.mgc.es\/wp-content\/uploads\/2019\/11\/Igualada-2-_30set2013.jpg","keywords":["espaimutua","oficina","serveis"],"articleSection":["Actualitat M\u00fatua"],"inLanguage":"ca","potentialAction":[{"@type":"CommentAction","name":"Comment","target":["https:\/\/www.mgc.es\/ca\/blog\/inaugurem-lespai-mutua-a-igualada\/#respond"]}]},{"@type":["WebPage","ItemPage"],"@id":"https:\/\/www.mgc.es\/ca\/blog\/inaugurem-lespai-mutua-a-igualada\/","url":"https:\/\/www.mgc.es\/ca\/blog\/inaugurem-lespai-mutua-a-igualada\/","name":"Inaugurem l'Espai M\u00fatua a Igualada - MGC M\u00fatua","isPartOf":{"@id":"https:\/\/www.mgc.es\/#website"},"primaryImageOfPage":{"@id":"https:\/\/www.mgc.es\/ca\/blog\/inaugurem-lespai-mutua-a-igualada\/#primaryimage"},"image":{"@id":"https:\/\/www.mgc.es\/ca\/blog\/inaugurem-lespai-mutua-a-igualada\/#primaryimage"},"thumbnailUrl":"https:\/\/www.mgc.es\/wp-content\/uploads\/2019\/11\/Igualada-2-_30set2013.jpg","datePublished":"2013-10-10T22:00:00+00:00","dateModified":"2019-12-02T11:37:39+00:00","breadcrumb":{"@id":"https:\/\/www.mgc.es\/ca\/blog\/inaugurem-lespai-mutua-a-igualada\/#breadcrumb"},"inLanguage":"ca","potentialAction":[{"@type":"ReadAction","target":["https:\/\/www.mgc.es\/ca\/blog\/inaugurem-lespai-mutua-a-igualada\/"]}]},{"@type":"ImageObject","inLanguage":"ca","@id":"https:\/\/www.mgc.es\/ca\/blog\/inaugurem-lespai-mutua-a-igualada\/#primaryimage","url":"https:\/\/www.mgc.es\/wp-content\/uploads\/2019\/11\/Igualada-2-_30set2013.jpg","contentUrl":"https:\/\/www.mgc.es\/wp-content\/uploads\/2019\/11\/Igualada-2-_30set2013.jpg","width":800,"height":600},{"@type":"BreadcrumbList","@id":"https:\/\/www.mgc.es\/ca\/blog\/inaugurem-lespai-mutua-a-igualada\/#breadcrumb","itemListElement":[{"@type":"ListItem","position":1,"name":"Home","item":"https:\/\/www.mgc.es\/ca\/"},{"@type":"ListItem","position":2,"name":"Inaugurem l&#8217;Espai M\u00fatua a Igualada"}]},{"@type":"WebSite","@id":"https:\/\/www.mgc.es\/#website","url":"https:\/\/www.mgc.es\/","name":"MGC M\u00fatua","description":"MGC M\u00fatua \u00e9s una entitat asseguradora sense \u00e0nim de lucre constitu\u00efda al 1982 i especialitzada en assegurances de salut i assist\u00e8ncia.","publisher":{"@id":"https:\/\/www.mgc.es\/#organization"},"alternateName":"MGC","potentialAction":[{"@type":"SearchAction","target":{"@type":"EntryPoint","urlTemplate":"https:\/\/www.mgc.es\/?s={search_term_string}"},"query-input":{"@type":"PropertyValueSpecification","valueRequired":true,"valueName":"search_term_string"}}],"inLanguage":"ca"},{"@type":"Organization","@id":"https:\/\/www.mgc.es\/#organization","name":"MGC Mutua","alternateName":"MGC","url":"https:\/\/www.mgc.es\/","logo":{"@type":"ImageObject","inLanguage":"ca","@id":"https:\/\/www.mgc.es\/#\/schema\/logo\/image\/","url":"https:\/\/www.mgc.es\/wp-content\/uploads\/2020\/03\/mgcmutua_h2_2t_reduccions.png","contentUrl":"https:\/\/www.mgc.es\/wp-content\/uploads\/2020\/03\/mgcmutua_h2_2t_reduccions.png","width":303,"height":165,"caption":"MGC Mutua"},"image":{"@id":"https:\/\/www.mgc.es\/#\/schema\/logo\/image\/"},"sameAs":["https:\/\/www.facebook.com\/mgcmutua","https:\/\/x.com\/mgcmutua","https:\/\/www.youtube.com\/c\/MGCMutua"]},{"@type":"Person","@id":"https:\/\/www.mgc.es\/#\/schema\/person\/010c961d9c9acf38f11187a02b646c16","name":"Revista Inter\u00e8s Mutu","image":{"@type":"ImageObject","inLanguage":"ca","@id":"https:\/\/secure.gravatar.com\/avatar\/52302d684339b9d7bf5691e2ad00835d62ce3b4a435f21ca9f21fbe39c63cb1b?s=96&d=mm&r=g","url":"https:\/\/secure.gravatar.com\/avatar\/52302d684339b9d7bf5691e2ad00835d62ce3b4a435f21ca9f21fbe39c63cb1b?s=96&d=mm&r=g","contentUrl":"https:\/\/secure.gravatar.com\/avatar\/52302d684339b9d7bf5691e2ad00835d62ce3b4a435f21ca9f21fbe39c63cb1b?s=96&d=mm&r=g","caption":"Revista Inter\u00e8s Mutu"}}]}},"_links":{"self":[{"href":"https:\/\/www.mgc.es\/ca\/wp-json\/wp\/v2\/posts\/11429","targetHints":{"allow":["GET"]}}],"collection":[{"href":"https:\/\/www.mgc.es\/ca\/wp-json\/wp\/v2\/posts"}],"about":[{"href":"https:\/\/www.mgc.es\/ca\/wp-json\/wp\/v2\/types\/post"}],"author":[{"embeddable":true,"href":"https:\/\/www.mgc.es\/ca\/wp-json\/wp\/v2\/users\/3"}],"replies":[{"embeddable":true,"href":"https:\/\/www.mgc.es\/ca\/wp-json\/wp\/v2\/comments?post=11429"}],"version-history":[{"count":1,"href":"https:\/\/www.mgc.es\/ca\/wp-json\/wp\/v2\/posts\/11429\/revisions"}],"predecessor-version":[{"id":14946,"href":"https:\/\/www.mgc.es\/ca\/wp-json\/wp\/v2\/posts\/11429\/revisions\/14946"}],"wp:featuredmedia":[{"embeddable":true,"href":"https:\/\/www.mgc.es\/ca\/wp-json\/wp\/v2\/media\/13655"}],"wp:attachment":[{"href":"https:\/\/www.mgc.es\/ca\/wp-json\/wp\/v2\/media?parent=11429"}],"wp:term":[{"taxonomy":"category","embeddable":true,"href":"https:\/\/www.mgc.es\/ca\/wp-json\/wp\/v2\/categories?post=11429"},{"taxonomy":"post_tag","embeddable":true,"href":"https:\/\/www.mgc.es\/ca\/wp-json\/wp\/v2\/tags?post=11429"}],"curies":[{"name":"wp","href":"https:\/\/api.w.org\/{rel}","templated":true}]}}