{"id":11414,"date":"2013-04-09T00:00:00","date_gmt":"2013-04-08T22:00:00","guid":{"rendered":"http:\/\/web-server-devel.mgc.es\/les-persones-joves-sestan-exposant-a-quedar-se-sords-30-anys-abans-que-la-generacio-dels-seus-pares\/"},"modified":"2019-11-22T12:43:46","modified_gmt":"2019-11-22T11:43:46","slug":"les-persones-joves-sestan-exposant-a-quedar-se-sords-30-anys-abans-que-la-generacio-dels-seus-pares","status":"publish","type":"post","link":"https:\/\/www.mgc.es\/ca\/blog\/les-persones-joves-sestan-exposant-a-quedar-se-sords-30-anys-abans-que-la-generacio-dels-seus-pares\/","title":{"rendered":"Les persones joves s&#8217;estan exposant a quedar-se sords 30 anys abans que la generaci\u00f3 dels seus pares"},"content":{"rendered":"<div id=\"ez-toc-container\" class=\"ez-toc-v2_0_82_1 counter-hierarchy ez-toc-counter ez-toc-custom ez-toc-container-direction\">\n<div class=\"ez-toc-title-container\"><p class=\"ez-toc-title\" style=\"cursor:inherit\">\u00cdndex de continguts<\/p>\n<\/div><nav><ul class='ez-toc-list ez-toc-list-level-1 ' ><li class='ez-toc-page-1 ez-toc-heading-level-2'><a class=\"ez-toc-link ez-toc-heading-1\" href=\"https:\/\/www.mgc.es\/ca\/blog\/les-persones-joves-sestan-exposant-a-quedar-se-sords-30-anys-abans-que-la-generacio-dels-seus-pares\/#Maxim_80_decibels\" >M\u00e0xim 80 decibels<\/a><\/li><li class='ez-toc-page-1 ez-toc-heading-level-2'><a class=\"ez-toc-link ez-toc-heading-2\" href=\"https:\/\/www.mgc.es\/ca\/blog\/les-persones-joves-sestan-exposant-a-quedar-se-sords-30-anys-abans-que-la-generacio-dels-seus-pares\/#Salut_auditiva\" >Salut auditiva<\/a><\/li><\/ul><\/nav><\/div>\n<p><img loading=\"lazy\" decoding=\"async\" class=\"aligncenter size-full wp-image-997\" title=\"otorrino\" src=\"https:\/\/www.mgc.es\/wp-content\/uploads\/2013\/04\/otorrino_cat.gif\" alt=\"\" width=\"678\" height=\"450\" \/>Escoltar m\u00fasica a gran volum i durant un temps perllongat pot produir una p\u00e8rdua severa i irreversible d&#8217;audici\u00f3. Els reproductors mp3, l&#8217;exc\u00e9s de soroll en molts ambients (sales de cinema, discoteques, al carrer&#8230;) estan contribuint a incrementar els nivells de sordesa de forma prematura, sobretot en la gent jove, fins al punt que aquest col\u00b7lectiu s&#8217;est\u00e0 exposant a quedar-se sord 30 anys abans que la generaci\u00f3 dels seus pares.<!--more--><\/p>\n<p>Est\u00e0 demostrat que l&#8217;o\u00efda interna, que \u00e9s on es percep el so, t\u00e9 un nombre limitat de c\u00e8l\u00b7lules que no es restitueixen, el que significa que cada c\u00e8l\u00b7lula que es destrueix \u00e9s capacitat auditiva que es perd. Aix\u00ed doncs, la millor recomanaci\u00f3 per minimitzar la p\u00e8rdua d&#8217;audici\u00f3 \u00e9s evitar o limitar en la mesura del possible l&#8217;exposici\u00f3 continuada a sorolls de forta intensitat<\/p>\n<h2><span class=\"ez-toc-section\" id=\"Maxim_80_decibels\"><\/span>M\u00e0xim 80 decibels<span class=\"ez-toc-section-end\"><\/span><\/h2>\n<p>Els adolescents coneixen els perills d&#8217;escoltar m\u00fasica a un volum excessiu i saben que haurien de prendre precaucions, per\u00f2 no acostumen a fer cas i prefereixen gaudir de la seva m\u00fasica preferida a tot volum. A m\u00e9s, si l&#8217;escolten amb els seus reproductors al carrer o en ambient sorollosos, la tend\u00e8ncia es apujar el volum per a que el soroll no es solapi i interfereixi, incrementant, d&#8217;aquesta manera els decibels. M\u00e9s de 89 \u00e9s perjudicial, per\u00f2 moltes vegades, amb aquests petits aparells, es superen els 100 decibels, tot i que la legislaci\u00f3 vigent limita a aquesta xifra el volum d&#8217;aquests aparells.<\/p>\n<h3><strong>\u00c9s important tenir en compte que:<\/strong><\/h3>\n<ul>\n<li>Escoltar m\u00fasica a 100 decibels, nom\u00e9s un quart d&#8217;hora, ja causa al 20% dels joves una reducci\u00f3 de capacitat auditiva.<\/li>\n<li>Tamb\u00e9 existeix un risc de p\u00e8rdua d&#8217;audici\u00f3 permanent escoltant m\u00fasica a m\u00e9s de 89 decibels, durant una hora, cada dia, durant 5 anys.<\/li>\n<li>Aquesta p\u00e8rdua auditiva no \u00e9s sempre evident des del principi i apareix anys despr\u00e9s.<\/li>\n<\/ul>\n<p>Els metges s&#8217;estan trobant casos de gent jove amb una p\u00e8rdua d&#8217;audici\u00f3 pr\u00f2pia de les persones grans, un proc\u00e9s natural i inevitable que es d\u00f3na a partir dels 65 anys, en el 20% dels casos, i en el 80%, a partir dels 75 anys, per\u00f2 que ara s&#8217;est\u00e0 anticipant de manera preocupant.<\/p>\n<p>A la natura no existeix cap so persistent que superi els 80 decibels, nom\u00e9s a les cataractes, i al seu voltant no existeix vida animal superior. Els animals s&#8217;allunyen per protegir-se. En la nostra civilitzaci\u00f3, els nivells de soroll que generem de manera artificial superen amb escreix el que l&#8217;o\u00efda humana pot tolerar. Un tub d&#8217;escapament d&#8217;un cotxe s\u00f3n 80 decibels, un concert de rock pot superar els 140 decibels, un equip de m\u00fasica o el soroll d&#8217;un avi\u00f3 poden superar els120 i incl\u00fas els 130 decibels.<\/p>\n<h2><span class=\"ez-toc-section\" id=\"Salut_auditiva\"><\/span>Salut auditiva<span class=\"ez-toc-section-end\"><\/span><\/h2>\n<p>Per evitar la p\u00e8rdua prematura d&#8217;o\u00efda i tamb\u00e9 per tenir cura d&#8217;aquest delicat \u00f2rgan del nostre cos, \u00e9s important no abusar dels auriculars a elevat volum, evitar els bastonets, ja que el seu \u00fas \u00e9s innecessari i fins i tot contraproduent, i fer-se revisions peri\u00f2diques amb el metge especialista. Netejar-se la cera de les orelles amb bastonets est\u00e0 totalment desaconsellat ja que la cera acompleix la seva funci\u00f3 de protecci\u00f3 i desapareix per si mateixa. El cerumen ajuda a combatre les infeccions i actua com a escut protector entre l&#8217;exterior i el timp\u00e0. Amb els bastonets l&#8217;\u00fanic que aconseguim \u00e9s acumular el cerumen a l&#8217;interior i arriscar-nos a fer taps.<\/p>\n","protected":false},"excerpt":{"rendered":"<p>Escoltar m\u00fasica a gran volum i durant un temps perllongat pot produir una p\u00e8rdua severa i irreversible d&#8217;audici\u00f3. Els reproductors mp3, l&#8217;exc\u00e9s de soroll en molts ambients (sales de cinema, discoteques, al carrer&#8230;) estan contribuint a incrementar els nivells de sordesa de forma prematura, sobretot en la gent jove, fins al punt que aquest col\u00b7lectiu s&#8217;est\u00e0 exposant a quedar-se sord 30 anys abans que la generaci\u00f3 dels seus pares.<\/p>\n","protected":false},"author":3,"featured_media":13600,"comment_status":"open","ping_status":"open","sticky":false,"template":"","format":"standard","meta":{"footnotes":""},"categories":[666,999,15,665],"tags":[442,473,481,516],"class_list":["post-11414","post","type-post","status-publish","format-standard","has-post-thumbnail","hentry","category-habits-saludables","category-otorrinolaringologia","category-salut","category-vida-sana-ca","tag-joves","tag-otorinolaringologia","tag-prevencio","tag-sordesa"],"featured_image_src":"https:\/\/www.mgc.es\/wp-content\/uploads\/2019\/11\/otorrino_cast.gif","author_info":{"display_name":"Revista Inter\u00e8s Mutu","author_link":"https:\/\/www.mgc.es\/ca\/blog\/author\/interesmutu\/"},"yoast_head":"<!-- This site is optimized with the Yoast SEO plugin v27.2 - https:\/\/yoast.com\/product\/yoast-seo-wordpress\/ -->\n<title>Les persones joves s&#039;estan exposant a quedar-se sords 30 anys abans que la generaci\u00f3 dels seus pares - MGC M\u00fatua<\/title>\n<meta name=\"robots\" content=\"index, follow, max-snippet:-1, max-image-preview:large, max-video-preview:-1\" \/>\n<link rel=\"canonical\" href=\"https:\/\/www.mgc.es\/ca\/blog\/les-persones-joves-sestan-exposant-a-quedar-se-sords-30-anys-abans-que-la-generacio-dels-seus-pares\/\" \/>\n<meta property=\"og:locale\" content=\"ca_ES\" \/>\n<meta property=\"og:type\" content=\"article\" \/>\n<meta property=\"og:title\" content=\"Les persones joves s&#039;estan exposant a quedar-se sords 30 anys abans que la generaci\u00f3 dels seus pares - MGC M\u00fatua\" \/>\n<meta property=\"og:description\" content=\"Escoltar m\u00fasica a gran volum i durant un temps perllongat pot produir una p\u00e8rdua severa i irreversible d&#039;audici\u00f3. Els reproductors mp3, l&#039;exc\u00e9s de soroll en molts ambients (sales de cinema, discoteques, al carrer...) estan contribuint a incrementar els nivells de sordesa de forma prematura, sobretot en la gent jove, fins al punt que aquest col\u00b7lectiu s&#039;est\u00e0 exposant a quedar-se sord 30 anys abans que la generaci\u00f3 dels seus pares.\" \/>\n<meta property=\"og:url\" content=\"https:\/\/www.mgc.es\/ca\/blog\/les-persones-joves-sestan-exposant-a-quedar-se-sords-30-anys-abans-que-la-generacio-dels-seus-pares\/\" \/>\n<meta property=\"og:site_name\" content=\"MGC M\u00fatua\" \/>\n<meta property=\"article:publisher\" content=\"https:\/\/www.facebook.com\/mgcmutua\" \/>\n<meta property=\"article:published_time\" content=\"2013-04-08T22:00:00+00:00\" \/>\n<meta property=\"article:modified_time\" content=\"2019-11-22T11:43:46+00:00\" \/>\n<meta property=\"og:image\" content=\"https:\/\/www.mgc.es\/wp-content\/uploads\/2019\/11\/otorrino_cast.gif\" \/>\n\t<meta property=\"og:image:width\" content=\"678\" \/>\n\t<meta property=\"og:image:height\" content=\"465\" \/>\n\t<meta property=\"og:image:type\" content=\"image\/gif\" \/>\n<meta name=\"author\" content=\"Revista Inter\u00e8s Mutu\" \/>\n<meta name=\"twitter:card\" content=\"summary_large_image\" \/>\n<meta name=\"twitter:creator\" content=\"@mgcmutua\" \/>\n<meta name=\"twitter:site\" content=\"@mgcmutua\" \/>\n<meta name=\"twitter:label1\" content=\"Escrit per\" \/>\n\t<meta name=\"twitter:data1\" content=\"Revista Inter\u00e8s Mutu\" \/>\n\t<meta name=\"twitter:label2\" content=\"Temps estimat de lectura\" \/>\n\t<meta name=\"twitter:data2\" content=\"3 minuts\" \/>\n<!-- \/ Yoast SEO plugin. -->","yoast_head_json":{"title":"Les persones joves s'estan exposant a quedar-se sords 30 anys abans que la generaci\u00f3 dels seus pares - MGC M\u00fatua","robots":{"index":"index","follow":"follow","max-snippet":"max-snippet:-1","max-image-preview":"max-image-preview:large","max-video-preview":"max-video-preview:-1"},"canonical":"https:\/\/www.mgc.es\/ca\/blog\/les-persones-joves-sestan-exposant-a-quedar-se-sords-30-anys-abans-que-la-generacio-dels-seus-pares\/","og_locale":"ca_ES","og_type":"article","og_title":"Les persones joves s'estan exposant a quedar-se sords 30 anys abans que la generaci\u00f3 dels seus pares - MGC M\u00fatua","og_description":"Escoltar m\u00fasica a gran volum i durant un temps perllongat pot produir una p\u00e8rdua severa i irreversible d'audici\u00f3. Els reproductors mp3, l'exc\u00e9s de soroll en molts ambients (sales de cinema, discoteques, al carrer...) estan contribuint a incrementar els nivells de sordesa de forma prematura, sobretot en la gent jove, fins al punt que aquest col\u00b7lectiu s'est\u00e0 exposant a quedar-se sord 30 anys abans que la generaci\u00f3 dels seus pares.","og_url":"https:\/\/www.mgc.es\/ca\/blog\/les-persones-joves-sestan-exposant-a-quedar-se-sords-30-anys-abans-que-la-generacio-dels-seus-pares\/","og_site_name":"MGC M\u00fatua","article_publisher":"https:\/\/www.facebook.com\/mgcmutua","article_published_time":"2013-04-08T22:00:00+00:00","article_modified_time":"2019-11-22T11:43:46+00:00","og_image":[{"width":678,"height":465,"url":"https:\/\/www.mgc.es\/wp-content\/uploads\/2019\/11\/otorrino_cast.gif","type":"image\/gif"}],"author":"Revista Inter\u00e8s Mutu","twitter_card":"summary_large_image","twitter_creator":"@mgcmutua","twitter_site":"@mgcmutua","twitter_misc":{"Escrit per":"Revista Inter\u00e8s Mutu","Temps estimat de lectura":"3 minuts"},"schema":{"@context":"https:\/\/schema.org","@graph":[{"@type":["Article","BlogPosting"],"@id":"https:\/\/www.mgc.es\/ca\/blog\/les-persones-joves-sestan-exposant-a-quedar-se-sords-30-anys-abans-que-la-generacio-dels-seus-pares\/#article","isPartOf":{"@id":"https:\/\/www.mgc.es\/ca\/blog\/les-persones-joves-sestan-exposant-a-quedar-se-sords-30-anys-abans-que-la-generacio-dels-seus-pares\/"},"author":{"name":"Revista Inter\u00e8s Mutu","@id":"https:\/\/www.mgc.es\/#\/schema\/person\/010c961d9c9acf38f11187a02b646c16"},"headline":"Les persones joves s&#8217;estan exposant a quedar-se sords 30 anys abans que la generaci\u00f3 dels seus pares","datePublished":"2013-04-08T22:00:00+00:00","dateModified":"2019-11-22T11:43:46+00:00","mainEntityOfPage":{"@id":"https:\/\/www.mgc.es\/ca\/blog\/les-persones-joves-sestan-exposant-a-quedar-se-sords-30-anys-abans-que-la-generacio-dels-seus-pares\/"},"wordCount":586,"commentCount":0,"publisher":{"@id":"https:\/\/www.mgc.es\/#organization"},"image":{"@id":"https:\/\/www.mgc.es\/ca\/blog\/les-persones-joves-sestan-exposant-a-quedar-se-sords-30-anys-abans-que-la-generacio-dels-seus-pares\/#primaryimage"},"thumbnailUrl":"https:\/\/www.mgc.es\/wp-content\/uploads\/2019\/11\/otorrino_cast.gif","keywords":["joves","otorinolaringologia","prevenci\u00f3","sordesa"],"articleSection":["H\u00e0bits Saludables","Otorrinolaringologia","Salut i medicina","Vida Sana"],"inLanguage":"ca","potentialAction":[{"@type":"CommentAction","name":"Comment","target":["https:\/\/www.mgc.es\/ca\/blog\/les-persones-joves-sestan-exposant-a-quedar-se-sords-30-anys-abans-que-la-generacio-dels-seus-pares\/#respond"]}]},{"@type":["WebPage","ItemPage"],"@id":"https:\/\/www.mgc.es\/ca\/blog\/les-persones-joves-sestan-exposant-a-quedar-se-sords-30-anys-abans-que-la-generacio-dels-seus-pares\/","url":"https:\/\/www.mgc.es\/ca\/blog\/les-persones-joves-sestan-exposant-a-quedar-se-sords-30-anys-abans-que-la-generacio-dels-seus-pares\/","name":"Les persones joves s'estan exposant a quedar-se sords 30 anys abans que la generaci\u00f3 dels seus pares - MGC M\u00fatua","isPartOf":{"@id":"https:\/\/www.mgc.es\/#website"},"primaryImageOfPage":{"@id":"https:\/\/www.mgc.es\/ca\/blog\/les-persones-joves-sestan-exposant-a-quedar-se-sords-30-anys-abans-que-la-generacio-dels-seus-pares\/#primaryimage"},"image":{"@id":"https:\/\/www.mgc.es\/ca\/blog\/les-persones-joves-sestan-exposant-a-quedar-se-sords-30-anys-abans-que-la-generacio-dels-seus-pares\/#primaryimage"},"thumbnailUrl":"https:\/\/www.mgc.es\/wp-content\/uploads\/2019\/11\/otorrino_cast.gif","datePublished":"2013-04-08T22:00:00+00:00","dateModified":"2019-11-22T11:43:46+00:00","breadcrumb":{"@id":"https:\/\/www.mgc.es\/ca\/blog\/les-persones-joves-sestan-exposant-a-quedar-se-sords-30-anys-abans-que-la-generacio-dels-seus-pares\/#breadcrumb"},"inLanguage":"ca","potentialAction":[{"@type":"ReadAction","target":["https:\/\/www.mgc.es\/ca\/blog\/les-persones-joves-sestan-exposant-a-quedar-se-sords-30-anys-abans-que-la-generacio-dels-seus-pares\/"]}]},{"@type":"ImageObject","inLanguage":"ca","@id":"https:\/\/www.mgc.es\/ca\/blog\/les-persones-joves-sestan-exposant-a-quedar-se-sords-30-anys-abans-que-la-generacio-dels-seus-pares\/#primaryimage","url":"https:\/\/www.mgc.es\/wp-content\/uploads\/2019\/11\/otorrino_cast.gif","contentUrl":"https:\/\/www.mgc.es\/wp-content\/uploads\/2019\/11\/otorrino_cast.gif","width":678,"height":465},{"@type":"BreadcrumbList","@id":"https:\/\/www.mgc.es\/ca\/blog\/les-persones-joves-sestan-exposant-a-quedar-se-sords-30-anys-abans-que-la-generacio-dels-seus-pares\/#breadcrumb","itemListElement":[{"@type":"ListItem","position":1,"name":"Home","item":"https:\/\/www.mgc.es\/ca\/"},{"@type":"ListItem","position":2,"name":"Les persones joves s&#8217;estan exposant a quedar-se sords 30 anys abans que la generaci\u00f3 dels seus pares"}]},{"@type":"WebSite","@id":"https:\/\/www.mgc.es\/#website","url":"https:\/\/www.mgc.es\/","name":"MGC M\u00fatua","description":"MGC M\u00fatua \u00e9s una entitat asseguradora sense \u00e0nim de lucre constitu\u00efda al 1982 i especialitzada en assegurances de salut i assist\u00e8ncia.","publisher":{"@id":"https:\/\/www.mgc.es\/#organization"},"alternateName":"MGC","potentialAction":[{"@type":"SearchAction","target":{"@type":"EntryPoint","urlTemplate":"https:\/\/www.mgc.es\/?s={search_term_string}"},"query-input":{"@type":"PropertyValueSpecification","valueRequired":true,"valueName":"search_term_string"}}],"inLanguage":"ca"},{"@type":"Organization","@id":"https:\/\/www.mgc.es\/#organization","name":"MGC Mutua","alternateName":"MGC","url":"https:\/\/www.mgc.es\/","logo":{"@type":"ImageObject","inLanguage":"ca","@id":"https:\/\/www.mgc.es\/#\/schema\/logo\/image\/","url":"https:\/\/www.mgc.es\/wp-content\/uploads\/2020\/03\/mgcmutua_h2_2t_reduccions.png","contentUrl":"https:\/\/www.mgc.es\/wp-content\/uploads\/2020\/03\/mgcmutua_h2_2t_reduccions.png","width":303,"height":165,"caption":"MGC Mutua"},"image":{"@id":"https:\/\/www.mgc.es\/#\/schema\/logo\/image\/"},"sameAs":["https:\/\/www.facebook.com\/mgcmutua","https:\/\/x.com\/mgcmutua","https:\/\/www.youtube.com\/c\/MGCMutua"]},{"@type":"Person","@id":"https:\/\/www.mgc.es\/#\/schema\/person\/010c961d9c9acf38f11187a02b646c16","name":"Revista Inter\u00e8s Mutu","image":{"@type":"ImageObject","inLanguage":"ca","@id":"https:\/\/secure.gravatar.com\/avatar\/52302d684339b9d7bf5691e2ad00835d62ce3b4a435f21ca9f21fbe39c63cb1b?s=96&d=mm&r=g","url":"https:\/\/secure.gravatar.com\/avatar\/52302d684339b9d7bf5691e2ad00835d62ce3b4a435f21ca9f21fbe39c63cb1b?s=96&d=mm&r=g","contentUrl":"https:\/\/secure.gravatar.com\/avatar\/52302d684339b9d7bf5691e2ad00835d62ce3b4a435f21ca9f21fbe39c63cb1b?s=96&d=mm&r=g","caption":"Revista Inter\u00e8s Mutu"}}]}},"_links":{"self":[{"href":"https:\/\/www.mgc.es\/ca\/wp-json\/wp\/v2\/posts\/11414","targetHints":{"allow":["GET"]}}],"collection":[{"href":"https:\/\/www.mgc.es\/ca\/wp-json\/wp\/v2\/posts"}],"about":[{"href":"https:\/\/www.mgc.es\/ca\/wp-json\/wp\/v2\/types\/post"}],"author":[{"embeddable":true,"href":"https:\/\/www.mgc.es\/ca\/wp-json\/wp\/v2\/users\/3"}],"replies":[{"embeddable":true,"href":"https:\/\/www.mgc.es\/ca\/wp-json\/wp\/v2\/comments?post=11414"}],"version-history":[{"count":1,"href":"https:\/\/www.mgc.es\/ca\/wp-json\/wp\/v2\/posts\/11414\/revisions"}],"predecessor-version":[{"id":14931,"href":"https:\/\/www.mgc.es\/ca\/wp-json\/wp\/v2\/posts\/11414\/revisions\/14931"}],"wp:featuredmedia":[{"embeddable":true,"href":"https:\/\/www.mgc.es\/ca\/wp-json\/wp\/v2\/media\/13600"}],"wp:attachment":[{"href":"https:\/\/www.mgc.es\/ca\/wp-json\/wp\/v2\/media?parent=11414"}],"wp:term":[{"taxonomy":"category","embeddable":true,"href":"https:\/\/www.mgc.es\/ca\/wp-json\/wp\/v2\/categories?post=11414"},{"taxonomy":"post_tag","embeddable":true,"href":"https:\/\/www.mgc.es\/ca\/wp-json\/wp\/v2\/tags?post=11414"}],"curies":[{"name":"wp","href":"https:\/\/api.w.org\/{rel}","templated":true}]}}