{"id":11399,"date":"2019-09-25T00:00:00","date_gmt":"2019-09-24T22:00:00","guid":{"rendered":"http:\/\/web-server-devel.mgc.es\/una-geniva-sana-mai-sagna\/"},"modified":"2020-02-12T17:23:00","modified_gmt":"2020-02-12T16:23:00","slug":"una-geniva-sana-mai-sagna","status":"publish","type":"post","link":"https:\/\/www.mgc.es\/ca\/blog\/una-geniva-sana-mai-sagna\/","title":{"rendered":"Una geniva sana mai sagna"},"content":{"rendered":"<div id=\"ez-toc-container\" class=\"ez-toc-v2_0_82_1 counter-hierarchy ez-toc-counter ez-toc-custom ez-toc-container-direction\">\n<div class=\"ez-toc-title-container\"><p class=\"ez-toc-title\" style=\"cursor:inherit\">\u00cdndex de continguts<\/p>\n<\/div><nav><ul class='ez-toc-list ez-toc-list-level-1 ' ><li class='ez-toc-page-1 ez-toc-heading-level-2'><a class=\"ez-toc-link ez-toc-heading-1\" href=\"https:\/\/www.mgc.es\/ca\/blog\/una-geniva-sana-mai-sagna\/#Una_malaltia_molt_frequent\" >Una malaltia molt freq\u00fcent<\/a><\/li><li class='ez-toc-page-1 ez-toc-heading-level-2'><a class=\"ez-toc-link ez-toc-heading-2\" href=\"https:\/\/www.mgc.es\/ca\/blog\/una-geniva-sana-mai-sagna\/#Una_bona_higiene\" >Una bona higiene<\/a><\/li><\/ul><\/nav><\/div>\n\n<div class=\"wp-block-image\"><figure class=\"aligncenter\"><img decoding=\"async\" src=\"https:\/\/www.mgc.es\/wp-content\/uploads\/2012\/09\/genives.jpg\" alt=\"\" class=\"wp-image-398\"\/><\/figure><\/div>\n\n\n\n<p><strong>El terme malaltia periodontal (antigament piorrea) descriu una infecci\u00f3 localitzada que afecta els teixits que suporten i envolten les dents.<\/strong><\/p>\n\n\n\n<p>Aquesta sol presentar-se en forma de gingivitis, que \u00e9s una condici\u00f3 reversible on es produeix una inflamaci\u00f3 dels teixits situats al voltant de les dents. Les persones amb gingivitis tenen les genives toves i vermelloses i poden sagnar sota una pressi\u00f3 moderada com el raspallat de les dents.<\/p>\n\n\n\n<!--more-->\n\n\n\n<p>La periodontitis \u00e9s una afecci\u00f3 inflamat\u00f2ria progressiva que destrueix les fibres de la geniva que envolten la dent. Igualment, es produeix la p\u00e8rdua de l&#8217;os adjacent i pot, eventualment, ocasionar la p\u00e8rdua de les dents.<\/p>\n\n\n\n<h2 class=\"wp-block-heading\"><span class=\"ez-toc-section\" id=\"Una_malaltia_molt_frequent\"><\/span>Una malaltia molt freq\u00fcent<span class=\"ez-toc-section-end\"><\/span><\/h2>\n\n\n\n<p>La malaltia periodontal o periodontitis \u00e9s molt freq\u00fcent: aproximadament el 50% dels adults sagnen per les genives i m\u00e9s del 80% mostren una evid\u00e8ncia objectiva de malaltia periodontal. La prevalen\u00e7a i severitat de la malaltia augmenta significativament amb l&#8217;edat. El 8% dels adults menors de 65 anys i el 34% dels majors de 65 anys mostren evid\u00e8ncies d&#8217;una destrucci\u00f3 dels teixits que envolten la dent de forma avan\u00e7ada.<\/p>\n\n\n\n<p>La severitat de la malaltia periodontal \u00e9s tamb\u00e9 major en les persones amb diabetis i, a m\u00e9s, en pacients amb altres factors de risc com els fumadors, pacients amb canvis hormonals i els sotmesos a estats d&#8217;estr\u00e8s.<\/p>\n\n\n\n<p>Per a tothom, la clau per prevenir la malaltia periodontal es troba en una bona higiene oral i un manteniment dental regular. S&#8217;ha de tenir en compte, tamb\u00e9, que en els pacients diab\u00e8tics es crucial el bon control de la gluc\u00e8mia: la diabetis mal controlada afavoreix o promou el desenvolupament de la malaltia periodontal.<\/p>\n\n\n\n<h2 class=\"wp-block-heading\"><span class=\"ez-toc-section\" id=\"Una_bona_higiene\"><\/span>Una bona higiene<span class=\"ez-toc-section-end\"><\/span><\/h2>\n\n\n\n<p>Per a eliminar la placa bacteriana de les dents cal actuar de la seg\u00fcent manera:<\/p>\n\n\n\n<ul class=\"wp-block-list\"><li>Raspallant-se les dents amb un raspall suau i una pasta dent\u00edfrica fluorada tres cops al dia, especialment abans d&#8217;anar a dormir.<\/li><li>Rentar curosament el raspall despr\u00e9s de cada rentat, guardant-lo verticalment (amb les cedres cap a dalt) i substituir-lo com a m\u00ednim cada tres mesos (els raspalls poden mantenir bacteris)<\/li><li>Utilitzar fil dental, raspalls interproximals, col\u00b7lutoris com ajuda qu\u00edmica per complementar al raspallat, netejadors de ponts, polvoritzadors o d&#8217;altres accessoris de neteja que els hagi recomanat el seu dentista\/periodont\u00f2leg.<\/li><li>Destacar la import\u00e0ncia d&#8217;una revisi\u00f3 regular de la seva dentadura com a m\u00ednim un cop cada 6 mesos en les visites de manteniment (o d&#8217;acord amb la freq\u00fc\u00e8ncia recomanada pel Periodont\u00f2leg)<\/li><li>Animar el pacient per a que demani al seu Periodont\u00f2leg\/Odont\u00f2leg\/Higienista instruccions o accessoris que li permetin cuidar millor de la seva salut dental.<\/li><li>Recomanar al pacient per a que visiti a l&#8217;odont\u00f2leg si t\u00e9 halitosi (mal al\u00e8), mal sabor de boca, genives sagnants o inflamades, si t\u00e9 dificultat per mastegar o si se li mouen les dents.<\/li><\/ul>\n\n\n\n<p>Normalment acudim a l&#8217;odont\u00f2leg quan la malaltia periodontal porta anys evolucionant, el que planteja problemes m\u00e9s complexos. Una geniva sana mai sagna. Per tant, \u00e9s molt important aconseguir una prevenci\u00f3 adequada per a que la malaltia no aparegui.<\/p>\n\n\n\n<p>Marzia Savoini \u00e9s odont\u00f2loga-periodoncista a <a href=\"https:\/\/www.belodonte.es\/es\">Cl\u00ednica Belodonte.<\/a><\/p>\n","protected":false},"excerpt":{"rendered":"<p>El terme malaltia periodontal (antigament piorrea) descriu una infecci\u00f3 localitzada que afecta els teixits que suporten i envolten les dents.<\/p>\n","protected":false},"author":3,"featured_media":13545,"comment_status":"open","ping_status":"open","sticky":false,"template":"","format":"standard","meta":{"footnotes":""},"categories":[997,15],"tags":[481],"class_list":["post-11399","post","type-post","status-publish","format-standard","has-post-thumbnail","hentry","category-odontologia","category-salut","tag-prevencio"],"featured_image_src":"https:\/\/www.mgc.es\/wp-content\/uploads\/2019\/11\/genives.jpg","author_info":{"display_name":"Revista Inter\u00e8s Mutu","author_link":"https:\/\/www.mgc.es\/ca\/blog\/author\/interesmutu\/"},"yoast_head":"<!-- This site is optimized with the Yoast SEO plugin v27.2 - https:\/\/yoast.com\/product\/yoast-seo-wordpress\/ -->\n<title>Una geniva sana mai sagna - MGC M\u00fatua<\/title>\n<meta name=\"robots\" content=\"index, follow, max-snippet:-1, max-image-preview:large, max-video-preview:-1\" \/>\n<link rel=\"canonical\" href=\"https:\/\/www.mgc.es\/ca\/blog\/una-geniva-sana-mai-sagna\/\" \/>\n<meta property=\"og:locale\" content=\"ca_ES\" \/>\n<meta property=\"og:type\" content=\"article\" \/>\n<meta property=\"og:title\" content=\"Una geniva sana mai sagna - MGC M\u00fatua\" \/>\n<meta property=\"og:description\" content=\"El terme malaltia periodontal (antigament piorrea) descriu una infecci\u00f3 localitzada que afecta els teixits que suporten i envolten les dents.\" \/>\n<meta property=\"og:url\" content=\"https:\/\/www.mgc.es\/ca\/blog\/una-geniva-sana-mai-sagna\/\" \/>\n<meta property=\"og:site_name\" content=\"MGC M\u00fatua\" \/>\n<meta property=\"article:publisher\" content=\"https:\/\/www.facebook.com\/mgcmutua\" \/>\n<meta property=\"article:published_time\" content=\"2019-09-24T22:00:00+00:00\" \/>\n<meta property=\"article:modified_time\" content=\"2020-02-12T16:23:00+00:00\" \/>\n<meta property=\"og:image\" content=\"https:\/\/www.mgc.es\/wp-content\/uploads\/2019\/11\/genives.jpg\" \/>\n\t<meta property=\"og:image:width\" content=\"678\" \/>\n\t<meta property=\"og:image:height\" content=\"533\" \/>\n\t<meta property=\"og:image:type\" content=\"image\/jpeg\" \/>\n<meta name=\"author\" content=\"Revista Inter\u00e8s Mutu\" \/>\n<meta name=\"twitter:card\" content=\"summary_large_image\" \/>\n<meta name=\"twitter:creator\" content=\"@mgcmutua\" \/>\n<meta name=\"twitter:site\" content=\"@mgcmutua\" \/>\n<meta name=\"twitter:label1\" content=\"Escrit per\" \/>\n\t<meta name=\"twitter:data1\" content=\"Revista Inter\u00e8s Mutu\" \/>\n\t<meta name=\"twitter:label2\" content=\"Temps estimat de lectura\" \/>\n\t<meta name=\"twitter:data2\" content=\"3 minuts\" \/>\n<!-- \/ Yoast SEO plugin. -->","yoast_head_json":{"title":"Una geniva sana mai sagna - MGC M\u00fatua","robots":{"index":"index","follow":"follow","max-snippet":"max-snippet:-1","max-image-preview":"max-image-preview:large","max-video-preview":"max-video-preview:-1"},"canonical":"https:\/\/www.mgc.es\/ca\/blog\/una-geniva-sana-mai-sagna\/","og_locale":"ca_ES","og_type":"article","og_title":"Una geniva sana mai sagna - MGC M\u00fatua","og_description":"El terme malaltia periodontal (antigament piorrea) descriu una infecci\u00f3 localitzada que afecta els teixits que suporten i envolten les dents.","og_url":"https:\/\/www.mgc.es\/ca\/blog\/una-geniva-sana-mai-sagna\/","og_site_name":"MGC M\u00fatua","article_publisher":"https:\/\/www.facebook.com\/mgcmutua","article_published_time":"2019-09-24T22:00:00+00:00","article_modified_time":"2020-02-12T16:23:00+00:00","og_image":[{"width":678,"height":533,"url":"https:\/\/www.mgc.es\/wp-content\/uploads\/2019\/11\/genives.jpg","type":"image\/jpeg"}],"author":"Revista Inter\u00e8s Mutu","twitter_card":"summary_large_image","twitter_creator":"@mgcmutua","twitter_site":"@mgcmutua","twitter_misc":{"Escrit per":"Revista Inter\u00e8s Mutu","Temps estimat de lectura":"3 minuts"},"schema":{"@context":"https:\/\/schema.org","@graph":[{"@type":["Article","BlogPosting"],"@id":"https:\/\/www.mgc.es\/ca\/blog\/una-geniva-sana-mai-sagna\/#article","isPartOf":{"@id":"https:\/\/www.mgc.es\/ca\/blog\/una-geniva-sana-mai-sagna\/"},"author":{"name":"Revista Inter\u00e8s Mutu","@id":"https:\/\/www.mgc.es\/#\/schema\/person\/010c961d9c9acf38f11187a02b646c16"},"headline":"Una geniva sana mai sagna","datePublished":"2019-09-24T22:00:00+00:00","dateModified":"2020-02-12T16:23:00+00:00","mainEntityOfPage":{"@id":"https:\/\/www.mgc.es\/ca\/blog\/una-geniva-sana-mai-sagna\/"},"wordCount":529,"commentCount":0,"publisher":{"@id":"https:\/\/www.mgc.es\/#organization"},"image":{"@id":"https:\/\/www.mgc.es\/ca\/blog\/una-geniva-sana-mai-sagna\/#primaryimage"},"thumbnailUrl":"https:\/\/www.mgc.es\/wp-content\/uploads\/2019\/11\/genives.jpg","keywords":["prevenci\u00f3"],"articleSection":["Odontologia","Salut i medicina"],"inLanguage":"ca","potentialAction":[{"@type":"CommentAction","name":"Comment","target":["https:\/\/www.mgc.es\/ca\/blog\/una-geniva-sana-mai-sagna\/#respond"]}]},{"@type":["WebPage","ItemPage"],"@id":"https:\/\/www.mgc.es\/ca\/blog\/una-geniva-sana-mai-sagna\/","url":"https:\/\/www.mgc.es\/ca\/blog\/una-geniva-sana-mai-sagna\/","name":"Una geniva sana mai sagna - MGC M\u00fatua","isPartOf":{"@id":"https:\/\/www.mgc.es\/#website"},"primaryImageOfPage":{"@id":"https:\/\/www.mgc.es\/ca\/blog\/una-geniva-sana-mai-sagna\/#primaryimage"},"image":{"@id":"https:\/\/www.mgc.es\/ca\/blog\/una-geniva-sana-mai-sagna\/#primaryimage"},"thumbnailUrl":"https:\/\/www.mgc.es\/wp-content\/uploads\/2019\/11\/genives.jpg","datePublished":"2019-09-24T22:00:00+00:00","dateModified":"2020-02-12T16:23:00+00:00","breadcrumb":{"@id":"https:\/\/www.mgc.es\/ca\/blog\/una-geniva-sana-mai-sagna\/#breadcrumb"},"inLanguage":"ca","potentialAction":[{"@type":"ReadAction","target":["https:\/\/www.mgc.es\/ca\/blog\/una-geniva-sana-mai-sagna\/"]}]},{"@type":"ImageObject","inLanguage":"ca","@id":"https:\/\/www.mgc.es\/ca\/blog\/una-geniva-sana-mai-sagna\/#primaryimage","url":"https:\/\/www.mgc.es\/wp-content\/uploads\/2019\/11\/genives.jpg","contentUrl":"https:\/\/www.mgc.es\/wp-content\/uploads\/2019\/11\/genives.jpg","width":678,"height":533},{"@type":"BreadcrumbList","@id":"https:\/\/www.mgc.es\/ca\/blog\/una-geniva-sana-mai-sagna\/#breadcrumb","itemListElement":[{"@type":"ListItem","position":1,"name":"Home","item":"https:\/\/www.mgc.es\/ca\/"},{"@type":"ListItem","position":2,"name":"Una geniva sana mai sagna"}]},{"@type":"WebSite","@id":"https:\/\/www.mgc.es\/#website","url":"https:\/\/www.mgc.es\/","name":"MGC M\u00fatua","description":"MGC M\u00fatua \u00e9s una entitat asseguradora sense \u00e0nim de lucre constitu\u00efda al 1982 i especialitzada en assegurances de salut i assist\u00e8ncia.","publisher":{"@id":"https:\/\/www.mgc.es\/#organization"},"alternateName":"MGC","potentialAction":[{"@type":"SearchAction","target":{"@type":"EntryPoint","urlTemplate":"https:\/\/www.mgc.es\/?s={search_term_string}"},"query-input":{"@type":"PropertyValueSpecification","valueRequired":true,"valueName":"search_term_string"}}],"inLanguage":"ca"},{"@type":"Organization","@id":"https:\/\/www.mgc.es\/#organization","name":"MGC Mutua","alternateName":"MGC","url":"https:\/\/www.mgc.es\/","logo":{"@type":"ImageObject","inLanguage":"ca","@id":"https:\/\/www.mgc.es\/#\/schema\/logo\/image\/","url":"https:\/\/www.mgc.es\/wp-content\/uploads\/2020\/03\/mgcmutua_h2_2t_reduccions.png","contentUrl":"https:\/\/www.mgc.es\/wp-content\/uploads\/2020\/03\/mgcmutua_h2_2t_reduccions.png","width":303,"height":165,"caption":"MGC Mutua"},"image":{"@id":"https:\/\/www.mgc.es\/#\/schema\/logo\/image\/"},"sameAs":["https:\/\/www.facebook.com\/mgcmutua","https:\/\/x.com\/mgcmutua","https:\/\/www.youtube.com\/c\/MGCMutua"]},{"@type":"Person","@id":"https:\/\/www.mgc.es\/#\/schema\/person\/010c961d9c9acf38f11187a02b646c16","name":"Revista Inter\u00e8s Mutu","image":{"@type":"ImageObject","inLanguage":"ca","@id":"https:\/\/secure.gravatar.com\/avatar\/52302d684339b9d7bf5691e2ad00835d62ce3b4a435f21ca9f21fbe39c63cb1b?s=96&d=mm&r=g","url":"https:\/\/secure.gravatar.com\/avatar\/52302d684339b9d7bf5691e2ad00835d62ce3b4a435f21ca9f21fbe39c63cb1b?s=96&d=mm&r=g","contentUrl":"https:\/\/secure.gravatar.com\/avatar\/52302d684339b9d7bf5691e2ad00835d62ce3b4a435f21ca9f21fbe39c63cb1b?s=96&d=mm&r=g","caption":"Revista Inter\u00e8s Mutu"}}]}},"_links":{"self":[{"href":"https:\/\/www.mgc.es\/ca\/wp-json\/wp\/v2\/posts\/11399","targetHints":{"allow":["GET"]}}],"collection":[{"href":"https:\/\/www.mgc.es\/ca\/wp-json\/wp\/v2\/posts"}],"about":[{"href":"https:\/\/www.mgc.es\/ca\/wp-json\/wp\/v2\/types\/post"}],"author":[{"embeddable":true,"href":"https:\/\/www.mgc.es\/ca\/wp-json\/wp\/v2\/users\/3"}],"replies":[{"embeddable":true,"href":"https:\/\/www.mgc.es\/ca\/wp-json\/wp\/v2\/comments?post=11399"}],"version-history":[{"count":4,"href":"https:\/\/www.mgc.es\/ca\/wp-json\/wp\/v2\/posts\/11399\/revisions"}],"predecessor-version":[{"id":17548,"href":"https:\/\/www.mgc.es\/ca\/wp-json\/wp\/v2\/posts\/11399\/revisions\/17548"}],"wp:featuredmedia":[{"embeddable":true,"href":"https:\/\/www.mgc.es\/ca\/wp-json\/wp\/v2\/media\/13545"}],"wp:attachment":[{"href":"https:\/\/www.mgc.es\/ca\/wp-json\/wp\/v2\/media?parent=11399"}],"wp:term":[{"taxonomy":"category","embeddable":true,"href":"https:\/\/www.mgc.es\/ca\/wp-json\/wp\/v2\/categories?post=11399"},{"taxonomy":"post_tag","embeddable":true,"href":"https:\/\/www.mgc.es\/ca\/wp-json\/wp\/v2\/tags?post=11399"}],"curies":[{"name":"wp","href":"https:\/\/api.w.org\/{rel}","templated":true}]}}