{"id":11393,"date":"2012-08-31T00:00:00","date_gmt":"2012-08-30T22:00:00","guid":{"rendered":"http:\/\/web-server-devel.mgc.es\/daniel-redondo-nou-director-general-de-mutua-general-de-catalunya\/"},"modified":"2023-01-12T11:31:20","modified_gmt":"2023-01-12T10:31:20","slug":"daniel-redondo-nou-director-general-de-mutua-general-de-catalunya","status":"publish","type":"post","link":"https:\/\/www.mgc.es\/ca\/blog\/daniel-redondo-nou-director-general-de-mutua-general-de-catalunya\/","title":{"rendered":"Daniel Redondo, nou director general de M\u00fatua General de Catalunya"},"content":{"rendered":"<div class=\"wp-block-image\">\n<figure class=\"alignright\"><img decoding=\"async\" src=\"https:\/\/www.mgc.es\/wp-content\/uploads\/2012\/06\/DanielRedondo_baixa.jpg\" alt=\"Daniel Redondo, nou director general de la M\u00fatua General de Catalunya\" class=\"wp-image-180\" title=\"Daniel Redondo, nou director general de la M\u00fatua General de Catalunya\"\/><\/figure>\n<\/div>\n\n\n<p>Ocupant el c\u00e0rrec de Director General Adjunt des de 2006 i anteriorment, el de Sotsdirector General, <strong>Daniel Redondo Garc\u00eda ha estat nomenat Director General de M\u00fatua General de Catalunya<\/strong> <strong>amb efectes de l&#8217;1 de maig,<\/strong> amb depend\u00e8ncia directa del Dr. Bartomeu Vicens, Conseller Delegat.<\/p>\n\n\n\n<p><strong>Daniel Redondo<\/strong> substitueix en les seves funcions al Dr. Bartomeu Vicens, que ha estat Director General de M\u00fatua General de Catalunya els darrers 25 anys, c\u00e0rrec que ha compaginat amb el de Conseller Delegat des de la transformaci\u00f3 de l&#8217;entitat en m\u00fatua d&#8217;assegurances generals el 2010.<\/p>\n\n\n\n<!--more-->\n\n\n\n<p><strong>Daniel Redondo<\/strong> \u00e9s llicenciat en Dret i advocat, agent i corredor d&#8217;assegurances, diplomat en estudis tributaris per la Fundaci\u00f3 Universit\u00e0ria Sant Pau (Abat Oliva), membre de l&#8217;AEAF (Associaci\u00f3 Espanyola d&#8217;Assessors Fiscals) i MBA per ESADE. Es va incorporar a la M\u00fatua fa 21 anys i en les seves expectatives de futur ent\u00e9n que per assolir l&#8217;\u00e8xit en la tasca de dirigir la M\u00fatua <em>&#8220;necessitarem a tothom molt implicat, perqu\u00e8 \u00fanicament prenent en consideraci\u00f3 l\u2019entorn actual ja se\u2019ns planteja un repte for\u00e7a important&#8221;.<\/em><\/p>\n","protected":false},"excerpt":{"rendered":"<p>Ocupant el c\u00e0rrec de Director General Adjunt des de 2006 i anteriorment, el de Sotsdirector General, Daniel Redondo Garc\u00eda ha estat nomenat Director General de M\u00fatua General de Catalunya amb efectes de l&#8217;1 de maig.<\/p>\n","protected":false},"author":3,"featured_media":27621,"comment_status":"open","ping_status":"open","sticky":false,"template":"","format":"standard","meta":{"footnotes":""},"categories":[11],"tags":[],"class_list":["post-11393","post","type-post","status-publish","format-standard","has-post-thumbnail","hentry","category-actualitat"],"featured_image_src":"https:\/\/www.mgc.es\/wp-content\/uploads\/2012\/08\/P1030390-B.jpg","author_info":{"display_name":"Revista Inter\u00e8s Mutu","author_link":"https:\/\/www.mgc.es\/ca\/blog\/author\/interesmutu\/"},"yoast_head":"<!-- This site is optimized with the Yoast SEO plugin v27.2 - https:\/\/yoast.com\/product\/yoast-seo-wordpress\/ -->\n<title>Daniel Redondo, nou director general de M\u00fatua General de Catalunya - MGC M\u00fatua<\/title>\n<meta name=\"robots\" content=\"index, follow, max-snippet:-1, max-image-preview:large, max-video-preview:-1\" \/>\n<link rel=\"canonical\" href=\"https:\/\/www.mgc.es\/ca\/blog\/daniel-redondo-nou-director-general-de-mutua-general-de-catalunya\/\" \/>\n<meta property=\"og:locale\" content=\"ca_ES\" \/>\n<meta property=\"og:type\" content=\"article\" \/>\n<meta property=\"og:title\" content=\"Daniel Redondo, nou director general de M\u00fatua General de Catalunya - MGC M\u00fatua\" \/>\n<meta property=\"og:description\" content=\"Ocupant el c\u00e0rrec de Director General Adjunt des de 2006 i anteriorment, el de Sotsdirector General, Daniel Redondo Garc\u00eda ha estat nomenat Director General de M\u00fatua General de Catalunya amb efectes de l&#039;1 de maig.\" \/>\n<meta property=\"og:url\" content=\"https:\/\/www.mgc.es\/ca\/blog\/daniel-redondo-nou-director-general-de-mutua-general-de-catalunya\/\" \/>\n<meta property=\"og:site_name\" content=\"MGC M\u00fatua\" \/>\n<meta property=\"article:publisher\" content=\"https:\/\/www.facebook.com\/mgcmutua\" \/>\n<meta property=\"article:published_time\" content=\"2012-08-30T22:00:00+00:00\" \/>\n<meta property=\"article:modified_time\" content=\"2023-01-12T10:31:20+00:00\" \/>\n<meta property=\"og:image\" content=\"https:\/\/www.mgc.es\/wp-content\/uploads\/2012\/08\/P1030390-B.jpg\" \/>\n\t<meta property=\"og:image:width\" content=\"2133\" \/>\n\t<meta property=\"og:image:height\" content=\"1737\" \/>\n\t<meta property=\"og:image:type\" content=\"image\/jpeg\" \/>\n<meta name=\"author\" content=\"Revista Inter\u00e8s Mutu\" \/>\n<meta name=\"twitter:card\" content=\"summary_large_image\" \/>\n<meta name=\"twitter:creator\" content=\"@mgcmutua\" \/>\n<meta name=\"twitter:site\" content=\"@mgcmutua\" \/>\n<meta name=\"twitter:label1\" content=\"Escrit per\" \/>\n\t<meta name=\"twitter:data1\" content=\"Revista Inter\u00e8s Mutu\" \/>\n\t<meta name=\"twitter:label2\" content=\"Temps estimat de lectura\" \/>\n\t<meta name=\"twitter:data2\" content=\"1 minut\" \/>\n<!-- \/ Yoast SEO plugin. -->","yoast_head_json":{"title":"Daniel Redondo, nou director general de M\u00fatua General de Catalunya - MGC M\u00fatua","robots":{"index":"index","follow":"follow","max-snippet":"max-snippet:-1","max-image-preview":"max-image-preview:large","max-video-preview":"max-video-preview:-1"},"canonical":"https:\/\/www.mgc.es\/ca\/blog\/daniel-redondo-nou-director-general-de-mutua-general-de-catalunya\/","og_locale":"ca_ES","og_type":"article","og_title":"Daniel Redondo, nou director general de M\u00fatua General de Catalunya - MGC M\u00fatua","og_description":"Ocupant el c\u00e0rrec de Director General Adjunt des de 2006 i anteriorment, el de Sotsdirector General, Daniel Redondo Garc\u00eda ha estat nomenat Director General de M\u00fatua General de Catalunya amb efectes de l'1 de maig.","og_url":"https:\/\/www.mgc.es\/ca\/blog\/daniel-redondo-nou-director-general-de-mutua-general-de-catalunya\/","og_site_name":"MGC M\u00fatua","article_publisher":"https:\/\/www.facebook.com\/mgcmutua","article_published_time":"2012-08-30T22:00:00+00:00","article_modified_time":"2023-01-12T10:31:20+00:00","og_image":[{"width":2133,"height":1737,"url":"https:\/\/www.mgc.es\/wp-content\/uploads\/2012\/08\/P1030390-B.jpg","type":"image\/jpeg"}],"author":"Revista Inter\u00e8s Mutu","twitter_card":"summary_large_image","twitter_creator":"@mgcmutua","twitter_site":"@mgcmutua","twitter_misc":{"Escrit per":"Revista Inter\u00e8s Mutu","Temps estimat de lectura":"1 minut"},"schema":{"@context":"https:\/\/schema.org","@graph":[{"@type":["Article","BlogPosting"],"@id":"https:\/\/www.mgc.es\/ca\/blog\/daniel-redondo-nou-director-general-de-mutua-general-de-catalunya\/#article","isPartOf":{"@id":"https:\/\/www.mgc.es\/ca\/blog\/daniel-redondo-nou-director-general-de-mutua-general-de-catalunya\/"},"author":{"name":"Revista Inter\u00e8s Mutu","@id":"https:\/\/www.mgc.es\/#\/schema\/person\/010c961d9c9acf38f11187a02b646c16"},"headline":"Daniel Redondo, nou director general de M\u00fatua General de Catalunya","datePublished":"2012-08-30T22:00:00+00:00","dateModified":"2023-01-12T10:31:20+00:00","mainEntityOfPage":{"@id":"https:\/\/www.mgc.es\/ca\/blog\/daniel-redondo-nou-director-general-de-mutua-general-de-catalunya\/"},"wordCount":194,"commentCount":0,"publisher":{"@id":"https:\/\/www.mgc.es\/#organization"},"image":{"@id":"https:\/\/www.mgc.es\/ca\/blog\/daniel-redondo-nou-director-general-de-mutua-general-de-catalunya\/#primaryimage"},"thumbnailUrl":"https:\/\/www.mgc.es\/wp-content\/uploads\/2012\/08\/P1030390-B.jpg","articleSection":["Actualitat M\u00fatua"],"inLanguage":"ca","potentialAction":[{"@type":"CommentAction","name":"Comment","target":["https:\/\/www.mgc.es\/ca\/blog\/daniel-redondo-nou-director-general-de-mutua-general-de-catalunya\/#respond"]}]},{"@type":["WebPage","ItemPage"],"@id":"https:\/\/www.mgc.es\/ca\/blog\/daniel-redondo-nou-director-general-de-mutua-general-de-catalunya\/","url":"https:\/\/www.mgc.es\/ca\/blog\/daniel-redondo-nou-director-general-de-mutua-general-de-catalunya\/","name":"Daniel Redondo, nou director general de M\u00fatua General de Catalunya - MGC M\u00fatua","isPartOf":{"@id":"https:\/\/www.mgc.es\/#website"},"primaryImageOfPage":{"@id":"https:\/\/www.mgc.es\/ca\/blog\/daniel-redondo-nou-director-general-de-mutua-general-de-catalunya\/#primaryimage"},"image":{"@id":"https:\/\/www.mgc.es\/ca\/blog\/daniel-redondo-nou-director-general-de-mutua-general-de-catalunya\/#primaryimage"},"thumbnailUrl":"https:\/\/www.mgc.es\/wp-content\/uploads\/2012\/08\/P1030390-B.jpg","datePublished":"2012-08-30T22:00:00+00:00","dateModified":"2023-01-12T10:31:20+00:00","breadcrumb":{"@id":"https:\/\/www.mgc.es\/ca\/blog\/daniel-redondo-nou-director-general-de-mutua-general-de-catalunya\/#breadcrumb"},"inLanguage":"ca","potentialAction":[{"@type":"ReadAction","target":["https:\/\/www.mgc.es\/ca\/blog\/daniel-redondo-nou-director-general-de-mutua-general-de-catalunya\/"]}]},{"@type":"ImageObject","inLanguage":"ca","@id":"https:\/\/www.mgc.es\/ca\/blog\/daniel-redondo-nou-director-general-de-mutua-general-de-catalunya\/#primaryimage","url":"https:\/\/www.mgc.es\/wp-content\/uploads\/2012\/08\/P1030390-B.jpg","contentUrl":"https:\/\/www.mgc.es\/wp-content\/uploads\/2012\/08\/P1030390-B.jpg","width":1024,"height":834},{"@type":"BreadcrumbList","@id":"https:\/\/www.mgc.es\/ca\/blog\/daniel-redondo-nou-director-general-de-mutua-general-de-catalunya\/#breadcrumb","itemListElement":[{"@type":"ListItem","position":1,"name":"Home","item":"https:\/\/www.mgc.es\/ca\/"},{"@type":"ListItem","position":2,"name":"Daniel Redondo, nou director general de M\u00fatua General de Catalunya"}]},{"@type":"WebSite","@id":"https:\/\/www.mgc.es\/#website","url":"https:\/\/www.mgc.es\/","name":"MGC M\u00fatua","description":"MGC M\u00fatua \u00e9s una entitat asseguradora sense \u00e0nim de lucre constitu\u00efda al 1982 i especialitzada en assegurances de salut i assist\u00e8ncia.","publisher":{"@id":"https:\/\/www.mgc.es\/#organization"},"alternateName":"MGC","potentialAction":[{"@type":"SearchAction","target":{"@type":"EntryPoint","urlTemplate":"https:\/\/www.mgc.es\/?s={search_term_string}"},"query-input":{"@type":"PropertyValueSpecification","valueRequired":true,"valueName":"search_term_string"}}],"inLanguage":"ca"},{"@type":"Organization","@id":"https:\/\/www.mgc.es\/#organization","name":"MGC Mutua","alternateName":"MGC","url":"https:\/\/www.mgc.es\/","logo":{"@type":"ImageObject","inLanguage":"ca","@id":"https:\/\/www.mgc.es\/#\/schema\/logo\/image\/","url":"https:\/\/www.mgc.es\/wp-content\/uploads\/2020\/03\/mgcmutua_h2_2t_reduccions.png","contentUrl":"https:\/\/www.mgc.es\/wp-content\/uploads\/2020\/03\/mgcmutua_h2_2t_reduccions.png","width":303,"height":165,"caption":"MGC Mutua"},"image":{"@id":"https:\/\/www.mgc.es\/#\/schema\/logo\/image\/"},"sameAs":["https:\/\/www.facebook.com\/mgcmutua","https:\/\/x.com\/mgcmutua","https:\/\/www.youtube.com\/c\/MGCMutua"]},{"@type":"Person","@id":"https:\/\/www.mgc.es\/#\/schema\/person\/010c961d9c9acf38f11187a02b646c16","name":"Revista Inter\u00e8s Mutu","image":{"@type":"ImageObject","inLanguage":"ca","@id":"https:\/\/secure.gravatar.com\/avatar\/52302d684339b9d7bf5691e2ad00835d62ce3b4a435f21ca9f21fbe39c63cb1b?s=96&d=mm&r=g","url":"https:\/\/secure.gravatar.com\/avatar\/52302d684339b9d7bf5691e2ad00835d62ce3b4a435f21ca9f21fbe39c63cb1b?s=96&d=mm&r=g","contentUrl":"https:\/\/secure.gravatar.com\/avatar\/52302d684339b9d7bf5691e2ad00835d62ce3b4a435f21ca9f21fbe39c63cb1b?s=96&d=mm&r=g","caption":"Revista Inter\u00e8s Mutu"}}]}},"_links":{"self":[{"href":"https:\/\/www.mgc.es\/ca\/wp-json\/wp\/v2\/posts\/11393","targetHints":{"allow":["GET"]}}],"collection":[{"href":"https:\/\/www.mgc.es\/ca\/wp-json\/wp\/v2\/posts"}],"about":[{"href":"https:\/\/www.mgc.es\/ca\/wp-json\/wp\/v2\/types\/post"}],"author":[{"embeddable":true,"href":"https:\/\/www.mgc.es\/ca\/wp-json\/wp\/v2\/users\/3"}],"replies":[{"embeddable":true,"href":"https:\/\/www.mgc.es\/ca\/wp-json\/wp\/v2\/comments?post=11393"}],"version-history":[{"count":4,"href":"https:\/\/www.mgc.es\/ca\/wp-json\/wp\/v2\/posts\/11393\/revisions"}],"predecessor-version":[{"id":27617,"href":"https:\/\/www.mgc.es\/ca\/wp-json\/wp\/v2\/posts\/11393\/revisions\/27617"}],"wp:featuredmedia":[{"embeddable":true,"href":"https:\/\/www.mgc.es\/ca\/wp-json\/wp\/v2\/media\/27621"}],"wp:attachment":[{"href":"https:\/\/www.mgc.es\/ca\/wp-json\/wp\/v2\/media?parent=11393"}],"wp:term":[{"taxonomy":"category","embeddable":true,"href":"https:\/\/www.mgc.es\/ca\/wp-json\/wp\/v2\/categories?post=11393"},{"taxonomy":"post_tag","embeddable":true,"href":"https:\/\/www.mgc.es\/ca\/wp-json\/wp\/v2\/tags?post=11393"}],"curies":[{"name":"wp","href":"https:\/\/api.w.org\/{rel}","templated":true}]}}