{"id":11391,"date":"2012-07-01T00:00:00","date_gmt":"2012-06-30T22:00:00","guid":{"rendered":"http:\/\/web-server-devel.mgc.es\/odontofobia-por-al-dentista\/"},"modified":"2020-02-12T17:13:41","modified_gmt":"2020-02-12T16:13:41","slug":"odontofobia-por-al-dentista","status":"publish","type":"post","link":"https:\/\/www.mgc.es\/ca\/blog\/odontofobia-por-al-dentista\/","title":{"rendered":"Odontof\u00f2bia: por al dentista"},"content":{"rendered":"<div id=\"ez-toc-container\" class=\"ez-toc-v2_0_82_1 counter-hierarchy ez-toc-counter ez-toc-custom ez-toc-container-direction\">\n<div class=\"ez-toc-title-container\"><p class=\"ez-toc-title\" style=\"cursor:inherit\">\u00cdndex de continguts<\/p>\n<\/div><nav><ul class='ez-toc-list ez-toc-list-level-1 ' ><li class='ez-toc-page-1 ez-toc-heading-level-2'><a class=\"ez-toc-link ez-toc-heading-1\" href=\"https:\/\/www.mgc.es\/ca\/blog\/odontofobia-por-al-dentista\/#Generar_confianca\" >Generar confian\u00e7a<\/a><\/li><li class='ez-toc-page-1 ez-toc-heading-level-2'><a class=\"ez-toc-link ez-toc-heading-2\" href=\"https:\/\/www.mgc.es\/ca\/blog\/odontofobia-por-al-dentista\/#La_por_en_els_nens\" >La por en els nens<\/a><\/li><li class='ez-toc-page-1 ez-toc-heading-level-2'><a class=\"ez-toc-link ez-toc-heading-3\" href=\"https:\/\/www.mgc.es\/ca\/blog\/odontofobia-por-al-dentista\/#Avencos_tecnologics\" >Aven\u00e7os tecnol\u00f2gics<\/a><\/li><\/ul><\/nav><\/div>\n\n<div class=\"wp-block-image\"><figure class=\"alignleft\"><img decoding=\"async\" src=\"https:\/\/www.mgc.es\/wp-content\/uploads\/2012\/08\/por_dentista_1.jpg\" alt=\"Dentista i infermera treballant a la boca del pacient\" class=\"wp-image-124\"\/><\/figure><\/div>\n\n\n\n<p><strong>S\u00f3n nombrosos els adults que pateixen la anomenada odontof\u00f2bia o f\u00f2bia dental, que s\u2019inclou entre les cinc f\u00f2bies contempor\u00e0nies m\u00e9s importants i prevalents del m\u00f3n.<\/strong><\/p>\n\n\n\n<p>Les persones que la pateixen intenten evitar les visites al dentista per l&#8217;ansietat o per la por que els produeixen. \u00c9s un problema seri\u00f3s ja que, tot i que els que la pateixen reconeixen que el seu temor \u00e9s excessiu, se senten incapa\u00e7os de canviar la situaci\u00f3. Nom\u00e9s visiten el dentista si \u00e9s per for\u00e7a major o quan el patiment f\u00edsic es torna insuportable. No dormir, plorar abans de la cita o patir nervis exagerats mentre romanen a la sala d\u2019espera s\u00f3n alguns dels principals s\u00edmptomes.<\/p>\n\n\n\n<!--more-->\n\n\n\n<p>Existeixen diverses raons per les quals es pot patir aquesta f\u00f2bia. Entre d&#8217;altres, s&#8217;inclouen la por al dolor (gens comprensible davant les t\u00e8cniques avan\u00e7ades d\u2019avui dia), la por a les infeccions o a que les noves t\u00e8cniques no funcionin, la por als efectes de l\u2019anest\u00e8sia, sentiments de p\u00e8rdua de control o d&#8217;invasi\u00f3 de l&#8217;espai corporal, vergonya i experi\u00e8ncies pr\u00e8vies desagradables.<\/p>\n\n\n\n<p>Sens dubte, el primer efecte negatiu de les pors i de l&#8217;ansietat \u00e9s la conducta d&#8217;evitaci\u00f3 per part del pacient. Aquesta actitud d\u2019evasi\u00f3 interfereix en el seguiment del tractament. L&#8217;ansietat davant l&#8217;odontologia crea un cercle vici\u00f3s en el que l&#8217;evasi\u00f3 del tractament dental produeix un deteriorament de la dentici\u00f3 que origina sentiments de culpabilitat, de comprom\u00eds i d&#8217;inferioritat. Un estat bucal dolent, provocat en certa mesura per la seva conducta d&#8217;evasi\u00f3, redueix l&#8217;autoestima d&#8217;aquests individus i impedeix la consecuci\u00f3 d\u2019una qualitat de vida adequada.<\/p>\n\n\n\n<h2 class=\"wp-block-heading\"><span class=\"ez-toc-section\" id=\"Generar_confianca\"><\/span>Generar confian\u00e7a<span class=\"ez-toc-section-end\"><\/span><\/h2>\n\n\n\n<p>La millor manera de suportar aquesta por \u00e9s parlar-ho directament amb el dentista. Una vegada que coneixem els temors del pacient, tenim l&#8217;obligaci\u00f3, moral i professional, de fer tot el possible per generar-li confian\u00e7a i aconseguir el seu benestar.<\/p>\n\n\n\n<p>Participar del proc\u00e9s que portem a terme, explicant que \u00e9s el que li estem fent en cada moment, tamb\u00e9 pot ajudar el pacient, que d&#8217;aquesta manera es pot preparar per al seg\u00fcent pas del tractament. Pactar un senyal per tal que ens aturem en el moment en que es pot sentir inc\u00f2mode, o simplement per prendre aire, \u00e9s tamb\u00e9 una bona alternativa.<\/p>\n\n\n\n<p>En resum, molta dedicaci\u00f3 i comprensi\u00f3, i explicar de forma ben detallada al pacient tot el tractament, aix\u00ed com la forma que es realitzar\u00e0. Moltes persones desconeixen que avui dia, per exemple, per col\u00b7locar un implant, ja no \u00e9s necessari esperar mesos, sin\u00f3 que podem realitzar c\u00e0rregues immediates (implants i dents noves es poden posar en una sola sessi\u00f3). Simplificar els procediments \u00e9s reduir temps de feina i cost biol\u00f2gic, generant confian\u00e7a, acceptaci\u00f3 i seguretat en els pacients.<\/p>\n\n\n\n<h2 class=\"wp-block-heading\"><span class=\"ez-toc-section\" id=\"La_por_en_els_nens\"><\/span>La por en els nens<span class=\"ez-toc-section-end\"><\/span><\/h2>\n\n\n\n<p>Els nens no neixen amb por al dentista, sin\u00f3 que l&#8217;adquireixen tenint com a origen diferents circumst\u00e0ncies. Una d&#8217;elles s\u00f3n els pares, que sense voler expliquen de manera incorrecta o amb massa detall com ser\u00e0 aquesta nova experi\u00e8ncia i, en comptes de preparar-los, els generen por i angoixa. Altres vegades, per comentaris que els nens escolten dels seus amics, familiars i, fins i tot, del que poden sentir en converses alienes.<\/p>\n\n\n\n<p>Per reduir el temor, els pares juguen un paper fonamental. Una mesura aconsellable \u00e9s portar el seu fill al dentista des de nad\u00f3 per tal que es familiaritzi amb el consultori, amb el dentista i amb l&#8217;instrumental. Amb el temps, i seguint un proc\u00e9s normal de visites, tot li resultar\u00e0 m\u00e9s familiar i ser\u00e0 m\u00e9s dif\u00edcil que el nen es trobi davant d&#8217;un proc\u00e9s traum\u00e0tic.<\/p>\n\n\n\n<div class=\"wp-block-image\"><figure class=\"aligncenter\"><img decoding=\"async\" src=\"https:\/\/www.mgc.es\/wp-content\/uploads\/2012\/08\/por_dentista_2.jpg\" alt=\"Noia jove mostra un preci\u00f3s somriure\" class=\"wp-image-125\"\/><\/figure><\/div>\n\n\n\n<h2 class=\"wp-block-heading\"><span class=\"ez-toc-section\" id=\"Avencos_tecnologics\"><\/span>Aven\u00e7os tecnol\u00f2gics<span class=\"ez-toc-section-end\"><\/span><\/h2>\n\n\n\n<p>Avui dia, els aven\u00e7os tecnol\u00f2gics ens permeten practicar una odontologia m\u00ednimament invasiva, que \u00e9s aquella que es preocupa pel pacient oferint-li la m\u00e0xima efectivitat amb una m\u00ednima intervenci\u00f3. Les millores en l&#8217;\u00e0mbit de la tecnologia fan innecessari, en gran part dels casos, l&#8217;\u00fas del bistur\u00ed, amb la qual cosa es redueix el dolor i el sagnat, i la curaci\u00f3 i posterior cicatritzaci\u00f3 \u00e9s molt m\u00e9s r\u00e0pida.<\/p>\n\n\n\n<h3 class=\"wp-block-heading\">El l\u00e0ser odontol\u00f2gic<\/h3>\n\n\n\n<p>Principalment parlarem del l\u00e0ser Nd:YAG. Aquest es transmet mitjan\u00e7ant la fibra \u00f2ptica, el que permet una f\u00e0cil aplicaci\u00f3 d\u2019aquest tipus d&#8217;energia en aspectes anat\u00f2mics bucodentals de dif\u00edcil acc\u00e9s. Aquest fet, associat al potent efecte bactericida que produeix aquesta longitud d&#8217;ona, fa que sigui una eina ideal en els tractaments d&#8217;endod\u00f2ncia i de period\u00f2ncia, en els que milloren considerablement els resultats obtinguts respecte als de les t\u00e8cniques convencionals. Tamb\u00e9 s&#8217;utilitza en determinats tractaments de cirurgia bucal, principalment per a les ex\u00e8resis (extracci\u00f3) de lesions de teixits tous. Amb aquest tipus de l\u00e0ser es poden fer incisions clares, n\u00edtides i, a m\u00e9s, es requereix menys quantitat d&#8217;anest\u00e8sic local. Generalment, no \u00e9s necessari suturar. Els postoperatoris evolucionen, normalment, gaireb\u00e9 sense dolor ni edema, la cicatritzaci\u00f3 \u00e9s r\u00e0pida i no presenten complicacions postquir\u00fargiques.<\/p>\n\n\n\n<h3 class=\"wp-block-heading\">Biomaterials: Zirconi<\/h3>\n\n\n\n<p>Un dels grans aven\u00e7os en odontologia moderna, sens dubte, ha estat la utilitzaci\u00f3 de nous materials, destacant el zirconi, que permet realitzar pr\u00f2tesis d&#8217;excel\u00b7lent qualitat. Aquestes es dissenyen i fabriquen assistides per un ordinador CAD\/CAM, l&#8217;objectiu del qual \u00e9s elaborar pr\u00f2tesis lliures de metall, dotant al pacient d&#8217;una est\u00e8tica excel\u00b7lent. L&#8217;alta precisi\u00f3 i la seva perfecta adaptaci\u00f3, a m\u00e9s de la biocompatibilitat i de les seves excel\u00b7lents propietats biomec\u00e0niques, ofereix restauracions individualitzades amb una alta est\u00e8tica. La translucidesa proporciona la vitalitat que, juntament amb la porcellana de recobriment, fa que resulti quasi impossible distingir una pe\u00e7a restaurada d&#8217;una dent natural.<\/p>\n\n\n\n<h3 class=\"wp-block-heading\">Cirurgia guiada per ordinador<\/h3>\n\n\n\n<p>La cirurgia guiada per ordinador \u00e9s una disciplina recentment incorporada a l&#8217;odontologia per a la col\u00b7locaci\u00f3 d&#8217;implants dentals. Les cirurgies planificades per ordinador es realitzen a partir d&#8217;imatges axials procedents d&#8217;un TAC i les reconstruccions 2D i 3D generades pel software SimPlant. Aix\u00ed, es pot escollir la posici\u00f3, angulaci\u00f3 i propietats ideals per a la col\u00b7locaci\u00f3 dels implants, tenint en compte q\u00fcestions funcionals i est\u00e8tiques. Com \u00e9s una t\u00e8cnica m\u00ednimament invasiva, el pacient s&#8217;incorpora el mateix dia a la seva vida habitual amb les dents provisionals col\u00b7locades.<\/p>\n\n\n\n<h3 class=\"wp-block-heading\">Sedaci\u00f3<\/h3>\n\n\n\n<p>Les cl\u00edniques que disposen de quir\u00f2fan ofereixen la possibilitat de realitzar sedacions, amb el que aconseguim calmar l&#8217;estr\u00e8s dels pacients i, alhora, reduir el nombre de sessions per a la realitzaci\u00f3 d&#8217;un mateix tractament.<\/p>\n\n\n\n<p>En definitiva, tots els aven\u00e7os experimentats en la nostra disciplina la darrera d\u00e8cada ens permeten practicar una odontologia m\u00e9s moderna i efectiva que, sens dubte, quan l&#8217;expliquem als nostres pacients, abans i mentre dura el tractament, fan que la por a venir a les nostres consultes es redueixi considerablement.<\/p>\n","protected":false},"excerpt":{"rendered":"<p>S\u00f3n nombrosos els adults que pateixen la anomenada odontof\u00f2bia o f\u00f2bia dental, que s\u2019inclou entre les cinc f\u00f2bies contempor\u00e0nies m\u00e9s importants i prevalents del m\u00f3n.<\/p>\n","protected":false},"author":7,"featured_media":13525,"comment_status":"open","ping_status":"open","sticky":false,"template":"","format":"standard","meta":{"footnotes":""},"categories":[997,15],"tags":[387,404,406,407,413,463,454,488,506,522],"class_list":["post-11391","post","type-post","status-publish","format-standard","has-post-thumbnail","hentry","category-odontologia","category-salut","tag-ansietat","tag-cirurgia","tag-confianca","tag-consultori","tag-destacat","tag-nens","tag-por","tag-quirofan","tag-sedacio","tag-transtorn"],"featured_image_src":"https:\/\/www.mgc.es\/wp-content\/uploads\/2019\/11\/odontofobia_es.jpg","author_info":{"display_name":"Dr. Jos\u00e9 Jim\u00e9nez","author_link":"https:\/\/www.mgc.es\/ca\/blog\/author\/jjimenez\/"},"yoast_head":"<!-- This site is optimized with the Yoast SEO plugin v27.2 - https:\/\/yoast.com\/product\/yoast-seo-wordpress\/ -->\n<title>Odontof\u00f2bia: por al dentista - MGC M\u00fatua<\/title>\n<meta name=\"robots\" content=\"index, follow, max-snippet:-1, max-image-preview:large, max-video-preview:-1\" \/>\n<link rel=\"canonical\" href=\"https:\/\/www.mgc.es\/ca\/blog\/odontofobia-por-al-dentista\/\" \/>\n<meta property=\"og:locale\" content=\"ca_ES\" \/>\n<meta property=\"og:type\" content=\"article\" \/>\n<meta property=\"og:title\" content=\"Odontof\u00f2bia: por al dentista - MGC M\u00fatua\" \/>\n<meta property=\"og:description\" content=\"S\u00f3n nombrosos els adults que pateixen la anomenada odontof\u00f2bia o f\u00f2bia dental, que s\u2019inclou entre les cinc f\u00f2bies contempor\u00e0nies m\u00e9s importants i prevalents del m\u00f3n.\" \/>\n<meta property=\"og:url\" content=\"https:\/\/www.mgc.es\/ca\/blog\/odontofobia-por-al-dentista\/\" \/>\n<meta property=\"og:site_name\" content=\"MGC M\u00fatua\" \/>\n<meta property=\"article:publisher\" content=\"https:\/\/www.facebook.com\/mgcmutua\" \/>\n<meta property=\"article:published_time\" content=\"2012-06-30T22:00:00+00:00\" \/>\n<meta property=\"article:modified_time\" content=\"2020-02-12T16:13:41+00:00\" \/>\n<meta property=\"og:image\" content=\"https:\/\/www.mgc.es\/wp-content\/uploads\/2019\/11\/odontofobia_es.jpg\" \/>\n\t<meta property=\"og:image:width\" content=\"1000\" \/>\n\t<meta property=\"og:image:height\" content=\"288\" \/>\n\t<meta property=\"og:image:type\" content=\"image\/jpeg\" \/>\n<meta name=\"author\" content=\"Dr. Jos\u00e9 Jim\u00e9nez\" \/>\n<meta name=\"twitter:card\" content=\"summary_large_image\" \/>\n<meta name=\"twitter:creator\" content=\"@mgcmutua\" \/>\n<meta name=\"twitter:site\" content=\"@mgcmutua\" \/>\n<meta name=\"twitter:label1\" content=\"Escrit per\" \/>\n\t<meta name=\"twitter:data1\" content=\"Dr. Jos\u00e9 Jim\u00e9nez\" \/>\n\t<meta name=\"twitter:label2\" content=\"Temps estimat de lectura\" \/>\n\t<meta name=\"twitter:data2\" content=\"6 minuts\" \/>\n<!-- \/ Yoast SEO plugin. -->","yoast_head_json":{"title":"Odontof\u00f2bia: por al dentista - MGC M\u00fatua","robots":{"index":"index","follow":"follow","max-snippet":"max-snippet:-1","max-image-preview":"max-image-preview:large","max-video-preview":"max-video-preview:-1"},"canonical":"https:\/\/www.mgc.es\/ca\/blog\/odontofobia-por-al-dentista\/","og_locale":"ca_ES","og_type":"article","og_title":"Odontof\u00f2bia: por al dentista - MGC M\u00fatua","og_description":"S\u00f3n nombrosos els adults que pateixen la anomenada odontof\u00f2bia o f\u00f2bia dental, que s\u2019inclou entre les cinc f\u00f2bies contempor\u00e0nies m\u00e9s importants i prevalents del m\u00f3n.","og_url":"https:\/\/www.mgc.es\/ca\/blog\/odontofobia-por-al-dentista\/","og_site_name":"MGC M\u00fatua","article_publisher":"https:\/\/www.facebook.com\/mgcmutua","article_published_time":"2012-06-30T22:00:00+00:00","article_modified_time":"2020-02-12T16:13:41+00:00","og_image":[{"width":1000,"height":288,"url":"https:\/\/www.mgc.es\/wp-content\/uploads\/2019\/11\/odontofobia_es.jpg","type":"image\/jpeg"}],"author":"Dr. Jos\u00e9 Jim\u00e9nez","twitter_card":"summary_large_image","twitter_creator":"@mgcmutua","twitter_site":"@mgcmutua","twitter_misc":{"Escrit per":"Dr. Jos\u00e9 Jim\u00e9nez","Temps estimat de lectura":"6 minuts"},"schema":{"@context":"https:\/\/schema.org","@graph":[{"@type":["Article","BlogPosting"],"@id":"https:\/\/www.mgc.es\/ca\/blog\/odontofobia-por-al-dentista\/#article","isPartOf":{"@id":"https:\/\/www.mgc.es\/ca\/blog\/odontofobia-por-al-dentista\/"},"author":{"name":"Dr. Jos\u00e9 Jim\u00e9nez","@id":"https:\/\/www.mgc.es\/#\/schema\/person\/61c5b0556c22ed925d28a0df9e964af4"},"headline":"Odontof\u00f2bia: por al dentista","datePublished":"2012-06-30T22:00:00+00:00","dateModified":"2020-02-12T16:13:41+00:00","mainEntityOfPage":{"@id":"https:\/\/www.mgc.es\/ca\/blog\/odontofobia-por-al-dentista\/"},"wordCount":1163,"commentCount":0,"publisher":{"@id":"https:\/\/www.mgc.es\/#organization"},"image":{"@id":"https:\/\/www.mgc.es\/ca\/blog\/odontofobia-por-al-dentista\/#primaryimage"},"thumbnailUrl":"https:\/\/www.mgc.es\/wp-content\/uploads\/2019\/11\/odontofobia_es.jpg","keywords":["ansietat","cirurgia","confian\u00e7a","consultori","destacat","nens","por","quir\u00f2fan","sedaci\u00f3","transtorn"],"articleSection":["Odontologia","Salut i medicina"],"inLanguage":"ca","potentialAction":[{"@type":"CommentAction","name":"Comment","target":["https:\/\/www.mgc.es\/ca\/blog\/odontofobia-por-al-dentista\/#respond"]}]},{"@type":["WebPage","ItemPage"],"@id":"https:\/\/www.mgc.es\/ca\/blog\/odontofobia-por-al-dentista\/","url":"https:\/\/www.mgc.es\/ca\/blog\/odontofobia-por-al-dentista\/","name":"Odontof\u00f2bia: por al dentista - MGC M\u00fatua","isPartOf":{"@id":"https:\/\/www.mgc.es\/#website"},"primaryImageOfPage":{"@id":"https:\/\/www.mgc.es\/ca\/blog\/odontofobia-por-al-dentista\/#primaryimage"},"image":{"@id":"https:\/\/www.mgc.es\/ca\/blog\/odontofobia-por-al-dentista\/#primaryimage"},"thumbnailUrl":"https:\/\/www.mgc.es\/wp-content\/uploads\/2019\/11\/odontofobia_es.jpg","datePublished":"2012-06-30T22:00:00+00:00","dateModified":"2020-02-12T16:13:41+00:00","breadcrumb":{"@id":"https:\/\/www.mgc.es\/ca\/blog\/odontofobia-por-al-dentista\/#breadcrumb"},"inLanguage":"ca","potentialAction":[{"@type":"ReadAction","target":["https:\/\/www.mgc.es\/ca\/blog\/odontofobia-por-al-dentista\/"]}]},{"@type":"ImageObject","inLanguage":"ca","@id":"https:\/\/www.mgc.es\/ca\/blog\/odontofobia-por-al-dentista\/#primaryimage","url":"https:\/\/www.mgc.es\/wp-content\/uploads\/2019\/11\/odontofobia_es.jpg","contentUrl":"https:\/\/www.mgc.es\/wp-content\/uploads\/2019\/11\/odontofobia_es.jpg","width":1000,"height":288},{"@type":"BreadcrumbList","@id":"https:\/\/www.mgc.es\/ca\/blog\/odontofobia-por-al-dentista\/#breadcrumb","itemListElement":[{"@type":"ListItem","position":1,"name":"Home","item":"https:\/\/www.mgc.es\/ca\/"},{"@type":"ListItem","position":2,"name":"Odontof\u00f2bia: por al dentista"}]},{"@type":"WebSite","@id":"https:\/\/www.mgc.es\/#website","url":"https:\/\/www.mgc.es\/","name":"MGC M\u00fatua","description":"MGC M\u00fatua \u00e9s una entitat asseguradora sense \u00e0nim de lucre constitu\u00efda al 1982 i especialitzada en assegurances de salut i assist\u00e8ncia.","publisher":{"@id":"https:\/\/www.mgc.es\/#organization"},"alternateName":"MGC","potentialAction":[{"@type":"SearchAction","target":{"@type":"EntryPoint","urlTemplate":"https:\/\/www.mgc.es\/?s={search_term_string}"},"query-input":{"@type":"PropertyValueSpecification","valueRequired":true,"valueName":"search_term_string"}}],"inLanguage":"ca"},{"@type":"Organization","@id":"https:\/\/www.mgc.es\/#organization","name":"MGC Mutua","alternateName":"MGC","url":"https:\/\/www.mgc.es\/","logo":{"@type":"ImageObject","inLanguage":"ca","@id":"https:\/\/www.mgc.es\/#\/schema\/logo\/image\/","url":"https:\/\/www.mgc.es\/wp-content\/uploads\/2020\/03\/mgcmutua_h2_2t_reduccions.png","contentUrl":"https:\/\/www.mgc.es\/wp-content\/uploads\/2020\/03\/mgcmutua_h2_2t_reduccions.png","width":303,"height":165,"caption":"MGC Mutua"},"image":{"@id":"https:\/\/www.mgc.es\/#\/schema\/logo\/image\/"},"sameAs":["https:\/\/www.facebook.com\/mgcmutua","https:\/\/x.com\/mgcmutua","https:\/\/www.youtube.com\/c\/MGCMutua"]},{"@type":"Person","@id":"https:\/\/www.mgc.es\/#\/schema\/person\/61c5b0556c22ed925d28a0df9e964af4","name":"Dr. Jos\u00e9 Jim\u00e9nez","image":{"@type":"ImageObject","inLanguage":"ca","@id":"https:\/\/secure.gravatar.com\/avatar\/6a8d6d2ebbcf79780ab404880a5732378077e7eb41019cbb521433c8adc7a310?s=96&d=mm&r=g","url":"https:\/\/secure.gravatar.com\/avatar\/6a8d6d2ebbcf79780ab404880a5732378077e7eb41019cbb521433c8adc7a310?s=96&d=mm&r=g","contentUrl":"https:\/\/secure.gravatar.com\/avatar\/6a8d6d2ebbcf79780ab404880a5732378077e7eb41019cbb521433c8adc7a310?s=96&d=mm&r=g","caption":"Dr. Jos\u00e9 Jim\u00e9nez"}}]}},"_links":{"self":[{"href":"https:\/\/www.mgc.es\/ca\/wp-json\/wp\/v2\/posts\/11391","targetHints":{"allow":["GET"]}}],"collection":[{"href":"https:\/\/www.mgc.es\/ca\/wp-json\/wp\/v2\/posts"}],"about":[{"href":"https:\/\/www.mgc.es\/ca\/wp-json\/wp\/v2\/types\/post"}],"author":[{"embeddable":true,"href":"https:\/\/www.mgc.es\/ca\/wp-json\/wp\/v2\/users\/7"}],"replies":[{"embeddable":true,"href":"https:\/\/www.mgc.es\/ca\/wp-json\/wp\/v2\/comments?post=11391"}],"version-history":[{"count":2,"href":"https:\/\/www.mgc.es\/ca\/wp-json\/wp\/v2\/posts\/11391\/revisions"}],"predecessor-version":[{"id":17543,"href":"https:\/\/www.mgc.es\/ca\/wp-json\/wp\/v2\/posts\/11391\/revisions\/17543"}],"wp:featuredmedia":[{"embeddable":true,"href":"https:\/\/www.mgc.es\/ca\/wp-json\/wp\/v2\/media\/13525"}],"wp:attachment":[{"href":"https:\/\/www.mgc.es\/ca\/wp-json\/wp\/v2\/media?parent=11391"}],"wp:term":[{"taxonomy":"category","embeddable":true,"href":"https:\/\/www.mgc.es\/ca\/wp-json\/wp\/v2\/categories?post=11391"},{"taxonomy":"post_tag","embeddable":true,"href":"https:\/\/www.mgc.es\/ca\/wp-json\/wp\/v2\/tags?post=11391"}],"curies":[{"name":"wp","href":"https:\/\/api.w.org\/{rel}","templated":true}]}}