{"id":11389,"date":"2012-07-18T00:00:00","date_gmt":"2012-07-17T22:00:00","guid":{"rendered":"http:\/\/web-server-devel.mgc.es\/mhorroritza-el-masclisme-i-mhorroritza-el-feminisme-jo-crec-en-la-justicia-social\/"},"modified":"2020-01-14T13:47:20","modified_gmt":"2020-01-14T12:47:20","slug":"mhorroritza-el-masclisme-i-mhorroritza-el-feminisme-jo-crec-en-la-justicia-social","status":"publish","type":"post","link":"https:\/\/www.mgc.es\/ca\/blog\/mhorroritza-el-masclisme-i-mhorroritza-el-feminisme-jo-crec-en-la-justicia-social\/","title":{"rendered":"&#8220;M&#8217;horroritza el masclisme i m&#8217;horroritza el feminisme. Jo crec en la just\u00edcia social.&#8221;"},"content":{"rendered":"<p><img loading=\"lazy\" decoding=\"async\" class=\"alignleft size-full wp-image-85\" title=\"Santiago Dexeus\" src=\"https:\/\/www.mgc.es\/wp-content\/uploads\/2012\/07\/dexeus_1.jpg\" alt=\"Santiago Dexeus\" width=\"202\" height=\"315\" \/>Santiago Dexeus \u00e9s una persona amb la que \u00e9s molt f\u00e0cil conversar. Ginec\u00f2leg catal\u00e0 que gaudeix d&#8217;un gran reconeixement, va ser pioner i generador involuntari del canvi de mentalitat de moltes dones, pel fet de contribuir a normalitzar l&#8217;\u00fas dels anticonceptius. Des de molt jove va veure les difer\u00e8ncies de tracte que se&#8217;ls atorgava a homes i dones i <em>&#8220;sense adonar-me&#8217;n<\/em> \u2013ens diu\u2013 <em>vaig comen\u00e7ar a ser un defensor dels drets de la dona&#8221;<\/em>. Segurament per aix\u00f2 i per l&#8217;admiraci\u00f3 i el respecte que sent, des de l&#8217;exercici de la seva professi\u00f3 i des de la <a href=\"http:\/\/fundacionescueladexeus.org\">Fundaci\u00f3 Escola Dexeus<\/a>, continua la seva tasca de just\u00edcia amb el sexe femen\u00ed perqu\u00e8, per molt que hem avan\u00e7at, <em>&#8220;encara queda molt cam\u00ed per rec\u00f3rrer&#8221;<\/em>.<!--more--><\/p>\n<p><strong>Per qu\u00e8 es va fer metge i no periodista? Per qu\u00e8 va escollir la professi\u00f3 de ginec\u00f2leg?<\/strong><br \/>\nPer falta de valor. Sempre he dit que si no fos metge m&#8217;hagu\u00e9s agradat ser periodista. A casa meva hi havia tradici\u00f3 de metges i d&#8217;advocats i sortir d\u2019aquesta tradici\u00f3 era obrir un nou cam\u00ed, enfrontar-me a coses que no m&#8217;havien ensenyat a casa. La meva vida va estar encarrilada pel meu pare, una persona amb una for\u00e7a personal incre\u00efble, un metge excel\u00b7lent i molt reconegut. Era molt dif\u00edcil no seguir la tradici\u00f3, em vaig sentir quasi obligat. Va ser aix\u00ed com vaig trobar la meva vocaci\u00f3.<\/p>\n<p><strong>Procedent d&#8217;una nissaga de ginec\u00f2legs fundada pel seu pare a la que d\u00f3na continu\u00eftat el seu fill Damian. Dexeus ja gaireb\u00e9 ha deixat de ser un cognom per convertir-se en sin\u00f2nim de ginecologia de molt\u00edssima qualitat. Ara \u00e9s m\u00e9s una marca, una marca de prestigi. Se sent orgull\u00f3s d&#8217;haver aconseguit quelcom tant important?<\/strong><br \/>\nNo, perqu\u00e8 la marca ha estat un desastre, en el sentit que ja no estem on est\u00e0 ubicada.<\/p>\n<p><strong>Deixant de banda la pol\u00e8mica, vost\u00e8 \u00e9s Dexeus i continua la seva tasca al <a href=\"http:\/\/www.santiagodexeus.com\/ca\/\">Centre Ginecol\u00f2gic Santiago Dexeus<\/a>.<\/strong><br \/>\nS\u00ed, Dexeus som el meu fill i jo, aix\u00f2 vull que quedi ben clar, els altres s\u00f3n senyors que estan utilitzant la marca. Nosaltres estem aqu\u00ed, seguint exactament la l\u00ednia que va tra\u00e7ar el meu pare.<\/p>\n<p><strong>Quina \u00e9s aquesta l\u00ednia, quins s\u00f3n els valors Dexeus?<\/strong><br \/>\nTenir \u00e8tica, que no es defineix per ser de dretes o d&#8217;esquerres. L&#8217;\u00e8tica per a mi \u00e9s fer als altres exactament el que vols que et facin a tu. \u00c9s la meva \u00e8tica, una \u00e8tica personal que he apr\u00e9s a la meva fam\u00edlia i que m&#8217;ha ensenyat molta gent al llarg de la meva vida.<\/p>\n<p><strong>Qualitat humana, humilitat, empatia absoluta, sensibilitat&#8230; s\u00f3n aspectes que vost\u00e8 defensa i que tots hem de cultivar per\u00f2, per qu\u00e8 en particular els metges?<\/strong><br \/>\nA vegades les preguntes s\u00f3n respostes. Li far\u00e9 una pregunta: Vost\u00e8 qu\u00e8 vol, que un metge li dediqui un quart d&#8217;hora o tres minuts? Evidentment vull que un metge em dediqui el temps que necessito, ni m\u00e9s ni menys. No hi ha cap persona que quan va al metge no vulgui estar-hi una bona estona.<\/p>\n<p><strong>L&#8217;edat ens fa ser m\u00e9s comprensius o al contrari, ens insensibilitza?<\/strong><br \/>\nSi amb l&#8217;edat, malgrat que hagis passat moments molt durs a la teva vida, pots assolir un cert benestar \u2013amb salut\u2013 ets m\u00e9s comprensiu, molt menys extremista, m\u00e9s pacificador. El que perds en aptituds ho pots guanyar en saviesa. Ara, si la persona que envelleix est\u00e0 malament, \u00e9s l\u00f2gic que tingui por, que es torni m\u00e9s egoista i vulgui cridar l&#8217;atenci\u00f3 constantment.<\/p>\n<p><img loading=\"lazy\" decoding=\"async\" class=\"alignright size-full wp-image-86\" title=\"Santiago Dexeus\" src=\"https:\/\/www.mgc.es\/wp-content\/uploads\/2012\/07\/dexeus_2.jpg\" alt=\"Santiago Dexeus\" width=\"239\" height=\"315\" \/><br \/>\n<strong>Parlem de ginecologia i prevenci\u00f3. Moltes vegades posposem la visita al ginec\u00f2leg per mandra o per manca de temps. Com argumentaria la import\u00e0ncia de la revisi\u00f3 ginecol\u00f2gica?<\/strong><br \/>\nAmb informaci\u00f3. Tot \u00e9s cultura. Quan vam comen\u00e7ar a fer campanyes els anys 60 de diagn\u00f2stic preco\u00e7 de c\u00e0ncer de coll de matriu, an\u00e0vem per les f\u00e0briques explicant qu\u00e8 \u00e9s una citologia i perqu\u00e8 era tant important, i totes les dones anaven al ginec\u00f2leg. &#8216;Faci&#8217;m el Papanicolau&#8217;, ens deien. Ara, amb la vacuna del Virus del Papil\u00b7loma Hum\u00e0 (una de les infeccions de transmissi\u00f3 sexual m\u00e9s comunes, causant del c\u00e0ncer d\u2019\u00fater) avan\u00e7arem encara m\u00e9s. Avui, \u00e9s molt dif\u00edcil trobar un c\u00e0ncer de matriu avan\u00e7at en poblacions ben informades.<br \/>\nPel que fa al c\u00e0ncer de mama, hem vist que amb els canvis d&#8217;estil de vida en l&#8217;alimentaci\u00f3, amb dietes m\u00e9s grasses, els casos han augmentat, per\u00f2 si es fan campanyes de prevenci\u00f3 i de detecci\u00f3 preco\u00e7, i els periodistes en parlen, s&#8217;aconsegueix que les dones siguin m\u00e9s estrictes amb les revisions.<\/p>\n<p><strong>Vost\u00e8 es declara admirador absolut de la dona. Per qu\u00e8 l&#8217;admira i la defensa tant?<\/strong><br \/>\nQuan tenia 18 anys vaig con\u00e8ixer la dona que uns anys despr\u00e9s es va casar amb mi. En aquella \u00e8poca erem uns 120 alumnes de medicina i 4 dones, i jo veia com eren discriminades pels professors, com els feien brometes i coses inversemblants, que ara es considerarien <em>mobbing<\/em> o assetjament. Eren estudiantes de medicina, futures metgesses! Si ets jove et revoltes contra aix\u00f2, t&#8217;importen les injust\u00edcies, veus que aix\u00f2 no pot continuar aix\u00ed. Per aquest motiu vaig comen\u00e7ar, sense adonar-me&#8217;n, a ser un defensor dels drets de la dona. M&#8217;horroritza el masclisme i m&#8217;horroritza el feminisme. Jo crec en la just\u00edcia social i hem avan\u00e7at molt, per\u00f2 a la dona encara li queda molt cam\u00ed per rec\u00f3rrer.<\/p>\n<p><strong>Metge i professor, fa confer\u00e8ncies, taules rodones, escriu articles, llibres&#8230; t\u00e9 afany de divulgar, de compartir els seus coneixements. Quin \u00e9s el seu missatge principal?<\/strong><br \/>\nEl que li he dit abans, ser coherent amb les idees que tenia als 18 anys. A mi ja no em podran canviar, continuar\u00e9 al peu del can\u00f3 mentre pugui.<\/p>\n<p><strong>Quina \u00e9s la seva \u00f2pera preferida?<\/strong><br \/>\nNabucco. Perqu\u00e8 em porta molts records. M&#8217;agraden molt els cors. Nom\u00e9s de pensar-hi se&#8217;m posa la pell de gallina. Jo vaig entrar molt malament a l&#8217;\u00f2pera, perqu\u00e8 era un nen de fam\u00edlia burgesa benestant i anar al Liceu era anar a veure les nenes, ens importava un &#8220;bledo&#8221; l&#8217;\u00f2pera. Per\u00f2 amb la meva dona, la Vicky, era diferent, li agradava molt, i quan va estar molt malalta ja no l&#8217;escoltava, i m&#8217;ha costat molt tornar a escoltar \u00f2pera pensant en la Vicky, en com li agradava, per\u00f2 l&#8217;altre dia vaig comen\u00e7ar a sentir-la de nou. La m\u00fasica t\u00e9 un inconvenient terrible, per a mi, arrossega els teus sentiments i no pots estar fent una altra cosa, no pots estar escrivint i escoltant a la vegada, has d&#8217;escoltar-la plenament; i t\u00e9 un enorme avantatge, i \u00e9s que acosta els pobles. Si escolto una samba tinc ganes de ballar la samba, si \u00e9s un pasdoble, tamb\u00e9 vull ballar i quan estem tots a casa, m&#8217;agrada posar un disc i ballar tots.<\/p>\n<p><strong>Qu\u00e8 va veure ahir a la tele?<\/strong><br \/>\nRes. Ahir vaig anar a sopar amb la meva filla i l&#8217;Albert Om. Abans d&#8217;ahir vaig veure un programa fant\u00e0stic, un documental sobre la segona Guerra Mundial amb imatges filmades pels propis soldats. Hi havia imatges esfere\u00efdores. Tamb\u00e9 m&#8217;agrada &#8220;Cu\u00e9ntame como pas\u00f3&#8221; i &#8220;El convidat&#8221;, per descomptat.<\/p>\n<p><strong>Recomanaria sortir fora, veure m\u00f3n?<\/strong><br \/>\nS\u00ed. Si molts pol\u00edtics haguessin sortit una mica m\u00e9s, potser no tindr\u00edem ambaixades a l\u2019exterior ni sous astron\u00f2mics, i, per altra banda, tamb\u00e9 recomanaria als metges, si fos possible, que passessin una malaltia greu abans de ser metges.<\/p>\n<p><strong>Qu\u00e8 \u00e9s per a vost\u00e8 l&#8217;amor?<\/strong><br \/>\nL&#8217;entrega total. L&#8217;amor \u00e9s respectar la persona, estimar-la amb els seus defectes, que si hi s\u00f3n no tenen perqu\u00e8 molestar-te de forma personal. El f\u00edsic \u00e9s important, \u00e9s cert. El sexe \u00e9s entrega total a l&#8217;altre. Despr\u00e9s hi ha una part de l&#8217;amor que \u00e9s molt important i que molt poca gent arriba a aconseguir, que \u00e9s quan la persona ja ha canviat per efecte de les malalties i per la vellesa&#8230; i saber continuar estimant-la, recordant el que era, i sentir que encara \u00e9s aix\u00ed.<\/p>\n<p><strong>&#8230;i l\u2019\u00e8xit?<\/strong><br \/>\nUn perill terrible. Si t&#8217;ho creus i et creus la imatge que el p\u00fablic d\u00f3na de tu, ja est\u00e0s perdut. No existeix l&#8217;\u00e8xit. L&#8217;\u00e8xit \u00e9s treballar cada dia.<\/p>\n","protected":false},"excerpt":{"rendered":"<p>Santiago Dexeus \u00e9s una persona amb la que \u00e9s molt f\u00e0cil conversar. Ginec\u00f2leg catal\u00e0 que gaudeix d&#8217;un gran reconeixement, va ser pioner i generador involuntari del canvi de mentalitat de moltes dones, pel fet de contribuir a normalitzar l&#8217;\u00fas dels anticonceptius. Des de molt jove va veure les difer\u00e8ncies de tracte que se&#8217;ls atorgava a [&hellip;]<\/p>\n","protected":false},"author":3,"featured_media":13519,"comment_status":"open","ping_status":"open","sticky":false,"template":"","format":"standard","meta":{"footnotes":""},"categories":[11],"tags":[456,460,532],"class_list":["post-11389","post","type-post","status-publish","format-standard","has-post-thumbnail","hentry","category-actualitat","tag-dona","tag-metge","tag-uter"],"featured_image_src":"https:\/\/www.mgc.es\/wp-content\/uploads\/2019\/11\/dexeus_1.jpg","author_info":{"display_name":"Revista Inter\u00e8s Mutu","author_link":"https:\/\/www.mgc.es\/ca\/blog\/author\/interesmutu\/"},"yoast_head":"<!-- This site is optimized with the Yoast SEO plugin v27.2 - https:\/\/yoast.com\/product\/yoast-seo-wordpress\/ -->\n<title>&quot;M&#039;horroritza el masclisme i m&#039;horroritza el feminisme. Jo crec en la just\u00edcia social.&quot; - MGC M\u00fatua<\/title>\n<meta name=\"robots\" content=\"index, follow, max-snippet:-1, max-image-preview:large, max-video-preview:-1\" \/>\n<link rel=\"canonical\" href=\"https:\/\/www.mgc.es\/ca\/blog\/mhorroritza-el-masclisme-i-mhorroritza-el-feminisme-jo-crec-en-la-justicia-social\/\" \/>\n<meta property=\"og:locale\" content=\"ca_ES\" \/>\n<meta property=\"og:type\" content=\"article\" \/>\n<meta property=\"og:title\" content=\"&quot;M&#039;horroritza el masclisme i m&#039;horroritza el feminisme. Jo crec en la just\u00edcia social.&quot; - MGC M\u00fatua\" \/>\n<meta property=\"og:description\" content=\"Santiago Dexeus \u00e9s una persona amb la que \u00e9s molt f\u00e0cil conversar. Ginec\u00f2leg catal\u00e0 que gaudeix d&#8217;un gran reconeixement, va ser pioner i generador involuntari del canvi de mentalitat de moltes dones, pel fet de contribuir a normalitzar l&#8217;\u00fas dels anticonceptius. Des de molt jove va veure les difer\u00e8ncies de tracte que se&#8217;ls atorgava a [&hellip;]\" \/>\n<meta property=\"og:url\" content=\"https:\/\/www.mgc.es\/ca\/blog\/mhorroritza-el-masclisme-i-mhorroritza-el-feminisme-jo-crec-en-la-justicia-social\/\" \/>\n<meta property=\"og:site_name\" content=\"MGC M\u00fatua\" \/>\n<meta property=\"article:publisher\" content=\"https:\/\/www.facebook.com\/mgcmutua\" \/>\n<meta property=\"article:published_time\" content=\"2012-07-17T22:00:00+00:00\" \/>\n<meta property=\"article:modified_time\" content=\"2020-01-14T12:47:20+00:00\" \/>\n<meta property=\"og:image\" content=\"https:\/\/www.mgc.es\/wp-content\/uploads\/2019\/11\/dexeus_1.jpg\" \/>\n\t<meta property=\"og:image:width\" content=\"202\" \/>\n\t<meta property=\"og:image:height\" content=\"315\" \/>\n\t<meta property=\"og:image:type\" content=\"image\/jpeg\" \/>\n<meta name=\"author\" content=\"Revista Inter\u00e8s Mutu\" \/>\n<meta name=\"twitter:card\" content=\"summary_large_image\" \/>\n<meta name=\"twitter:creator\" content=\"@mgcmutua\" \/>\n<meta name=\"twitter:site\" content=\"@mgcmutua\" \/>\n<meta name=\"twitter:label1\" content=\"Escrit per\" \/>\n\t<meta name=\"twitter:data1\" content=\"Revista Inter\u00e8s Mutu\" \/>\n\t<meta name=\"twitter:label2\" content=\"Temps estimat de lectura\" \/>\n\t<meta name=\"twitter:data2\" content=\"7 minuts\" \/>\n<!-- \/ Yoast SEO plugin. -->","yoast_head_json":{"title":"\"M'horroritza el masclisme i m'horroritza el feminisme. Jo crec en la just\u00edcia social.\" - MGC M\u00fatua","robots":{"index":"index","follow":"follow","max-snippet":"max-snippet:-1","max-image-preview":"max-image-preview:large","max-video-preview":"max-video-preview:-1"},"canonical":"https:\/\/www.mgc.es\/ca\/blog\/mhorroritza-el-masclisme-i-mhorroritza-el-feminisme-jo-crec-en-la-justicia-social\/","og_locale":"ca_ES","og_type":"article","og_title":"\"M'horroritza el masclisme i m'horroritza el feminisme. Jo crec en la just\u00edcia social.\" - MGC M\u00fatua","og_description":"Santiago Dexeus \u00e9s una persona amb la que \u00e9s molt f\u00e0cil conversar. Ginec\u00f2leg catal\u00e0 que gaudeix d&#8217;un gran reconeixement, va ser pioner i generador involuntari del canvi de mentalitat de moltes dones, pel fet de contribuir a normalitzar l&#8217;\u00fas dels anticonceptius. Des de molt jove va veure les difer\u00e8ncies de tracte que se&#8217;ls atorgava a [&hellip;]","og_url":"https:\/\/www.mgc.es\/ca\/blog\/mhorroritza-el-masclisme-i-mhorroritza-el-feminisme-jo-crec-en-la-justicia-social\/","og_site_name":"MGC M\u00fatua","article_publisher":"https:\/\/www.facebook.com\/mgcmutua","article_published_time":"2012-07-17T22:00:00+00:00","article_modified_time":"2020-01-14T12:47:20+00:00","og_image":[{"width":202,"height":315,"url":"https:\/\/www.mgc.es\/wp-content\/uploads\/2019\/11\/dexeus_1.jpg","type":"image\/jpeg"}],"author":"Revista Inter\u00e8s Mutu","twitter_card":"summary_large_image","twitter_creator":"@mgcmutua","twitter_site":"@mgcmutua","twitter_misc":{"Escrit per":"Revista Inter\u00e8s Mutu","Temps estimat de lectura":"7 minuts"},"schema":{"@context":"https:\/\/schema.org","@graph":[{"@type":["Article","BlogPosting"],"@id":"https:\/\/www.mgc.es\/ca\/blog\/mhorroritza-el-masclisme-i-mhorroritza-el-feminisme-jo-crec-en-la-justicia-social\/#article","isPartOf":{"@id":"https:\/\/www.mgc.es\/ca\/blog\/mhorroritza-el-masclisme-i-mhorroritza-el-feminisme-jo-crec-en-la-justicia-social\/"},"author":{"name":"Revista Inter\u00e8s Mutu","@id":"https:\/\/www.mgc.es\/#\/schema\/person\/010c961d9c9acf38f11187a02b646c16"},"headline":"&#8220;M&#8217;horroritza el masclisme i m&#8217;horroritza el feminisme. Jo crec en la just\u00edcia social.&#8221;","datePublished":"2012-07-17T22:00:00+00:00","dateModified":"2020-01-14T12:47:20+00:00","mainEntityOfPage":{"@id":"https:\/\/www.mgc.es\/ca\/blog\/mhorroritza-el-masclisme-i-mhorroritza-el-feminisme-jo-crec-en-la-justicia-social\/"},"wordCount":1417,"commentCount":0,"publisher":{"@id":"https:\/\/www.mgc.es\/#organization"},"image":{"@id":"https:\/\/www.mgc.es\/ca\/blog\/mhorroritza-el-masclisme-i-mhorroritza-el-feminisme-jo-crec-en-la-justicia-social\/#primaryimage"},"thumbnailUrl":"https:\/\/www.mgc.es\/wp-content\/uploads\/2019\/11\/dexeus_1.jpg","keywords":["dona","metge","\u00f9ter"],"articleSection":["Actualitat M\u00fatua"],"inLanguage":"ca","potentialAction":[{"@type":"CommentAction","name":"Comment","target":["https:\/\/www.mgc.es\/ca\/blog\/mhorroritza-el-masclisme-i-mhorroritza-el-feminisme-jo-crec-en-la-justicia-social\/#respond"]}]},{"@type":["WebPage","ItemPage"],"@id":"https:\/\/www.mgc.es\/ca\/blog\/mhorroritza-el-masclisme-i-mhorroritza-el-feminisme-jo-crec-en-la-justicia-social\/","url":"https:\/\/www.mgc.es\/ca\/blog\/mhorroritza-el-masclisme-i-mhorroritza-el-feminisme-jo-crec-en-la-justicia-social\/","name":"\"M'horroritza el masclisme i m'horroritza el feminisme. Jo crec en la just\u00edcia social.\" - MGC M\u00fatua","isPartOf":{"@id":"https:\/\/www.mgc.es\/#website"},"primaryImageOfPage":{"@id":"https:\/\/www.mgc.es\/ca\/blog\/mhorroritza-el-masclisme-i-mhorroritza-el-feminisme-jo-crec-en-la-justicia-social\/#primaryimage"},"image":{"@id":"https:\/\/www.mgc.es\/ca\/blog\/mhorroritza-el-masclisme-i-mhorroritza-el-feminisme-jo-crec-en-la-justicia-social\/#primaryimage"},"thumbnailUrl":"https:\/\/www.mgc.es\/wp-content\/uploads\/2019\/11\/dexeus_1.jpg","datePublished":"2012-07-17T22:00:00+00:00","dateModified":"2020-01-14T12:47:20+00:00","breadcrumb":{"@id":"https:\/\/www.mgc.es\/ca\/blog\/mhorroritza-el-masclisme-i-mhorroritza-el-feminisme-jo-crec-en-la-justicia-social\/#breadcrumb"},"inLanguage":"ca","potentialAction":[{"@type":"ReadAction","target":["https:\/\/www.mgc.es\/ca\/blog\/mhorroritza-el-masclisme-i-mhorroritza-el-feminisme-jo-crec-en-la-justicia-social\/"]}]},{"@type":"ImageObject","inLanguage":"ca","@id":"https:\/\/www.mgc.es\/ca\/blog\/mhorroritza-el-masclisme-i-mhorroritza-el-feminisme-jo-crec-en-la-justicia-social\/#primaryimage","url":"https:\/\/www.mgc.es\/wp-content\/uploads\/2019\/11\/dexeus_1.jpg","contentUrl":"https:\/\/www.mgc.es\/wp-content\/uploads\/2019\/11\/dexeus_1.jpg","width":202,"height":315},{"@type":"BreadcrumbList","@id":"https:\/\/www.mgc.es\/ca\/blog\/mhorroritza-el-masclisme-i-mhorroritza-el-feminisme-jo-crec-en-la-justicia-social\/#breadcrumb","itemListElement":[{"@type":"ListItem","position":1,"name":"Home","item":"https:\/\/www.mgc.es\/ca\/"},{"@type":"ListItem","position":2,"name":"&#8220;M&#8217;horroritza el masclisme i m&#8217;horroritza el feminisme. Jo crec en la just\u00edcia social.&#8221;"}]},{"@type":"WebSite","@id":"https:\/\/www.mgc.es\/#website","url":"https:\/\/www.mgc.es\/","name":"MGC M\u00fatua","description":"MGC M\u00fatua \u00e9s una entitat asseguradora sense \u00e0nim de lucre constitu\u00efda al 1982 i especialitzada en assegurances de salut i assist\u00e8ncia.","publisher":{"@id":"https:\/\/www.mgc.es\/#organization"},"alternateName":"MGC","potentialAction":[{"@type":"SearchAction","target":{"@type":"EntryPoint","urlTemplate":"https:\/\/www.mgc.es\/?s={search_term_string}"},"query-input":{"@type":"PropertyValueSpecification","valueRequired":true,"valueName":"search_term_string"}}],"inLanguage":"ca"},{"@type":"Organization","@id":"https:\/\/www.mgc.es\/#organization","name":"MGC Mutua","alternateName":"MGC","url":"https:\/\/www.mgc.es\/","logo":{"@type":"ImageObject","inLanguage":"ca","@id":"https:\/\/www.mgc.es\/#\/schema\/logo\/image\/","url":"https:\/\/www.mgc.es\/wp-content\/uploads\/2020\/03\/mgcmutua_h2_2t_reduccions.png","contentUrl":"https:\/\/www.mgc.es\/wp-content\/uploads\/2020\/03\/mgcmutua_h2_2t_reduccions.png","width":303,"height":165,"caption":"MGC Mutua"},"image":{"@id":"https:\/\/www.mgc.es\/#\/schema\/logo\/image\/"},"sameAs":["https:\/\/www.facebook.com\/mgcmutua","https:\/\/x.com\/mgcmutua","https:\/\/www.youtube.com\/c\/MGCMutua"]},{"@type":"Person","@id":"https:\/\/www.mgc.es\/#\/schema\/person\/010c961d9c9acf38f11187a02b646c16","name":"Revista Inter\u00e8s Mutu","image":{"@type":"ImageObject","inLanguage":"ca","@id":"https:\/\/secure.gravatar.com\/avatar\/52302d684339b9d7bf5691e2ad00835d62ce3b4a435f21ca9f21fbe39c63cb1b?s=96&d=mm&r=g","url":"https:\/\/secure.gravatar.com\/avatar\/52302d684339b9d7bf5691e2ad00835d62ce3b4a435f21ca9f21fbe39c63cb1b?s=96&d=mm&r=g","contentUrl":"https:\/\/secure.gravatar.com\/avatar\/52302d684339b9d7bf5691e2ad00835d62ce3b4a435f21ca9f21fbe39c63cb1b?s=96&d=mm&r=g","caption":"Revista Inter\u00e8s Mutu"}}]}},"_links":{"self":[{"href":"https:\/\/www.mgc.es\/ca\/wp-json\/wp\/v2\/posts\/11389","targetHints":{"allow":["GET"]}}],"collection":[{"href":"https:\/\/www.mgc.es\/ca\/wp-json\/wp\/v2\/posts"}],"about":[{"href":"https:\/\/www.mgc.es\/ca\/wp-json\/wp\/v2\/types\/post"}],"author":[{"embeddable":true,"href":"https:\/\/www.mgc.es\/ca\/wp-json\/wp\/v2\/users\/3"}],"replies":[{"embeddable":true,"href":"https:\/\/www.mgc.es\/ca\/wp-json\/wp\/v2\/comments?post=11389"}],"version-history":[{"count":1,"href":"https:\/\/www.mgc.es\/ca\/wp-json\/wp\/v2\/posts\/11389\/revisions"}],"predecessor-version":[{"id":14906,"href":"https:\/\/www.mgc.es\/ca\/wp-json\/wp\/v2\/posts\/11389\/revisions\/14906"}],"wp:featuredmedia":[{"embeddable":true,"href":"https:\/\/www.mgc.es\/ca\/wp-json\/wp\/v2\/media\/13519"}],"wp:attachment":[{"href":"https:\/\/www.mgc.es\/ca\/wp-json\/wp\/v2\/media?parent=11389"}],"wp:term":[{"taxonomy":"category","embeddable":true,"href":"https:\/\/www.mgc.es\/ca\/wp-json\/wp\/v2\/categories?post=11389"},{"taxonomy":"post_tag","embeddable":true,"href":"https:\/\/www.mgc.es\/ca\/wp-json\/wp\/v2\/tags?post=11389"}],"curies":[{"name":"wp","href":"https:\/\/api.w.org\/{rel}","templated":true}]}}